{"id":4985,"date":"2012-11-11T12:19:47","date_gmt":"2012-11-11T15:19:47","guid":{"rendered":"http:\/\/www.24baires.com\/?p=4985"},"modified":"2012-11-11T12:19:47","modified_gmt":"2012-11-11T15:19:47","slug":"cuando-la-justicia-reconocio-mi-nombre-me-sente-y-llore","status":"publish","type":"post","link":"https:\/\/www.24baires.com\/?p=4985","title":{"rendered":"\u00abCuando la Justicia reconoci\u00f3 mi nombre, me sent\u00e9 y llor\u00e9\u00bb"},"content":{"rendered":"<p><img data-recalc-dims=\"1\" loading=\"lazy\" decoding=\"async\" class=\"aligncenter size-full wp-image-4986\" title=\"castro daniela\" src=\"https:\/\/i0.wp.com\/www.24baires.com\/wp-content\/uploads\/2012\/11\/castro-daniela.jpg?resize=560%2C351\" alt=\"\" width=\"560\" height=\"351\" srcset=\"https:\/\/i0.wp.com\/www.24baires.com\/wp-content\/uploads\/2012\/11\/castro-daniela.jpg?w=560&amp;ssl=1 560w, https:\/\/i0.wp.com\/www.24baires.com\/wp-content\/uploads\/2012\/11\/castro-daniela.jpg?resize=300%2C188&amp;ssl=1 300w\" sizes=\"auto, (max-width: 560px) 100vw, 560px\" \/><\/p>\n<p>Daniela Castro asumi\u00f3 el 1 de octubre como responsable de la delegaci\u00f3n Mar del Plata de la Secretar\u00eda de Derechos Humanos de la provincia de Buenos Aires, <strong>y se convirti\u00f3 en la primera trans de todo el pa\u00eds en ocupar un cargo p\u00fablico.<\/strong> Pero para Daniela esa no fue esa la \u00fanica \u201cprimera vez\u201d: a mediados del a\u00f1o pasado, luego de un fallo de la Justicia, fue la primera en obtener en \u00e1mbito bonaerense el DNI que reconoce su identidad y tambi\u00e9n, como candidata a concejal de General Pueyrredon, cubri\u00f3 el cupo femenino que exige la ley; algo in\u00e9dito a nivel nacional.<!--more--><\/p>\n<p>En una extensa charla con 0223.com.ar, Daniela habl\u00f3 sobre sus inicios en la militancia social -que arranc\u00f3 en 2001, cuando la necesidad la llev\u00f3 a tener que coser bolsillos de camperas por un plan social de 150 pesos mensuales- y de los desaf\u00edos que le impone la nueva designaci\u00f3n. En el medio, la aceptaci\u00f3n de su familia, su inserci\u00f3n laboral, los meses detenida por vestirse con ropa \u201cno adecuada\u201d a su sexo, seg\u00fan lo establec\u00eda el C\u00f3digo Penal, y el reconocimiento de sus derechos.<\/p>\n<p><strong>Un bolsillo, cinco centavos<\/strong><\/p>\n<p><em>-\u00bfC\u00f3mo comenz\u00f3 tu militancia en el campo social y de los derechos humanos?<\/em><\/p>\n<p>-Todo empez\u00f3 por una cuesti\u00f3n personal. Siempre pens\u00e9 que si es no, es no y no hay problema, pero me tengo que ir contenta. Pero, por mi situaci\u00f3n de g\u00e9nero, dir\u00eda que el 70% de los &#8216;no&#8217; no ten\u00edan razonamiento l\u00f3gico y ah\u00ed empez\u00f3 mi militancia. Por qu\u00e9 no, si yo puedo, si soy una ciudadana igual que cualquiera y mi situaci\u00f3n de g\u00e9nero no era algo que me imposibilitaba tener un acceso al trabajo digno, a ir al hospital y ser respetada; a que me internaran como correspond\u00eda y no me dejaran tirada en un pasillo como si fuera una cosa. Por suerte, a lo largo de mi vida tuve compa\u00f1eros y compa\u00f1eras que entendieron que estaba loca pero que la posibilidad de seguirme estaba buena. Tengo la firme idea de que en forma individual no se llega a nada y siempre vas a ser una loca gritando y nada m\u00e1s. Ahora, si ya son cinco o seis locos, alguno va a pensar que algo debe pasar.<\/p>\n<p><em>&#8211; \u00bfC\u00f3mo lleg\u00e1s a ingresar a la Central de los Trabajadores Argentinos?<\/em><\/p>\n<p>&#8211; Entre los a\u00f1os 1999 y 2000, empec\u00e9 a trabajar en un ropero comunitario, durante la primera etapa de los planes sociales, cuando se cobraban 150 pesos por mes. Yo estaba sin trabajo porque mi pareja de ese entonces, jugador de b\u00e1squet, se cay\u00f3 y se rompi\u00f3 la rodilla y estuvo seis meses inhabilitado. \u00c9l trabajaba en negro y eso implicaba que si no trabajaba, no cobraba; as\u00ed que, a trav\u00e9s de conocidos de conocidos logr\u00e9 que me incorporaran con un plan social que hab\u00eda que contraprestarlo cuatro horas por d\u00eda. Estuve en el barrio Parque Palermo, donde aprend\u00ed a coser y a tejer muy r\u00e1pido y a los 15 d\u00edas ya estaba arreglando ropa que donaban. Ah\u00ed estuve casi siete meses y eso hizo que una conocida me tomara en su taller para empezar a coser bolsillos de la parte de adentro de las camperas. Me pagaban cinco centavos el bolsillo y eso me salv\u00f3 la vida porque yo necesitaba trabajar y sentirme digna de lo que hac\u00eda.<\/p>\n<p>En medio de todo ese proceso, se remueve la gesti\u00f3n pol\u00edtica y sindical de la CTA y me dicen que presente un curr\u00edculum para ver si necesitaban personal administrativo. Para qu\u00e9, pens\u00e9, si otra vez iba a recibir un sopapo en la cara, pero me termin\u00e9 convenciendo de que un sopapo m\u00e1s ya no me hac\u00eda nada, as\u00ed que lo present\u00e9 y a los diez d\u00edas me llamaron. Mi militancia m\u00e1s profunda arranca dentro de la Central, de la mano de Ra\u00fal Calamante, uno de mis padrinos pol\u00edticos indiscutibles y eso tuvo sus frutos: llegu\u00e9 a ser dirigente de la mesa regional de CTA. Despu\u00e9s, en 2007, me fui a la Secretar\u00eda de Derechos Humanos.<\/p>\n<p><em>&#8211; \u00bfQu\u00e9 era la Asociaci\u00f3n por la Igualdad de los Derechos?<\/em><\/p>\n<p>&#8211; Fue una organizaci\u00f3n que armamos despu\u00e9s de que Vilma Baragiola, en ese entonces, en Desarrollo Social, me plante\u00f3 que quer\u00eda trabajar con diversidad, que quer\u00eda ayudar a las compa\u00f1eras de la calle. En un primer momento dud\u00e9 pero me termin\u00f3 convenciendo y se arm\u00f3 el programa \u201cPor un mundo con lugar para todos\u201d.<\/p>\n<p><em>&#8211; \u00bfPor qu\u00e9 las dudas?<\/em><\/p>\n<p>&#8211; Porque la poblaci\u00f3n trans no es f\u00e1cil: venimos muy vapuleadas, recibiendo el sopapo constante y a veces no todas ni todos tenemos la capacidad de canalizar eso por otro lado y dejar que la vida contin\u00fae. Es una sumatoria de situaciones y de cosas. No es por victimizar a la poblaci\u00f3n \u2013yo menos que nadie- pero le propongo a cualquier persona que dice que las travestis son violentas y dem\u00e1s, a que las acompa\u00f1en a caminar un d\u00eda por la calle y que en cada esquina, escuche las barbaridades que les gritan. Llevar esa carga como si nadie estuviera diciendo nada, no es f\u00e1cil. Tenemos compa\u00f1eras que en determinado momento de su vida dejaron de salir a la calle y su vida pasaba \u00fanicamente por prostituirse. En ese tiempo, encima, ten\u00edamos el inconveniente de los art\u00edculos 92 y 98 del C\u00f3digo Penal, que nos imped\u00edan circular por la calle con ropa no adecuada al sexo. Yo sal\u00eda a comprar pan a la vuelta de mi casa y volv\u00eda treinta d\u00edas despu\u00e9s porque me cruzaba un patrullero, me levantaba por c\u00f3mo estaba vestida. Al final, me fumaba treinta d\u00edas adentro por haber ido a comprar pan.<\/p>\n<p><em>&#8211; \u00bfMuchas veces terminaste detenida?<\/em><\/p>\n<p>&#8211; S\u00ed, \u00a1infinidad de veces! El otro d\u00eda, en una charla de detenidos y desaparecidos, contaba que si bien no viv\u00ed la \u00e9poca de la dictadura, viv\u00ed la otra dictadura, que era \u00e9sta. Si yo sumo cada uno de los 30 d\u00edas que viv\u00ed en las comisar\u00edas de Mar del Plata, son varios a\u00f1os que perd\u00ed injustamente.<\/p>\n<p><em>&#8211; \u00bfC\u00f3mo continu\u00f3 el programa?<\/em><\/p>\n<p>&#8211; La verdad, la Municipalidad no estaba preparada para estas cosas y Vilma tuvo que bancarse muchos sapos pero no le import\u00f3. Hac\u00edamos los fines de semana operativos en calle que consist\u00edan en recorridas por las zonas rojas. Lamentablemente, eso funcion\u00f3 hasta que ella se fue. Sin embargo, gracias a esa iniciativa, se logr\u00f3 que en el a\u00f1o 2004 se acercara la Secretar\u00eda de Derechos Humanos al municipio y aportara, por ejemplo, abogados que trabajaban en los distintos casos.<\/p>\n<p><strong>Un fallo que cambia la vida<\/strong><\/p>\n<p>El 10 de junio de 2011, la jueza del Tribunal de Familia N\u00ba 2 de Mar del Plata, Alejandra Obligado, fall\u00f3 a favor de un amparo presentado por Daniela Castro y le permiti\u00f3 tener acceso a su documento de identidad, el primero en toda la provincia de Buenos Aires. De esta forma, la marplatense pudo avanzar en la rectificaci\u00f3n registral de sexo y cambio de nombre de pila sin necesidad de presentar un diagn\u00f3stico m\u00e9dico o psiqui\u00e1trico, ni realizarse ning\u00fan tipo de cirug\u00eda de reasignaci\u00f3n genital o declaraci\u00f3n de disforia.<\/p>\n<p><em>&#8211; \u00bfC\u00f3mo viviste ese d\u00eda?<\/em><\/p>\n<p>&#8211; Fue espectacular. Empez\u00f3 casi como un juego m\u00e1s de tantos que hubo en mi vida, cuando Karina Freire, presidenta de la Asociaci\u00f3n Marplatense de Derechos a la Igualdad, me coment\u00f3 que quer\u00edan empezar con el tema de los amparos para marcar precedentes por la ley de identidad de g\u00e9nero y para eso hab\u00edan consensuado que la primera fuera yo, dije que s\u00ed, pero no por m\u00ed, sino por todos. Yo entend\u00eda que \u00e9se era un tema que no me hab\u00eda significado un freno, que no me hab\u00eda impedido acceder a lo que quer\u00eda, pero despu\u00e9s vi la importancia de hacer todo esto. Afortunadamente, tuve la suerte de encontrarme a una persona como Obligado, con la cabeza abierta, que comprendi\u00f3 la necesidad de que yo tuviera mi propia identidad.<\/p>\n<p><em>&#8211; \u00bfQu\u00e9 cambi\u00f3 a partir de ese fallo?<\/em><\/p>\n<p>&#8211; Cuando la jueza me entreg\u00f3 el oficio en el que dec\u00eda que a partir de ese d\u00eda yo deb\u00eda ser reconocida como Daniela Emma Castro, me sent\u00e9 con el escrito en la mano y llor\u00e9. Ah\u00ed reci\u00e9n me d\u00ed cuenta que me hab\u00eda cambiado la vida. Era la primera vez que ve\u00eda que tantos d\u00edas detenida, tantos golpes, tanta discriminaci\u00f3n social no hab\u00edan sido en vano.<\/p>\n<p><strong>\u201cSin mi familia no ser\u00eda quien soy\u201d<\/strong><\/p>\n<p><em>-En medio de todo esto, \u00bfcu\u00e1l fue el rol de tu familia?<\/em><\/p>\n<p>-Ellos fueron el apoyo m\u00e1s grande que tuve en mi vida; sin ellos no ser\u00eda quien soy. Ellos vivieron y acompa\u00f1aron cada proceso de mi vida: desde tener que entender que yo pasaba treinta d\u00edas detenida en forma il\u00f3gica, hasta entender que ahora soy directora de un \u00e1rea. Hay quienes me preguntan si antes de Daniela Castro hubo otra persona y yo siempre respondo que no tengo registro de nada de eso. Es muy simple: si alguien tuviera la posibilidad de elegir, no decidir\u00eda ser discriminado; no tener acceso a la salud, a un laburo, ni pararse en una esquina a las 5.30 de la ma\u00f1ana, con 10 grados bajo cero. Hay otras cosas en el medio y ah\u00ed fue donde estuvieron mis viejos. Con ayuda en su momento porque es gente grande. C\u00f3mo era el tema, qu\u00e9 pasaba, me llevaron al m\u00e9dico. Hasta que entendieron que era un proceso que iba a dar frutos que indefectiblemente iban a venir por este camino. Desde entonces decidieron acompa\u00f1ar y esperar, y as\u00ed lo hicieron.<\/p>\n<p><em>-\u00bfY la escuela?<\/em><\/p>\n<p>-Fue una etapa dur\u00edsima, en la que empezaron los primeros sopapos. Los chicos son crueles, es cierto, pero eso es por la educaci\u00f3n que tienen. Atr\u00e1s de un pibe hay un padre que lo gu\u00eda, que le da un ejemplo. Ojal\u00e1 alg\u00fan d\u00eda podamos entender que todos somos diferentes, pero lo importante es aprender a vivir con las diferencias de cada uno.<\/p>\n<p><strong>La Delegaci\u00f3n, el nuevo objetivo<\/strong><\/p>\n<p><em>&#8211; Hace poco m\u00e1s de un mes que asumiste al frente de la Delegaci\u00f3n local de Derechos Humanos, \u00bfcu\u00e1l es el plan de trabajo?<\/em><\/p>\n<p>&#8211; Es una delegaci\u00f3n que desde hace mucho tiempo ven\u00edan pidiendo los organismos que hist\u00f3ricamente trabajan con Derechos Humanos pero tambi\u00e9n por distintas poblaciones vulnerables que sent\u00edan que no hab\u00eda respuestas a situaciones determinadas o puntuales. Mar del Plata, a criterio nuestro, no ten\u00eda un espacio donde la gente se sintiera contenida. El concepto &#8216;derechos humanos&#8217; es muy amplio y, generalmente, la gente lo interpreta que es &#8216;todo&#8217;; y si bien en parte es cierto, en realidad a veces deben apuntar su caso o su problema a organismos dependientes del Estado, como el Inadi, por ejemplo. En esos casos terminamos oficiando de nexo, pero hay otros tantos de los que nos hacemos cargo nosotros y tratamos de darle una impronta lo m\u00e1s favorable posible.<\/p>\n<p>La idea es que esta oficina aborde las mismas tem\u00e1ticas de la Secretar\u00eda. Obviamente, el eje central sigue siendo memoria, verdad y Justicia, pero lo que buscamos es que se le preste mucha m\u00e1s atenci\u00f3n a la diversidad, pero tambi\u00e9n se pueda trabajar en discapacidad y cuestiones de g\u00e9nero.<\/p>\n<p>&nbsp;<\/p>\n","protected":false},"excerpt":{"rendered":"<p>Daniela Castro asumi\u00f3 el 1 de octubre como responsable de la delegaci\u00f3n Mar del Plata de la Secretar\u00eda de Derechos Humanos de la provincia de Buenos Aires, y se convirti\u00f3 en la primera trans de todo el pa\u00eds en ocupar un cargo p\u00fablico. Pero para Daniela esa no fue esa la \u00fanica \u201cprimera vez\u201d: a mediados del a\u00f1o pasado, luego [&#8230;]<\/p>\n","protected":false},"author":11,"featured_media":0,"comment_status":"open","ping_status":"open","sticky":false,"template":"","format":"standard","meta":{"_jetpack_newsletter_access":"","_jetpack_dont_email_post_to_subs":false,"_jetpack_newsletter_tier_id":0,"_jetpack_memberships_contains_paywalled_content":false,"_jetpack_memberships_contains_paid_content":false,"footnotes":""},"categories":[1],"tags":[],"class_list":["post-4985","post","type-post","status-publish","format-standard","hentry","category-sociedad"],"jetpack_featured_media_url":"","jetpack_shortlink":"https:\/\/wp.me\/p2JWE0-1ip","jetpack-related-posts":[{"id":103618,"url":"https:\/\/www.24baires.com\/?p=103618","url_meta":{"origin":4985,"position":0},"title":"Embargo preventivo a Camioneros hasta que se defina si se le aplica la multa","author":"AF","date":"31\/07\/2018","format":false,"excerpt":"El gobierno de Mauricio Macri hab\u00eda pedido un embargo preventivo y la ejecuci\u00f3n de la multa de 810 millones de pesos que le impuso el ministerio de Trabajo a Camioneros por incumplir con la conciliaci\u00f3n obligatoria dispuesta en diciembre pasado. El juez laboral Jos\u00e9 Ignacio Ramonet hizo lugar a un\u2026","rel":"","context":"En \u00abJUDICIALES\u00bb","block_context":{"text":"JUDICIALES","link":"https:\/\/www.24baires.com\/?cat=68"},"img":{"alt_text":"","src":"https:\/\/i0.wp.com\/www.24baires.com\/wp-content\/uploads\/2018\/02\/moyano-1.jpg?resize=350%2C200","width":350,"height":200,"srcset":"https:\/\/i0.wp.com\/www.24baires.com\/wp-content\/uploads\/2018\/02\/moyano-1.jpg?resize=350%2C200 1x, https:\/\/i0.wp.com\/www.24baires.com\/wp-content\/uploads\/2018\/02\/moyano-1.jpg?resize=525%2C300 1.5x"},"classes":[]},{"id":112311,"url":"https:\/\/www.24baires.com\/?p=112311","url_meta":{"origin":4985,"position":1},"title":"Presentaron un amparo contra el decreto de Macri que reduce las indemnizaciones laborales","author":"GB","date":"01\/10\/2019","format":false,"excerpt":"Es la primera presentaci\u00f3n ante la Justicia contra el DNU del Presidente. Aseguran que la medida es \"inconstitucional\". La justicia laboral recibi\u00f3 este martes la primera presentaci\u00f3n judicial contra el Decreto de Necesidad y Urgencia (DNU) 669 de 2019 -presentado por el presidente Mauricio Macri y que se public\u00f3 este\u2026","rel":"","context":"En \u00abPol\u00edtica\u00bb","block_context":{"text":"Pol\u00edtica","link":"https:\/\/www.24baires.com\/?cat=51"},"img":{"alt_text":"","src":"https:\/\/i0.wp.com\/www.24baires.com\/wp-content\/uploads\/2016\/05\/pymes.jpg?resize=350%2C200","width":350,"height":200,"srcset":"https:\/\/i0.wp.com\/www.24baires.com\/wp-content\/uploads\/2016\/05\/pymes.jpg?resize=350%2C200 1x, https:\/\/i0.wp.com\/www.24baires.com\/wp-content\/uploads\/2016\/05\/pymes.jpg?resize=525%2C300 1.5x"},"classes":[]},{"id":111388,"url":"https:\/\/www.24baires.com\/?p=111388","url_meta":{"origin":4985,"position":2},"title":"El apoderado de Consenso Federal redobl\u00f3 las cr\u00edticas a SmartMatic","author":"AF","date":"30\/07\/2019","format":false,"excerpt":"A d\u00edas de la reuni\u00f3n con la C\u00e1mara Nacional Electoral, el representante de la fuerza que lidera Roberto Lavagna advirti\u00f3 sobre la falta de transparencia y control del sistema impulsado por el Gobierno. A d\u00edas de la reuni\u00f3n que mantendr\u00e1 con la C\u00e1mara Nacional Electoral , la oposici\u00f3n redobl\u00f3 sus\u2026","rel":"","context":"En \u00abPol\u00edtica\u00bb","block_context":{"text":"Pol\u00edtica","link":"https:\/\/www.24baires.com\/?cat=51"},"img":{"alt_text":"","src":"https:\/\/i0.wp.com\/www.24baires.com\/wp-content\/uploads\/2019\/06\/lavagna.jpg?resize=350%2C200","width":350,"height":200,"srcset":"https:\/\/i0.wp.com\/www.24baires.com\/wp-content\/uploads\/2019\/06\/lavagna.jpg?resize=350%2C200 1x, https:\/\/i0.wp.com\/www.24baires.com\/wp-content\/uploads\/2019\/06\/lavagna.jpg?resize=525%2C300 1.5x"},"classes":[]},{"id":113316,"url":"https:\/\/www.24baires.com\/?p=113316","url_meta":{"origin":4985,"position":3},"title":"\u00abHay una situaci\u00f3n de emergencia en la provincia\u00bb","author":"AF","date":"09\/12\/2019","format":false,"excerpt":"El gobernador bonaerense electo, Axel Kicillof, confirm\u00f3 esta tarde su Gabinete, con Pablo L\u00f3pez como ministro de Hacienda y Sergio Berni al frente de la cartera de Seguridad. En tanto, Augusto Costa ser\u00e1 ministro de Producci\u00f3n, Ciencia e Innovaci\u00f3n Tecnol\u00f3gica; Julio Alak encabezar\u00e1 la cartera de Justicia y Derechos Humanos,\u2026","rel":"","context":"En \u00abProvincia\u00bb","block_context":{"text":"Provincia","link":"https:\/\/www.24baires.com\/?cat=40"},"img":{"alt_text":"","src":"https:\/\/i0.wp.com\/www.24baires.com\/wp-content\/uploads\/2014\/01\/axelkicillof.jpg?resize=350%2C200","width":350,"height":200,"srcset":"https:\/\/i0.wp.com\/www.24baires.com\/wp-content\/uploads\/2014\/01\/axelkicillof.jpg?resize=350%2C200 1x, https:\/\/i0.wp.com\/www.24baires.com\/wp-content\/uploads\/2014\/01\/axelkicillof.jpg?resize=525%2C300 1.5x"},"classes":[]},{"id":112508,"url":"https:\/\/www.24baires.com\/?p=112508","url_meta":{"origin":4985,"position":4},"title":"El Coloquio de IDEA se desarrollar\u00e1 con Vidal, sin Alberto Fern\u00e1ndez y con Macri por teleconferencia","author":"AF","date":"15\/10\/2019","format":false,"excerpt":"Por primera vez desde que asumi\u00f3, el Presidente estar\u00e1 ausente. Tambi\u00e9n ser\u00e1n parte varios gobernadores electos y ratificados en el cargo. El Coloquio de IDEA en Mar del Plata tendr\u00e1 su apertura este mi\u00e9rcoles con la participaci\u00f3n de la gobernadora de la Buenos Aires, Mar\u00eda Eugenia Vidal. Mientras tanto, el\u2026","rel":"","context":"En \u00abPol\u00edtica\u00bb","block_context":{"text":"Pol\u00edtica","link":"https:\/\/www.24baires.com\/?cat=51"},"img":{"alt_text":"","src":"https:\/\/i0.wp.com\/www.24baires.com\/wp-content\/uploads\/2018\/10\/MACRI-IDEA.jpg?resize=350%2C200","width":350,"height":200,"srcset":"https:\/\/i0.wp.com\/www.24baires.com\/wp-content\/uploads\/2018\/10\/MACRI-IDEA.jpg?resize=350%2C200 1x, https:\/\/i0.wp.com\/www.24baires.com\/wp-content\/uploads\/2018\/10\/MACRI-IDEA.jpg?resize=525%2C300 1.5x"},"classes":[]},{"id":117908,"url":"https:\/\/www.24baires.com\/?p=117908","url_meta":{"origin":4985,"position":5},"title":"La Provincia super\u00f3 las 9 millones de dosis aplicadas","author":"AF","date":"23\/07\/2021","format":false,"excerpt":"La cifra, que incluye primeras y segundas dosis de diferentes vacunas, fue informada por el ministro de Salud de la provincia, Daniel Gollan. \"La Provincia super\u00f3 los 9 millones de vacunados y vacunadas\", anunci\u00f3 este viernes el ministro de la Salud bonaerense,\u00a0Daniel Gollan, quien destac\u00f3 el plan de vacunaci\u00f3n contra\u2026","rel":"","context":"En \u00abSociedad\u00bb","block_context":{"text":"Sociedad","link":"https:\/\/www.24baires.com\/?cat=1"},"img":{"alt_text":"","src":"https:\/\/i0.wp.com\/www.24baires.com\/wp-content\/uploads\/2021\/07\/vacunaa.jpg?resize=350%2C200","width":350,"height":200,"srcset":"https:\/\/i0.wp.com\/www.24baires.com\/wp-content\/uploads\/2021\/07\/vacunaa.jpg?resize=350%2C200 1x, https:\/\/i0.wp.com\/www.24baires.com\/wp-content\/uploads\/2021\/07\/vacunaa.jpg?resize=525%2C300 1.5x"},"classes":[]}],"jetpack_sharing_enabled":true,"jetpack_likes_enabled":true,"_links":{"self":[{"href":"https:\/\/www.24baires.com\/index.php?rest_route=\/wp\/v2\/posts\/4985","targetHints":{"allow":["GET"]}}],"collection":[{"href":"https:\/\/www.24baires.com\/index.php?rest_route=\/wp\/v2\/posts"}],"about":[{"href":"https:\/\/www.24baires.com\/index.php?rest_route=\/wp\/v2\/types\/post"}],"author":[{"embeddable":true,"href":"https:\/\/www.24baires.com\/index.php?rest_route=\/wp\/v2\/users\/11"}],"replies":[{"embeddable":true,"href":"https:\/\/www.24baires.com\/index.php?rest_route=%2Fwp%2Fv2%2Fcomments&post=4985"}],"version-history":[{"count":2,"href":"https:\/\/www.24baires.com\/index.php?rest_route=\/wp\/v2\/posts\/4985\/revisions"}],"predecessor-version":[{"id":4988,"href":"https:\/\/www.24baires.com\/index.php?rest_route=\/wp\/v2\/posts\/4985\/revisions\/4988"}],"wp:attachment":[{"href":"https:\/\/www.24baires.com\/index.php?rest_route=%2Fwp%2Fv2%2Fmedia&parent=4985"}],"wp:term":[{"taxonomy":"category","embeddable":true,"href":"https:\/\/www.24baires.com\/index.php?rest_route=%2Fwp%2Fv2%2Fcategories&post=4985"},{"taxonomy":"post_tag","embeddable":true,"href":"https:\/\/www.24baires.com\/index.php?rest_route=%2Fwp%2Fv2%2Ftags&post=4985"}],"curies":[{"name":"wp","href":"https:\/\/api.w.org\/{rel}","templated":true}]}}