{"id":4983,"date":"2012-11-11T11:56:13","date_gmt":"2012-11-11T14:56:13","guid":{"rendered":"http:\/\/www.24baires.com\/?p=4983"},"modified":"2012-11-12T12:40:16","modified_gmt":"2012-11-12T15:40:16","slug":"8n-yo-no-lo-vi","status":"publish","type":"post","link":"https:\/\/www.24baires.com\/?p=4983","title":{"rendered":"8N: Yo no lo vi"},"content":{"rendered":"<p><em>(Por Guillermo Enrique Perriello*)<\/em> \u00bfC\u00f3mo fue el 8 de noviembre para m\u00ed? \u00bfQu\u00e9 fue lo m\u00e1s importante que me pas\u00f3? \u00bfQu\u00e9 rasgo distintivo, que nota, que color subrayan ese transpirado jueves de noviembre? \u00bfC\u00f3mo amaneci\u00f3 el viernes social y pol\u00edtico desde mi percepci\u00f3n de ciudadano con pasado pol\u00edtico, y con presente de ciudadano que gusta (mucho) de la discusi\u00f3n del aqu\u00ed y ahora?<!--more--><br \/>\nCada pregunta tiene una respuesta, atravesada por un eje com\u00fan: para quien relata esta nota, el jueves fue un d\u00eda como cualquier otro. Nada demasiado importante pas\u00f3 ese d\u00eda, salvo los peque\u00f1os y maravillosos milagros que la vida cotidiana le muestra a nuestros ojos tantas veces tozudamente cerrados: los chicos que crecen, el a\u00f1o que pasa, la primavera esquiva, la vecina que cada tanto nos mira extra\u00f1ada, vaya a saber por qu\u00e9.<\/p>\n<p>El punto notorio de la jornada fue el calor, agobiante de a ratos. La tarde apenas fresca me permiti\u00f3 darme un gusto: dar clases a mis alumnos del Instituto Terciario donde trabajo, sentados en las escaleras del patio, al aire libre, mientras la nochecita aliviaba los sudores del d\u00eda.<\/p>\n<p>El viernes amaneci\u00f3 transcurriendo mansamente, preludio de un fin de semana destinado a \u201cdesquitarnos\u201d de una semana a pura actividad.<br \/>\nVolviendo al 8N, les voy a contar que hice: no vi, ni el jueves ni el viernes, ninguna imagen de las concentraciones y marchas que se hicieron en varios puntos del pa\u00eds. Ni escuch\u00e9 ni le\u00ed ning\u00fan discurso, ninguna consigna. Tampoco prest\u00e9 atenci\u00f3n a las arengas previas, ni a las sabias y doctorales conclusiones de los ilustres pensadores del coro desafinado del \u201ctodo mal\u201d, luego de la jornada.<\/p>\n<p>Me pas\u00f3 de largo la gesta boba.<\/p>\n<p>Muchas veces es buena esta pr\u00e1ctica. La recomiendo como ejercicio. Lo que uno tenga que saber, de lo que tenga que enterarse, nos va a llegar igual: o te lo cuentan otros, o te lo choc\u00e1s por el anegamiento medi\u00e1tico que abarrota celulares, televisores, p\u00e1ginas web, radios estridentes y remeras buc\u00f3licas.<\/p>\n<p>Haber \u201cignorado\u201d el 8N, creo que me da derecho a opinar sin contaminantes, sin clich\u00e9s, sin aturdimiento. Adem\u00e1s, creo que no era necesario ver ni escuchar lo que de antemano se sab\u00eda que iba a hacerse y decirse. Casi que podr\u00eda escribir una cr\u00f3nica period\u00edstica de la tarde noche del jueves como si hubiera estado all\u00ed, nada nuevo sacude el verbo de esta oposici\u00f3n descabezada, aglutinada bajo una convocatoria color demagogia, y que deja claras muchas cosas para el que sepa leer los acontecimientos.<br \/>\nSupongamos entonces que un mill\u00f3n de argentinos se concentr\u00f3 esa tarde a manifestar su descontento con el Gobierno. Digamos tambi\u00e9n que el epicentro fueron las grandes ciudades, algunas condimentadas por temas locales, y especialmente donde se concentran los grupos de sectores m\u00e1s altos econ\u00f3micamente hablando. Reconozcamos tambi\u00e9n, que en la calle no hab\u00eda pobres (primer test del verdaderamente progresista).<\/p>\n<p>Del total, resto arbitrariamente, digamos, un veinte por ciento. El ABC1 argentino que va detr\u00e1s de todas las pancartas que le aseguren que pueden seguir viviendo un presente de lujos y comodidades elefanti\u00e1sicas, como lo hicieron sus padres, sus abuelos, y cuatro o cinco generaciones anteriores. Que vayan a la plaza a cacarear, tienen derecho a expresarse, a mostrarse, a sacudir sus pulseras y sus aros y sus pieles y todo su pasado oxidado bajo el grito de \u00a1que se vaya!<br \/>\nOtro veinte por ciento est\u00e1 integrado por la militancia de los partidos pol\u00edticos, gremios rubios, organizaciones empresariales de la ciudad y el campo, que militan por sus intereses o los de sus jefes, y que se sab\u00eda que iban a decir presente.<\/p>\n<p>Queda el resto, un sesenta por ciento de ciudadanos que se sinti\u00f3 convocado por algunos de esos puntos del \u201corden del d\u00eda \u00bfc\u00edvico?\u201d que parec\u00eda escrito en el falso aire de los profetas del resentimiento. La inseguridad, la resaca de gorilismo que nos queda, el denominado cepo cambiario, el bajo tope del impuesto a las ganancias, entre otros slogans con distinto grado de verosimilitud, los llev\u00f3 a la plaza a manifestarse.<br \/>\nEsa es la gente sobre la cual me interesa detenerme. Esas son las personas que necesitan, del Gobierno Nacional, un gesto, si se me permite, un poco m\u00e1s cari\u00f1oso. Un cambio pedag\u00f3gico.<\/p>\n<p>Esta nueva pedagog\u00eda que le pido al Gobierno implica un cambio en la manera de comunicar que tiene, cuando se dirige a las clases medias, esas que se hamacan en el p\u00e9ndulo que va desde votar a este Gobierno porque las cosas no est\u00e1n tan mal, aunque no se lo confiesen ni al terapeuta, hasta el otro l\u00edmite: ir a la plaza para que \u201cmi problema personal\u201d (l\u00e9ase d\u00f3lares, ganancias, la cara de la Ministra Nilda Garr\u00e9, etc) se resuelva.<\/p>\n<p>Es necesario enhebrar un discurso para esos sectores, que incluya las explicaciones de por qu\u00e9 se sostienen determinadas pol\u00edticas, a saber:<br \/>\na.- Los planes sociales<br \/>\nb.- Las restricciones monetarias.<br \/>\nc.- Las pol\u00edticas de seguridad garantistas.<br \/>\nPodr\u00e1 decirse, con cierto grado de justicia, que ese discurso est\u00e1 expuesto, pero es tapado por el discurso de Clar\u00edn (ah! me hab\u00eda olvidado de el verdadero meg\u00e1fono de esta convocatoria. \u00bfError de c\u00e1lculo o fallido hecho y derecho?).<\/p>\n<p>Pero no es as\u00ed, es cierto que hay voces medi\u00e1ticas que argumentan. Pero ac\u00e1 falta, en la difusi\u00f3n de los fundamentos de estas problem\u00e1ticas, la ineludible palabra estatal. El Gobierno debe comunicar mejor los argumentos de sus decisiones en torno a estos temas, pues soslayar o ningunear, cuando no evitar estos debates, deja la silla vac\u00eda, de la cual sacan el jugo los opositores comunicacionales. Es as\u00ed: si no se comunica, comunican por vos, y apelar a que \u201cquien quiera oir que oiga\u201d, puede darle a los que sue\u00f1an con los 90, o con los 76, o con los 30 (la galer\u00eda de personajes de la nostalgia derechista es diversa), la oportunidad de atraer para su lado a un sector de la ciudadan\u00eda que no puede menospreciarse. Que debe incluirse en los planes del Gobierno. Ser\u00eda un gesto de salud pol\u00edtica, inclusive, conciliar y convivir con las opciones sociales y pol\u00edticas que, a\u00fan siendo opositoras, garantizan la democracia como \u00fanica opci\u00f3n, y el di\u00e1logo como una de sus herramientas m\u00e1s importantes.<\/p>\n<p>Por eso, porque este Gobierno podr\u00e1 tener errores pero no ha traicionado sus ideas b\u00e1sicas y mantiene la iniciativa transformadora; y porque si bien los argentinos tenemos mala memoria, no puede considerarse a esto como un \u201cpecado mortal\u201d, se impone el perfeccionamiento de la manera en que el Gobierno comparte con estos sectores las razones sus actos, para que la tesis medi\u00e1tico hegem\u00f3nica tenga una ant\u00edtesis menos impl\u00edcita y m\u00e1s pedag\u00f3gica, m\u00e1s explicativa, que no de todo por sabido, que favorezca las conclusiones de los ciudadanos que se han sumado a la queja pensando \u00fanicamente en sus intereses individuales, sin darse cuenta que a muchos de ellos, no a todos, deber\u00eda darles un poco de verg\u00fcenza; siendo adem\u00e1s que, en realidad, si pensamos en valores, en solidaridad y en justicia, esos intereses personales est\u00e1n m\u00e1s a cubierto del otro lado.<\/p>\n<p>&nbsp;<\/p>\n<p><em>* Abogado, Profesor, Militante<\/em><br \/>\n<em>\u00a0 \u00a0Miramar\u00a0<\/em><\/p>\n<p>&nbsp;<\/p>\n","protected":false},"excerpt":{"rendered":"<p>(Por Guillermo Enrique Perriello*) \u00bfC\u00f3mo fue el 8 de noviembre para m\u00ed? \u00bfQu\u00e9 fue lo m\u00e1s importante que me pas\u00f3? \u00bfQu\u00e9 rasgo distintivo, que nota, que color subrayan ese transpirado jueves de noviembre? \u00bfC\u00f3mo amaneci\u00f3 el viernes social y pol\u00edtico desde mi percepci\u00f3n de ciudadano con pasado pol\u00edtico, y con presente de ciudadano que gusta (mucho) de la discusi\u00f3n del [&#8230;]<\/p>\n","protected":false},"author":11,"featured_media":0,"comment_status":"open","ping_status":"open","sticky":false,"template":"","format":"standard","meta":{"_jetpack_newsletter_access":"","_jetpack_dont_email_post_to_subs":false,"_jetpack_newsletter_tier_id":0,"_jetpack_memberships_contains_paywalled_content":false,"_jetpack_memberships_contains_paid_content":false,"footnotes":""},"categories":[64],"tags":[],"class_list":["post-4983","post","type-post","status-publish","format-standard","hentry","category-opinion"],"jetpack_featured_media_url":"","jetpack_shortlink":"https:\/\/wp.me\/p2JWE0-1in","jetpack-related-posts":[{"id":4580,"url":"https:\/\/www.24baires.com\/?p=4580","url_meta":{"origin":4983,"position":0},"title":"Hebe de Bonafini: \u00abLa marcha del 8N es absolutamente golpista\u00bb","author":"AF","date":"06\/11\/2012","format":false,"excerpt":"As\u00ed lo sostuvo la titular de Madres de Plaza de Mayo, Hebe de Bonafini, en referencia a la marcha opositora que se prepara para el pr\u00f3ximo 8 de noviembre. \"Los que quieren hacer esto son los mismos que hicieron la Dictadura, est\u00e1n empe\u00f1ados en voltear a Cristina, son golpistas\", profundiz\u00f3.\u00a0\u2026","rel":"","context":"En \u00abSociedad\u00bb","block_context":{"text":"Sociedad","link":"https:\/\/www.24baires.com\/?cat=1"},"img":{"alt_text":"hebe-de-bonafini","src":"https:\/\/i0.wp.com\/www.24baires.com\/wp-content\/uploads\/2014\/01\/hebe-de-bonafini.jpg?resize=350%2C200","width":350,"height":200,"srcset":"https:\/\/i0.wp.com\/www.24baires.com\/wp-content\/uploads\/2014\/01\/hebe-de-bonafini.jpg?resize=350%2C200 1x, https:\/\/i0.wp.com\/www.24baires.com\/wp-content\/uploads\/2014\/01\/hebe-de-bonafini.jpg?resize=525%2C300 1.5x"},"classes":[]},{"id":119915,"url":"https:\/\/www.24baires.com\/?p=119915","url_meta":{"origin":4983,"position":1},"title":"El 13 de agosto ser\u00e1n las PASO y el 22 de octubre las generales","author":"AF","date":"16\/03\/2023","format":false,"excerpt":"El cronograma establece que el 24 de junio se dar\u00e1 inicio a la campa\u00f1a para las PASO. Las juntas electorales partidarias contar\u00e1n con las 48 horas siguientes para oficializar las listas de precandidatos. La C\u00e1mara Nacional Electoral aprob\u00f3 este jueves el cronograma para las pr\u00f3ximas elecciones nacionales, en el que\u2026","rel":"","context":"En \u00abPol\u00edtica\u00bb","block_context":{"text":"Pol\u00edtica","link":"https:\/\/www.24baires.com\/?cat=51"},"img":{"alt_text":"","src":"https:\/\/i0.wp.com\/www.24baires.com\/wp-content\/uploads\/2015\/08\/urnas.jpg?resize=350%2C200","width":350,"height":200,"srcset":"https:\/\/i0.wp.com\/www.24baires.com\/wp-content\/uploads\/2015\/08\/urnas.jpg?resize=350%2C200 1x, https:\/\/i0.wp.com\/www.24baires.com\/wp-content\/uploads\/2015\/08\/urnas.jpg?resize=525%2C300 1.5x, https:\/\/i0.wp.com\/www.24baires.com\/wp-content\/uploads\/2015\/08\/urnas.jpg?resize=700%2C400 2x"},"classes":[]},{"id":98441,"url":"https:\/\/www.24baires.com\/?p=98441","url_meta":{"origin":4983,"position":2},"title":"Arroyo pidi\u00f3 una pr\u00f3rroga para presentar el proyecto del presupuesto 2018","author":"GB","date":"31\/10\/2017","format":false,"excerpt":"Lo hizo a trav\u00e9s de una nota que present\u00f3 en el Concejo Deliberante. Solicit\u00f3 una pr\u00f3rroga hasta el 30 de noviembre El intendente Carlos Arroyo pidi\u00f3 una pr\u00f3rroga hasta el 30 de noviembre para presentar el proyecto del presupuesto 2018. Lo hizo a trav\u00e9s de una nota que present\u00f3 este\u2026","rel":"","context":"En \u00abLocales\u00bb","block_context":{"text":"Locales","link":"https:\/\/www.24baires.com\/?cat=38"},"img":{"alt_text":"","src":"https:\/\/i0.wp.com\/www.24baires.com\/wp-content\/uploads\/2017\/09\/arroyo.jpg?resize=350%2C200","width":350,"height":200,"srcset":"https:\/\/i0.wp.com\/www.24baires.com\/wp-content\/uploads\/2017\/09\/arroyo.jpg?resize=350%2C200 1x, https:\/\/i0.wp.com\/www.24baires.com\/wp-content\/uploads\/2017\/09\/arroyo.jpg?resize=525%2C300 1.5x"},"classes":[]},{"id":107817,"url":"https:\/\/www.24baires.com\/?p=107817","url_meta":{"origin":4983,"position":3},"title":"Felipe Sol\u00e1 oficializ\u00f3 su candidatura a presidente de cara a las PASO","author":"GB","date":"25\/04\/2019","format":false,"excerpt":"El precandidato presidencial anunci\u00f3 este jueves la constituci\u00f3n del frente Red x Argentina que integran los partidos Verde, Somos, Mejor, el PTP, Agrario y Social, Seamos Libres, Unidos y el PRD. \u201cSi me presento es porque he sido capaz de aumentar la producci\u00f3n y de administrar lo m\u00e1s dif\u00edcil que\u2026","rel":"","context":"En \u00abPol\u00edtica\u00bb","block_context":{"text":"Pol\u00edtica","link":"https:\/\/www.24baires.com\/?cat=51"},"img":{"alt_text":"","src":"https:\/\/i0.wp.com\/www.24baires.com\/wp-content\/uploads\/2019\/04\/sola-candidatura.jpg?resize=350%2C200","width":350,"height":200,"srcset":"https:\/\/i0.wp.com\/www.24baires.com\/wp-content\/uploads\/2019\/04\/sola-candidatura.jpg?resize=350%2C200 1x, https:\/\/i0.wp.com\/www.24baires.com\/wp-content\/uploads\/2019\/04\/sola-candidatura.jpg?resize=525%2C300 1.5x"},"classes":[]},{"id":53596,"url":"https:\/\/www.24baires.com\/?p=53596","url_meta":{"origin":4983,"position":4},"title":"Cristina cuestion\u00f3 los anuncios de estallidos sociales","author":"AF","date":"13\/09\/2014","format":false,"excerpt":"La Presidenta Cristina Fern\u00e1ndez de Kichner critic\u00f3 al ex mandatario Eduardo Duhalde por sus expresiones en el diario La Naci\u00f3n sobre los estallidos sociales y record\u00f3 el crecimiento de la Argentina desde el 2003. \"Te acord\u00e1s el pasado d\u00eda jueves, cuando promulgamos la \u201cLey de Pago Soberano\u201d y present\u00e1bamos el\u2026","rel":"","context":"En \u00abSociedad\u00bb","block_context":{"text":"Sociedad","link":"https:\/\/www.24baires.com\/?cat=1"},"img":{"alt_text":"cristina twitter 2013","src":"https:\/\/i0.wp.com\/www.24baires.com\/wp-content\/uploads\/2013\/09\/cristina-twitter-2013.jpg?resize=350%2C200","width":350,"height":200,"srcset":"https:\/\/i0.wp.com\/www.24baires.com\/wp-content\/uploads\/2013\/09\/cristina-twitter-2013.jpg?resize=350%2C200 1x, https:\/\/i0.wp.com\/www.24baires.com\/wp-content\/uploads\/2013\/09\/cristina-twitter-2013.jpg?resize=525%2C300 1.5x"},"classes":[]},{"id":93865,"url":"https:\/\/www.24baires.com\/?p=93865","url_meta":{"origin":4983,"position":5},"title":"Semana Santa: las ventas cayeron un 14% en Mar del Plata","author":"GB","date":"17\/04\/2017","format":false,"excerpt":"Mar del Plata recibi\u00f3 165 mil turistas en el fin de semana largo. Seg\u00fan los comerciantes, el viernes fue el d\u00eda de mayores ventas Con atractivas propuestas, Mar del Plata recibi\u00f3 165 mil turistas durante el fin de semana largo de Semana Santa. Sin embargo, desde la UCIP indicaron que\u2026","rel":"","context":"En \u00abEconom\u00eda\u00bb","block_context":{"text":"Econom\u00eda","link":"https:\/\/www.24baires.com\/?cat=45"},"img":{"alt_text":"","src":"https:\/\/i0.wp.com\/www.24baires.com\/wp-content\/uploads\/2012\/10\/shopping.jpg?resize=350%2C200","width":350,"height":200,"srcset":"https:\/\/i0.wp.com\/www.24baires.com\/wp-content\/uploads\/2012\/10\/shopping.jpg?resize=350%2C200 1x, https:\/\/i0.wp.com\/www.24baires.com\/wp-content\/uploads\/2012\/10\/shopping.jpg?resize=525%2C300 1.5x"},"classes":[]}],"jetpack_sharing_enabled":true,"jetpack_likes_enabled":true,"_links":{"self":[{"href":"https:\/\/www.24baires.com\/index.php?rest_route=\/wp\/v2\/posts\/4983","targetHints":{"allow":["GET"]}}],"collection":[{"href":"https:\/\/www.24baires.com\/index.php?rest_route=\/wp\/v2\/posts"}],"about":[{"href":"https:\/\/www.24baires.com\/index.php?rest_route=\/wp\/v2\/types\/post"}],"author":[{"embeddable":true,"href":"https:\/\/www.24baires.com\/index.php?rest_route=\/wp\/v2\/users\/11"}],"replies":[{"embeddable":true,"href":"https:\/\/www.24baires.com\/index.php?rest_route=%2Fwp%2Fv2%2Fcomments&post=4983"}],"version-history":[{"count":3,"href":"https:\/\/www.24baires.com\/index.php?rest_route=\/wp\/v2\/posts\/4983\/revisions"}],"predecessor-version":[{"id":5120,"href":"https:\/\/www.24baires.com\/index.php?rest_route=\/wp\/v2\/posts\/4983\/revisions\/5120"}],"wp:attachment":[{"href":"https:\/\/www.24baires.com\/index.php?rest_route=%2Fwp%2Fv2%2Fmedia&parent=4983"}],"wp:term":[{"taxonomy":"category","embeddable":true,"href":"https:\/\/www.24baires.com\/index.php?rest_route=%2Fwp%2Fv2%2Fcategories&post=4983"},{"taxonomy":"post_tag","embeddable":true,"href":"https:\/\/www.24baires.com\/index.php?rest_route=%2Fwp%2Fv2%2Ftags&post=4983"}],"curies":[{"name":"wp","href":"https:\/\/api.w.org\/{rel}","templated":true}]}}