{"id":4979,"date":"2012-11-11T11:45:46","date_gmt":"2012-11-11T14:45:46","guid":{"rendered":"http:\/\/www.24baires.com\/?p=4979"},"modified":"2012-11-11T11:45:46","modified_gmt":"2012-11-11T14:45:46","slug":"lomas-de-zamora-le-saca-tarjeta-roja-al-maltratador-con-una-maraton","status":"publish","type":"post","link":"https:\/\/www.24baires.com\/?p=4979","title":{"rendered":"Lomas de Zamora \u00able saca tarjeta roja\u00bb al maltratador con una marat\u00f3n"},"content":{"rendered":"<p><img data-recalc-dims=\"1\" loading=\"lazy\" decoding=\"async\" class=\"alignleft size-medium wp-image-4980\" title=\"lomas flor 12010_1\" src=\"https:\/\/i0.wp.com\/www.24baires.com\/wp-content\/uploads\/2012\/11\/lomas-flor-12010_1.jpg?resize=300%2C190\" alt=\"\" width=\"300\" height=\"190\" srcset=\"https:\/\/i0.wp.com\/www.24baires.com\/wp-content\/uploads\/2012\/11\/lomas-flor-12010_1.jpg?resize=300%2C190&amp;ssl=1 300w, https:\/\/i0.wp.com\/www.24baires.com\/wp-content\/uploads\/2012\/11\/lomas-flor-12010_1.jpg?w=315&amp;ssl=1 315w\" sizes=\"auto, (max-width: 300px) 100vw, 300px\" \/>Unos 15000 corredores forman parte de una jornada gratuita y abierta que pretende llamar la atenci\u00f3n sobre la escalada de cr\u00edmenes contra mujeres cometidos en el pa\u00eds. La largada es a las 9.30. La competencia forma parte de la campa\u00f1a internacional \u201csac\u00e1 tarjeta roja al maltratador\u201d.<!--more--><\/p>\n<p>Unas 15000 personas correr\u00e1n hoy la marat\u00f3n municipal de Lomas de Zamora, enmarcada en la campa\u00f1a internacional \u201csac\u00e1 tarjeta roja al maltratador\u201d, que apunta a generar conciencia acerca de la violencia de g\u00e9nero.<\/p>\n<p>La competencia est\u00e1 dividida en tres categor\u00edas seg\u00fan la distancia a completar: habr\u00e1 carreras familiares de 1,3 kil\u00f3metros y una competitiva de 10 kil\u00f3metros, todas de participaci\u00f3n gratuita y abierta para la comunidad.<\/p>\n<p>El epicentro de la marat\u00f3n, que iniciar\u00e1 a las 9.30, ser\u00e1 la plaza Victorio Grigera. All\u00ed, en Hip\u00f3lito Yrigoyen al 8700, se montar\u00e1 un arco que simbolizar\u00e1 el punto de partida y el lugar de llegada de los maratonistas.<\/p>\n<p>En di\u00e1logo con Info Regi\u00f3n, fuentes oficiales informaron que, en materia de seguridad, el evento contar\u00e1 con la asistencia de \u201cBomberos, Cruz Roja, Polic\u00eda, Defensa Civil y Gendarmer\u00eda\u201d. Adem\u00e1s, se sumar\u00e1n \u201c550 voluntarios, para poder tener dos personas por cuadra que asistan a los corredores\u201d.<\/p>\n<p>Si bien las tres categor\u00edas de la marat\u00f3n correr\u00e1n sobre la avenida Yrigoyen, los inscriptos para la competencia de 10 kil\u00f3metros partir\u00e1n desde la plaza, rodear\u00e1n el centro comercial e hipermercado de Temperley para retomar la ex avenida Pav\u00f3n y seguir\u00e1n entonces hasta Ar\u00e1oz. All\u00ed har\u00e1n un giro en \u201cU\u201d para encarar el \u00faltimo tramo del recorrido hasta regresar a la plaza Grigera.<\/p>\n<p>Antes de la partida, como muestra de rechazo hacia el maltrato a las mujeres, se organizar\u00e1 una largada simb\u00f3lica en la que a todos los integrantes de la competici\u00f3n les entregar\u00e1n una tarjeta roja para que la muestren en se\u00f1al de repudio a la violencia de g\u00e9nero.<\/p>\n<p>La conducci\u00f3n del evento estar\u00e1 a cargo de Mariano Iudica, presentador de \u201cLa Cocina del Show\u201d, entre otros programas .<\/p>\n<p>A esta presencia se suma la de Florencia Pe\u00f1a, cara publicitaria de la campa\u00f1a de difusi\u00f3n de la carrera y colaboradora de \u201cOrganizaci\u00f3n Azucena\u201d, un centro de Temperley que lucha contra la misoginia.<\/p>\n<p>Ya con la marat\u00f3n concluida, se les entregar\u00e1n medallas a los tres primeros competidores que lleguen de cada categor\u00eda y, adem\u00e1s, habr\u00e1 sorteos entre el resto de los participantes.<\/p>\n<p>Como cierre de la jornada habr\u00e1 un recital de una banda sorpresa, que tocar\u00e1 desde un escenario montado en la plaza.<\/p>\n<p>&nbsp;<\/p>\n<p>&nbsp;<\/p>\n<p>&nbsp;<\/p>\n<p>&nbsp;<\/p>\n<p>&nbsp;<\/p>\n<p>&nbsp;<\/p>\n<p>&nbsp;<\/p>\n<p>&nbsp;<\/p>\n<p>&nbsp;<\/p>\n","protected":false},"excerpt":{"rendered":"<p>Unos 15000 corredores forman parte de una jornada gratuita y abierta que pretende llamar la atenci\u00f3n sobre la escalada de cr\u00edmenes contra mujeres cometidos en el pa\u00eds. La largada es a las 9.30. La competencia forma parte de la campa\u00f1a internacional \u201csac\u00e1 tarjeta roja al maltratador\u201d.<\/p>\n","protected":false},"author":11,"featured_media":0,"comment_status":"open","ping_status":"open","sticky":false,"template":"","format":"standard","meta":{"_jetpack_newsletter_access":"","_jetpack_dont_email_post_to_subs":false,"_jetpack_newsletter_tier_id":0,"_jetpack_memberships_contains_paywalled_content":false,"_jetpack_memberships_contains_paid_content":false,"footnotes":""},"categories":[1],"tags":[],"class_list":["post-4979","post","type-post","status-publish","format-standard","hentry","category-sociedad"],"jetpack_featured_media_url":"","jetpack_shortlink":"https:\/\/wp.me\/p2JWE0-1ij","jetpack-related-posts":[{"id":28742,"url":"https:\/\/www.24baires.com\/?p=28742","url_meta":{"origin":4979,"position":0},"title":"\u00abTarjeta roja para los que difaman y pegan a las mujeres y para los que apa\u00f1an a delincuentes\u00bb","author":"Grupo Sierra","date":"22\/07\/2013","format":false,"excerpt":"LOMAS DE ZAMORA.- La Presidenta critic\u00f3 a las dirigencias deportivas, en referencia a la muerte de dos barras de Boca que fallecieron ayer durante un enfrentamiento. Adem\u00e1s, inst\u00f3 esa sanci\u00f3n sobre \"los que difaman y pegan a las mujeres\". La presidenta Cristina Fern\u00e1ndez de Kirchner sostuvo hoy que hay que\u2026","rel":"","context":"En \u00abPol\u00edtica\u00bb","block_context":{"text":"Pol\u00edtica","link":"https:\/\/www.24baires.com\/?cat=51"},"img":{"alt_text":"cristina tarjeta roja","src":"https:\/\/i0.wp.com\/www.24baires.com\/wp-content\/uploads\/2013\/07\/cristina-tarjeta-roja.jpg?resize=350%2C200","width":350,"height":200,"srcset":"https:\/\/i0.wp.com\/www.24baires.com\/wp-content\/uploads\/2013\/07\/cristina-tarjeta-roja.jpg?resize=350%2C200 1x, https:\/\/i0.wp.com\/www.24baires.com\/wp-content\/uploads\/2013\/07\/cristina-tarjeta-roja.jpg?resize=525%2C300 1.5x"},"classes":[]},{"id":16675,"url":"https:\/\/www.24baires.com\/?p=16675","url_meta":{"origin":4979,"position":1},"title":"\u00abEs desubicado aspirar a un cargo faltando tres a\u00f1os para terminar un mandato\u00bb","author":"Grupo Sierra","date":"24\/02\/2013","format":false,"excerpt":"LOMAS DE ZAMORA.- \u00a0El intendente \u00a0Mart\u00edn Insaurralde afirm\u00f3 que \"hay muchos dirigentes que hablan hoy que deber\u00edan recordar de d\u00f3nde ven\u00edamos en el 2003\". El jefe comunal hizo estas declaraciones al participar de la jornada de cierre de la colonia de las Piletas de Villa Albertina en el parque del\u2026","rel":"","context":"En \u00abPol\u00edtica\u00bb","block_context":{"text":"Pol\u00edtica","link":"https:\/\/www.24baires.com\/?cat=51"},"img":{"alt_text":"insaurralde martin","src":"https:\/\/i0.wp.com\/www.24baires.com\/wp-content\/uploads\/2012\/11\/insaurralde-martin.jpg?resize=350%2C200","width":350,"height":200,"srcset":"https:\/\/i0.wp.com\/www.24baires.com\/wp-content\/uploads\/2012\/11\/insaurralde-martin.jpg?resize=350%2C200 1x, https:\/\/i0.wp.com\/www.24baires.com\/wp-content\/uploads\/2012\/11\/insaurralde-martin.jpg?resize=525%2C300 1.5x"},"classes":[]},{"id":103739,"url":"https:\/\/www.24baires.com\/?p=103739","url_meta":{"origin":4979,"position":2},"title":"El Senado define sobre el destino del proyecto de legalizaci\u00f3n del aborto","author":"GB","date":"08\/08\/2018","format":false,"excerpt":"Finalmente adelantaron la sesi\u00f3n para las 9.30 en lo que se prev\u00e9 una marat\u00f3nica jornada en la que tambi\u00e9n habr\u00e1 manifestaciones a favor y en contra en las afueras del Congreso. Se espera un multitudinario apoyo a la iniciativa que prev\u00e9 la ampliaci\u00f3n de derechos. Luego de la media sanci\u00f3n\u2026","rel":"","context":"En \u00abPol\u00edtica\u00bb","block_context":{"text":"Pol\u00edtica","link":"https:\/\/www.24baires.com\/?cat=51"},"img":{"alt_text":"","src":"https:\/\/i0.wp.com\/www.24baires.com\/wp-content\/uploads\/2018\/08\/senado-aborto.jpg?resize=350%2C200","width":350,"height":200,"srcset":"https:\/\/i0.wp.com\/www.24baires.com\/wp-content\/uploads\/2018\/08\/senado-aborto.jpg?resize=350%2C200 1x, https:\/\/i0.wp.com\/www.24baires.com\/wp-content\/uploads\/2018\/08\/senado-aborto.jpg?resize=525%2C300 1.5x"},"classes":[]},{"id":7645,"url":"https:\/\/www.24baires.com\/?p=7645","url_meta":{"origin":4979,"position":3},"title":"Esteban Echeverr\u00eda: atletas locales se sumaron a marat\u00f3n para luchar contra el VIH-Sida","author":"AF","date":"02\/12\/2012","format":false,"excerpt":"Cientos de corredores participaron este domingo de una jornada de prevenci\u00f3n y promoci\u00f3n de la no discriminaci\u00f3n, organizada por Casa MANU con el apoyo del intendente Fernando Gray. Todo lo recaudado se destin\u00f3 a ese hogar que alberga a ni\u00f1os y ni\u00f1as afectados por el virus. La marat\u00f3n, que comenz\u00f3\u2026","rel":"","context":"En \u00abSociedad\u00bb","block_context":{"text":"Sociedad","link":"https:\/\/www.24baires.com\/?cat=1"},"img":{"alt_text":"","src":"","width":0,"height":0},"classes":[]},{"id":37570,"url":"https:\/\/www.24baires.com\/?p=37570","url_meta":{"origin":4979,"position":4},"title":"Lomas de Zamora a puro deporte","author":"Grupo Sierra","date":"28\/12\/2013","format":false,"excerpt":"El municipio se prepara para las \u00faltimas carreras del a\u00f1o en el Parque Eva Per\u00f3n. La clausura de la temporada ser\u00e1 el domingo 29 de diciembre, con una prueba de 8 kil\u00f3metros y una competencia para menores. El domingo 29 de diciembre se cerrar\u00e1 el calendario de carreras de cross\u2026","rel":"","context":"En \u00abLocales\u00bb","block_context":{"text":"Locales","link":"https:\/\/www.24baires.com\/?cat=38"},"img":{"alt_text":"","src":"","width":0,"height":0},"classes":[]},{"id":45263,"url":"https:\/\/www.24baires.com\/?p=45263","url_meta":{"origin":4979,"position":5},"title":"El pr\u00f3ximo jueves se correr\u00e1 la Marat\u00f3n Virgen de Luj\u00e1n","author":"GB","date":"04\/05\/2014","format":false,"excerpt":"La competencia deportiva tendr\u00e1 lugar el pr\u00f3ximo jueves 8 de mayo en la ciudad que gestiona el Intendente Luciani. El recorrido ser\u00e1 de 8 kil\u00f3metros pero habr\u00e1 uno alternativo de 3. La inscripci\u00f3n es libre y gratuita y debe hacerse en el Polideportivo Municipal. La actividad no se suspende por\u2026","rel":"","context":"En \u00abMunicipios\u00bb","block_context":{"text":"Municipios","link":"https:\/\/www.24baires.com\/?cat=44"},"img":{"alt_text":"maraton virgen de lujan","src":"https:\/\/i0.wp.com\/www.24baires.com\/wp-content\/uploads\/2014\/05\/maraton-virgen-de-lujan-300x178.jpg?resize=350%2C200","width":350,"height":200},"classes":[]}],"jetpack_sharing_enabled":true,"jetpack_likes_enabled":true,"_links":{"self":[{"href":"https:\/\/www.24baires.com\/index.php?rest_route=\/wp\/v2\/posts\/4979","targetHints":{"allow":["GET"]}}],"collection":[{"href":"https:\/\/www.24baires.com\/index.php?rest_route=\/wp\/v2\/posts"}],"about":[{"href":"https:\/\/www.24baires.com\/index.php?rest_route=\/wp\/v2\/types\/post"}],"author":[{"embeddable":true,"href":"https:\/\/www.24baires.com\/index.php?rest_route=\/wp\/v2\/users\/11"}],"replies":[{"embeddable":true,"href":"https:\/\/www.24baires.com\/index.php?rest_route=%2Fwp%2Fv2%2Fcomments&post=4979"}],"version-history":[{"count":2,"href":"https:\/\/www.24baires.com\/index.php?rest_route=\/wp\/v2\/posts\/4979\/revisions"}],"predecessor-version":[{"id":4982,"href":"https:\/\/www.24baires.com\/index.php?rest_route=\/wp\/v2\/posts\/4979\/revisions\/4982"}],"wp:attachment":[{"href":"https:\/\/www.24baires.com\/index.php?rest_route=%2Fwp%2Fv2%2Fmedia&parent=4979"}],"wp:term":[{"taxonomy":"category","embeddable":true,"href":"https:\/\/www.24baires.com\/index.php?rest_route=%2Fwp%2Fv2%2Fcategories&post=4979"},{"taxonomy":"post_tag","embeddable":true,"href":"https:\/\/www.24baires.com\/index.php?rest_route=%2Fwp%2Fv2%2Ftags&post=4979"}],"curies":[{"name":"wp","href":"https:\/\/api.w.org\/{rel}","templated":true}]}}