{"id":4967,"date":"2012-11-11T00:11:11","date_gmt":"2012-11-11T03:11:11","guid":{"rendered":"http:\/\/www.24baires.com\/?p=4967"},"modified":"2012-11-11T02:13:12","modified_gmt":"2012-11-11T05:13:12","slug":"se-realizo-en-buenos-aires-la-marcha-del-orgullo-gay","status":"publish","type":"post","link":"https:\/\/www.24baires.com\/?p=4967","title":{"rendered":"Se realiz\u00f3 en Buenos Aires la Marcha del Orgullo Gay"},"content":{"rendered":"<p><img data-recalc-dims=\"1\" loading=\"lazy\" decoding=\"async\" class=\"aligncenter size-full wp-image-4972\" title=\"marcha_gay101112_16_32730\" src=\"https:\/\/i0.wp.com\/www.24baires.com\/wp-content\/uploads\/2012\/11\/marcha_gay101112_16_32730.jpg?resize=560%2C370\" alt=\"\" width=\"560\" height=\"370\" srcset=\"https:\/\/i0.wp.com\/www.24baires.com\/wp-content\/uploads\/2012\/11\/marcha_gay101112_16_32730.jpg?w=560&amp;ssl=1 560w, https:\/\/i0.wp.com\/www.24baires.com\/wp-content\/uploads\/2012\/11\/marcha_gay101112_16_32730.jpg?resize=300%2C198&amp;ssl=1 300w\" sizes=\"auto, (max-width: 560px) 100vw, 560px\" \/><\/p>\n<p>Miles de personas participaron este s\u00e1bado de una nueva y multitudinaria Marcha del Orgullo Gay para festejar los 20 a\u00f1os de la primera manifestaci\u00f3n celebrada en Buenos Aires.<!--more--><\/p>\n<p>Esta vez, el lema fue por una \u00abEducaci\u00f3n en la diversidad para crecer en igualdad\u00bb y se relacion\u00f3 con el reclamo para que se cumpla con la ley de educaci\u00f3n sexual integral.<\/p>\n<p>La manifestaci\u00f3n tuvo el colorido y el desparpajo acostumbrado y tras una concentraci\u00f3n en Plaza de Mayo, los participantes, encabezados por los dirigentes Alex Freire y Jos\u00e9 Mar\u00eda del Bello, se dirigieron a la zona de Congreso, para el habitual festival de m\u00fasica que cierra el evento, con el show de L\u00eda Crucet, Leo Garc\u00eda, Kumbia Queers y Celeste Carballo.<\/p>\n<p>C\u00e9sar Cigliutti, titular de la Comunidad Homosexual Argentina (CHA), hizo hincapi\u00e9 en el reclamo \u00abpor los derechos que le faltan\u00bb a su comunidad, que tuvo en los varios logros, entre ellos, el del matrimonio igualitario.<\/p>\n<p>Cigliutti dijo que desde la comunidad se le agradece tanto al Gobierno Nacional como al resto de la clase pol\u00edtica \u00abla ley de Identidad de G\u00e9nero y la de Matrimonio Igualitario\u00bb, mientras que rescat\u00f3 la caracter\u00edstica \u00abrevolucionaria\u00bb de la manifestaci\u00f3n.<\/p>\n<p><img data-recalc-dims=\"1\" loading=\"lazy\" decoding=\"async\" class=\"aligncenter size-full wp-image-4974\" title=\"marcha_gay101112_10_76457\" src=\"https:\/\/i0.wp.com\/www.24baires.com\/wp-content\/uploads\/2012\/11\/marcha_gay101112_10_76457.jpg?resize=560%2C390\" alt=\"\" width=\"560\" height=\"390\" srcset=\"https:\/\/i0.wp.com\/www.24baires.com\/wp-content\/uploads\/2012\/11\/marcha_gay101112_10_76457.jpg?w=560&amp;ssl=1 560w, https:\/\/i0.wp.com\/www.24baires.com\/wp-content\/uploads\/2012\/11\/marcha_gay101112_10_76457.jpg?resize=300%2C208&amp;ssl=1 300w\" sizes=\"auto, (max-width: 560px) 100vw, 560px\" \/><\/p>\n<p>El dirigente, durante un discurso que pronunci\u00f3 en Plaza de Mayo, destac\u00f3 el papel de la presidenta Cristina Kirchner en la aprobaci\u00f3n de distintas legislaciones \u00abmarcando un hito en su compromiso por los Derechos Humanos y el respeto a la diversidad\u00bb.<\/p>\n<p>En la marcha pudo verse a distintos dirigentes pol\u00edtico, como la gobernadora de Tierra del Fuego, Fabiana R\u00edos, y la dirigente del MST-Proyecto Sur Vilma Ripoll, adem\u00e1s de militantes de distintas agrupaciones pol\u00edticas, entre ellas \u00abLa C\u00e1mpora\u00bb y la Juventud Radical.<\/p>\n","protected":false},"excerpt":{"rendered":"<p>Miles de personas participaron este s\u00e1bado de una nueva y multitudinaria Marcha del Orgullo Gay para festejar los 20 a\u00f1os de la primera manifestaci\u00f3n celebrada en Buenos Aires.<\/p>\n","protected":false},"author":4,"featured_media":0,"comment_status":"open","ping_status":"open","sticky":false,"template":"","format":"standard","meta":{"_jetpack_newsletter_access":"","_jetpack_dont_email_post_to_subs":false,"_jetpack_newsletter_tier_id":0,"_jetpack_memberships_contains_paywalled_content":false,"_jetpack_memberships_contains_paid_content":false,"footnotes":""},"categories":[1],"tags":[],"class_list":["post-4967","post","type-post","status-publish","format-standard","hentry","category-sociedad"],"jetpack_featured_media_url":"","jetpack_shortlink":"https:\/\/wp.me\/p2JWE0-1i7","jetpack-related-posts":[{"id":34915,"url":"https:\/\/www.24baires.com\/?p=34915","url_meta":{"origin":4967,"position":0},"title":"Marcha del Orgullo con acento en la educaci\u00f3n sexual igualitaria, libre y laica","author":"Grupo Sierra","date":"09\/11\/2013","format":false,"excerpt":"La implementaci\u00f3n de la educaci\u00f3n sexual igualitaria, libre y laica, tal como lo establece la Ley de Educaci\u00f3n Sexual Integral, inspir\u00f3 la XXII Marcha para celebrar lo conquistado en m\u00e1s de dos d\u00e9cadas, afirm\u00f3 C\u00e9sar Cigliutti, presidente de CHA.\u00a0 Miles de personas participaron de la colorida manifestaci\u00f3n. \"Es una buena\u2026","rel":"","context":"En \u00abSociedad\u00bb","block_context":{"text":"Sociedad","link":"https:\/\/www.24baires.com\/?cat=1"},"img":{"alt_text":"orgullo 2013","src":"https:\/\/i0.wp.com\/www.24baires.com\/wp-content\/uploads\/2013\/11\/orgullo-2013.jpg?resize=350%2C200","width":350,"height":200,"srcset":"https:\/\/i0.wp.com\/www.24baires.com\/wp-content\/uploads\/2013\/11\/orgullo-2013.jpg?resize=350%2C200 1x, https:\/\/i0.wp.com\/www.24baires.com\/wp-content\/uploads\/2013\/11\/orgullo-2013.jpg?resize=525%2C300 1.5x"},"classes":[]},{"id":34869,"url":"https:\/\/www.24baires.com\/?p=34869","url_meta":{"origin":4967,"position":1},"title":"Se realizar\u00e1 el s\u00e1bado en Plaza de Mayo la Marcha del Orgullo Gay","author":"GB","date":"08\/11\/2013","format":false,"excerpt":"La Comunidad Homosexual Argentina (CHA) realizar\u00e1 ma\u00f1ana la XXII Marcha del Orgullo Gay en Plaza de Mayo,seg\u00fan anunci\u00f3 y en esta ocasi\u00f3n bajo la consigna \"Educaci\u00f3n Sexual Igualitaria Libre y Laica\". La denominada Feria del Orgullo y bandas en Plaza de Mayo, comenzar\u00e1 a las 15:00, mientras que desde las\u2026","rel":"","context":"En \u00abSociedad\u00bb","block_context":{"text":"Sociedad","link":"https:\/\/www.24baires.com\/?cat=1"},"img":{"alt_text":"orgullo gay","src":"https:\/\/i0.wp.com\/www.24baires.com\/wp-content\/uploads\/2013\/11\/orgullo-gay.jpg?resize=350%2C200","width":350,"height":200,"srcset":"https:\/\/i0.wp.com\/www.24baires.com\/wp-content\/uploads\/2013\/11\/orgullo-gay.jpg?resize=350%2C200 1x, https:\/\/i0.wp.com\/www.24baires.com\/wp-content\/uploads\/2013\/11\/orgullo-gay.jpg?resize=525%2C300 1.5x"},"classes":[]},{"id":121686,"url":"https:\/\/www.24baires.com\/?p=121686","url_meta":{"origin":4967,"position":2},"title":"Kicillof participar\u00e1 en la pr\u00f3xima marcha universitaria","author":"GB","date":"30\/09\/2024","format":false,"excerpt":"Axel Kicillof encabezar\u00e1 la columna bonaerense en la marcha en defensa de la universidad p\u00fablica el pr\u00f3ximo mi\u00e9rcoles 2 de octubre. El gobernador de la provincia de Buenos Aires, Axel Kicillof, anunci\u00f3 que se sumar\u00e1 a la segunda Marcha Federal Universitaria que se llevar\u00e1 adelante este mi\u00e9rcoles y que fue\u2026","rel":"","context":"En \u00abProvincia\u00bb","block_context":{"text":"Provincia","link":"https:\/\/www.24baires.com\/?cat=40"},"img":{"alt_text":"","src":"https:\/\/i0.wp.com\/www.24baires.com\/wp-content\/uploads\/2024\/09\/axel-marcha.webp?resize=350%2C200","width":350,"height":200,"srcset":"https:\/\/i0.wp.com\/www.24baires.com\/wp-content\/uploads\/2024\/09\/axel-marcha.webp?resize=350%2C200 1x, https:\/\/i0.wp.com\/www.24baires.com\/wp-content\/uploads\/2024\/09\/axel-marcha.webp?resize=525%2C300 1.5x, https:\/\/i0.wp.com\/www.24baires.com\/wp-content\/uploads\/2024\/09\/axel-marcha.webp?resize=700%2C400 2x"},"classes":[]},{"id":74757,"url":"https:\/\/www.24baires.com\/?p=74757","url_meta":{"origin":4967,"position":3},"title":"Salud y Derechos Humanos se suman a la marcha del orgullo gay","author":"GB","date":"07\/11\/2015","format":false,"excerpt":"Salud instalar\u00e1 dos gazebos en Plaza de Mayo, un cami\u00f3n sanitario, otro de donaci\u00f3n de sangre en sus cercan\u00edas y repartir\u00e1 folleter\u00eda informativa sobre los derechos adquiridos. Derechos Humanos tiene un stand informativo con material sobre diversidad sexual y los avances en pol\u00edticas p\u00fablicas. Bajo el lema \"M\u00e1s derechos, m\u00e1s\u2026","rel":"","context":"En \u00abSociedad\u00bb","block_context":{"text":"Sociedad","link":"https:\/\/www.24baires.com\/?cat=1"},"img":{"alt_text":"orgullo 2013","src":"https:\/\/i0.wp.com\/www.24baires.com\/wp-content\/uploads\/2013\/11\/orgullo-2013.jpg?resize=350%2C200","width":350,"height":200,"srcset":"https:\/\/i0.wp.com\/www.24baires.com\/wp-content\/uploads\/2013\/11\/orgullo-2013.jpg?resize=350%2C200 1x, https:\/\/i0.wp.com\/www.24baires.com\/wp-content\/uploads\/2013\/11\/orgullo-2013.jpg?resize=525%2C300 1.5x"},"classes":[]},{"id":104206,"url":"https:\/\/www.24baires.com\/?p=104206","url_meta":{"origin":4967,"position":4},"title":"Miles de personas marcharon en defensa de la universidad p\u00fablica","author":"GB","date":"31\/08\/2018","format":false,"excerpt":"Tras una lluvia que amenazaba con complicar la manifestaci\u00f3n, un arcoiris recibi\u00f3 a las m\u00e1s de 300 mil personas que llegaron a Plaza de Mayo para cuestionar el ajuste del gobierno de Mauricio Macri Una feroz tormenta azot\u00f3 la Ciudad de Buenos Aires, pero fren\u00f3 y las m\u00e1s de 300\u2026","rel":"","context":"En \u00abPol\u00edtica\u00bb","block_context":{"text":"Pol\u00edtica","link":"https:\/\/www.24baires.com\/?cat=51"},"img":{"alt_text":"","src":"https:\/\/i0.wp.com\/www.24baires.com\/wp-content\/uploads\/2018\/08\/marcha-federal.jpg?resize=350%2C200","width":350,"height":200,"srcset":"https:\/\/i0.wp.com\/www.24baires.com\/wp-content\/uploads\/2018\/08\/marcha-federal.jpg?resize=350%2C200 1x, https:\/\/i0.wp.com\/www.24baires.com\/wp-content\/uploads\/2018\/08\/marcha-federal.jpg?resize=525%2C300 1.5x"},"classes":[]},{"id":122007,"url":"https:\/\/www.24baires.com\/?p=122007","url_meta":{"origin":4967,"position":5},"title":"Desde Provincia advirti\u00f3 sobre la democracia en peligro","author":"GB","date":"30\/01\/2025","format":false,"excerpt":"La movilizaci\u00f3n surge como respuesta a los dichos de Javier Milei en Davos y a iniciativas del gobierno nacional que buscan derogar normativas de protecci\u00f3n a minor\u00edas y derechos de g\u00e9nero. El ministro de Gobierno de la provincia de Buenos Aires, Carlos Bianco, expres\u00f3 su preocupaci\u00f3n por los mensajes emitidos\u2026","rel":"","context":"En \u00abProvincia\u00bb","block_context":{"text":"Provincia","link":"https:\/\/www.24baires.com\/?cat=40"},"img":{"alt_text":"","src":"https:\/\/i0.wp.com\/www.24baires.com\/wp-content\/uploads\/2025\/01\/bianco.webp?resize=350%2C200","width":350,"height":200,"srcset":"https:\/\/i0.wp.com\/www.24baires.com\/wp-content\/uploads\/2025\/01\/bianco.webp?resize=350%2C200 1x, https:\/\/i0.wp.com\/www.24baires.com\/wp-content\/uploads\/2025\/01\/bianco.webp?resize=525%2C300 1.5x, https:\/\/i0.wp.com\/www.24baires.com\/wp-content\/uploads\/2025\/01\/bianco.webp?resize=700%2C400 2x"},"classes":[]}],"jetpack_sharing_enabled":true,"jetpack_likes_enabled":true,"_links":{"self":[{"href":"https:\/\/www.24baires.com\/index.php?rest_route=\/wp\/v2\/posts\/4967","targetHints":{"allow":["GET"]}}],"collection":[{"href":"https:\/\/www.24baires.com\/index.php?rest_route=\/wp\/v2\/posts"}],"about":[{"href":"https:\/\/www.24baires.com\/index.php?rest_route=\/wp\/v2\/types\/post"}],"author":[{"embeddable":true,"href":"https:\/\/www.24baires.com\/index.php?rest_route=\/wp\/v2\/users\/4"}],"replies":[{"embeddable":true,"href":"https:\/\/www.24baires.com\/index.php?rest_route=%2Fwp%2Fv2%2Fcomments&post=4967"}],"version-history":[{"count":3,"href":"https:\/\/www.24baires.com\/index.php?rest_route=\/wp\/v2\/posts\/4967\/revisions"}],"predecessor-version":[{"id":4973,"href":"https:\/\/www.24baires.com\/index.php?rest_route=\/wp\/v2\/posts\/4967\/revisions\/4973"}],"wp:attachment":[{"href":"https:\/\/www.24baires.com\/index.php?rest_route=%2Fwp%2Fv2%2Fmedia&parent=4967"}],"wp:term":[{"taxonomy":"category","embeddable":true,"href":"https:\/\/www.24baires.com\/index.php?rest_route=%2Fwp%2Fv2%2Fcategories&post=4967"},{"taxonomy":"post_tag","embeddable":true,"href":"https:\/\/www.24baires.com\/index.php?rest_route=%2Fwp%2Fv2%2Ftags&post=4967"}],"curies":[{"name":"wp","href":"https:\/\/api.w.org\/{rel}","templated":true}]}}