{"id":4959,"date":"2012-11-10T20:10:54","date_gmt":"2012-11-10T23:10:54","guid":{"rendered":"http:\/\/www.24baires.com\/?p=4959"},"modified":"2012-11-11T02:14:31","modified_gmt":"2012-11-11T05:14:31","slug":"escandalo-en-el-municipio-de-pilar-por-venta-de-tierras-y-calles-publicas-para-construir-un-barrio-privado","status":"publish","type":"post","link":"https:\/\/www.24baires.com\/?p=4959","title":{"rendered":"Esc\u00e1ndalo en Pilar por venta de tierras y calles p\u00fablicas para construir un barrio privado"},"content":{"rendered":"<p>La urbanizaci\u00f3n Golfer\u00b4s C.C se niega a pagar lo que pretende el Concejo Deliberante, ya que hay tasaciones que indican que esas parcelas cuestan el triple del valor. Pidieron que el titular de la comisi\u00f3n en la que se discut\u00eda el tema se retire del lugar, quien termin\u00f3 en el hospital por un pico de presi\u00f3n. Hubo momentos de tensi\u00f3n y se fueron amenazando con hacer un juicio a la Comuna.<!--more--><\/p>\n<p>La discusi\u00f3n por la venta de calles y terrenos p\u00fablicos al country Golfer\u2019s de Pilar termin\u00f3 en un esc\u00e1ndalo, con gritos, insultos y un concejal en el hospital con un pico de presi\u00f3n.<br \/>\nEsta semana el legislativo trat\u00f3 un expediente por el medio del cual la urbanizaci\u00f3n tramita la compra de unos 250 mil m2 de parcelas y arterias de dominio p\u00fablico que hay dentro del barrio, creado a principios de la d\u00e9cada del \u201970.<\/p>\n<p>En ese proyecto, el country propone pagar en 5 cuotas anuales una suma de alrededor de 5 millones de pesos por todo concepto, intereses incluidos. Sin embargo, en la Comisi\u00f3n de Obras P\u00fablicas extraordinaria que se celebr\u00f3 pretendi\u00f3 elevar ese valor. Es que el valor de las parcelas, que representan unos 18 mil 395 metros cuadrados, seg\u00fan la C\u00e1mara de Martilleros de Pilar es de 126 pesos el m2, y no de 40 pesos el m2, como propone Golfer\u2019s.<\/p>\n<p>A la reuni\u00f3n, el presidente de la comisi\u00f3n de Obras P\u00fablicas, el concejal Miguel Saric, invit\u00f3 a los desarrolladores a debatir el tema, pero la discusi\u00f3n fue subiendo de tono a tal punto que los visitantes le pidieron al edil que se retire de la reuni\u00f3n, en la que tambi\u00e9n estaban sus compa\u00f1eros. Los \u00e1nimos comenzaron a caldearse y Saric debi\u00f3 ser trasladado al Hospital con un pico de presi\u00f3n.<\/p>\n<p>\u201cDesde el country metieron todo en un mismo paquete, y lo que yo les dije era que hay una diferencia del triple respecto a los valores de mercado. Ah\u00ed comenz\u00f3 la discusi\u00f3n y me pidieron acaloradamente que me vaya de la reuni\u00f3n, porque yo no ten\u00eda que estar presidiendo la Comisi\u00f3n. Les dije que en todo caso se ten\u00edan que ir ellos, seguimos discutiendo, pero finalmente me fui yo porque me sent\u00eda mal y me tuve que acercar al hospital porque me hab\u00eda subido la presi\u00f3n. Nosotros no nos vamos a mover de nuestra postura. Puede ser que no sean 126 pesos el m2, pero hablemos de 100 pesos, 90 pesos, pero no 40 pesos\u201d, relat\u00f3 Saric a Pilar.<\/p>\n<p>Adem\u00e1s, los urbanizadores tambi\u00e9n se negaron a canjear esas tierras por otras de similares caracter\u00edsticas en otro lugar, en donde el Municipio pueda destinar la construcci\u00f3n de una escuela, por ejemplo.<\/p>\n<p>\u201cHay que ver qu\u00e9 va a hacer el Ejecutivo; el intendente (Humberto Z\u00faccaro) est\u00e1 de acuerdo en que se venda, pero no en esos valores. El Ejecutivo tiene otras alternativas jur\u00eddicas, como la de ocupar el terreno o hacer un juicio de reivindicaci\u00f3n y hacerse de un predio que es p\u00fablico. Adem\u00e1s, da a una calle municipal que deriva a la ruta 234, por lo que es de f\u00e1cil acceso. Lo que sucede es que el predio est\u00e1 ocupado por la cancha de golf de este country, y quiz\u00e1 podr\u00edan hacer un juicio de usucapi\u00f3n porque est\u00e1n ocupando ese predio hace 40 a\u00f1os\u201d, agreg\u00f3 Saric.<\/p>\n<p>Tensi\u00f3n<\/p>\n<p>Seg\u00fan relataron algunos de los concejales que participaron de la reuni\u00f3n, como el caso de Gustavo Trindade, \u201chubo momentos de mucha tensi\u00f3n, con muy malas maneras por parte de los representantes del country\u201d.<\/p>\n<p>\u201cEn un momento pidieron que Saric se retire del lugar, algo que nos pareci\u00f3 totalmente desubicado. Saric lo que estaba haciendo es defender los intereses de la gente; \u00e9l tiene su car\u00e1cter, pero nunca los trat\u00f3 mal\u201d, se\u00f1al\u00f3 Trindade. Al igual que Saric, Trindade indic\u00f3 que \u201cpelear\u00e1n\u201d para que se tome el valor de mercado de esos terrenos y no el que pretende el country.<\/p>\n<p>Noem\u00ed Barrio, del mismo bloque de Trindade, tambi\u00e9n particip\u00f3 del encuentro y relat\u00f3 que \u201ceran muy agresivos\u201d los representantes del country, \u201calgo que nunca se hab\u00eda visto\u201d. \u201cHe estado en much\u00edsimas reuniones de comisi\u00f3n, pero algo como esto nunca se hab\u00eda visto, con un concejal siendo atacado por los urbanizadores, y ech\u00e1ndolo de la reuni\u00f3n\u201d, se\u00f1al\u00f3 Barrio.<\/p>\n<p>Barrio, adem\u00e1s, cont\u00f3 que los representantes del country se retiraron de la reuni\u00f3n sin llegar a ning\u00fan acuerdo.<\/p>\n<p>\u201cSe fueron sin ninguna resoluci\u00f3n y amenazando con hacer un juicio de usucapi\u00f3n. Lo que yo pretendo es que se venda a precios justos o sino que se abran al p\u00fablico esas calles y el terreno se use para hacer algo que se necesite desde la Comuna\u201d, cerr\u00f3 Barrio.<\/p>\n<p>La venta de calles y terrenos a Golfer\u2019s no es nueva. El country hab\u00eda sido uno de los que integr\u00f3 el paquete de urbanizaciones que encararon el mecanismo con la Comuna en 2004, entre las que estaban Lagartos y High Land Park. Sin embargo, las negociaciones se frenaron aparentemente por negativa de los miembros del consorcio.<\/p>\n<p>La regularizaci\u00f3n de las calles y tierras p\u00fablicas es uno de los pasos necesarios para que la urbanizaci\u00f3n se termine de constituir como tal ante la provincia.<\/p>\n","protected":false},"excerpt":{"rendered":"<p>La urbanizaci\u00f3n Golfer\u00b4s C.C se niega a pagar lo que pretende el Concejo Deliberante, ya que hay tasaciones que indican que esas parcelas cuestan el triple del valor. Pidieron que el titular de la comisi\u00f3n en la que se discut\u00eda el tema se retire del lugar, quien termin\u00f3 en el hospital por un pico de presi\u00f3n. Hubo momentos de tensi\u00f3n [&#8230;]<\/p>\n","protected":false},"author":4,"featured_media":0,"comment_status":"open","ping_status":"open","sticky":false,"template":"","format":"standard","meta":{"_jetpack_newsletter_access":"","_jetpack_dont_email_post_to_subs":false,"_jetpack_newsletter_tier_id":0,"_jetpack_memberships_contains_paywalled_content":false,"_jetpack_memberships_contains_paid_content":false,"footnotes":""},"categories":[38],"tags":[],"class_list":["post-4959","post","type-post","status-publish","format-standard","hentry","category-locales"],"jetpack_featured_media_url":"","jetpack_shortlink":"https:\/\/wp.me\/p2JWE0-1hZ","jetpack-related-posts":[{"id":101494,"url":"https:\/\/www.24baires.com\/?p=101494","url_meta":{"origin":4959,"position":0},"title":"Se aprob\u00f3 la privatizaci\u00f3n del puerto de Escobar","author":"GB","date":"09\/04\/2018","format":false,"excerpt":"El pasado viernes 6, la mayor\u00eda de los concejales de Escobar aprobaron la venta de parcelas municipales donde se encuentra el puerto de la localidad. Productores y organizaciones ven\u00edan advirtiendo que de esta forma se perder\u00edan puestos laborales y se incentivaba el \u201cnegocio inmobiliario\u201d. En consenso entre el oficialismo y\u2026","rel":"","context":"En \u00abMunicipios\u00bb","block_context":{"text":"Municipios","link":"https:\/\/www.24baires.com\/?cat=44"},"img":{"alt_text":"","src":"https:\/\/i0.wp.com\/www.24baires.com\/wp-content\/uploads\/2018\/04\/puerto-escobar.jpg?resize=350%2C200","width":350,"height":200,"srcset":"https:\/\/i0.wp.com\/www.24baires.com\/wp-content\/uploads\/2018\/04\/puerto-escobar.jpg?resize=350%2C200 1x, https:\/\/i0.wp.com\/www.24baires.com\/wp-content\/uploads\/2018\/04\/puerto-escobar.jpg?resize=525%2C300 1.5x"},"classes":[]},{"id":46375,"url":"https:\/\/www.24baires.com\/?p=46375","url_meta":{"origin":4959,"position":1},"title":"Naci\u00f3n y Provincia trabajan en la urbanizaci\u00f3n del barrio Villa Angus de Z\u00e1rate","author":"GB","date":"20\/05\/2014","format":false,"excerpt":"Se prev\u00e9 la realizaci\u00f3n de asfaltado, red vial el\u00e9ctrica, mejoramiento de plazas y refugios, sistema de desag\u00fces pluviales, adem\u00e1s de obras de equipamiento urbano. \"Junto a Naci\u00f3n desarrollamos un incansable trabajo de urbanizaci\u00f3n\", destac\u00f3 el Ministro de Desarrollo Social bonaerense Eduardo Aparicio. Las obras se llevar\u00e1n a cabo en el\u2026","rel":"","context":"En \u00abLocales\u00bb","block_context":{"text":"Locales","link":"https:\/\/www.24baires.com\/?cat=38"},"img":{"alt_text":"","src":"","width":0,"height":0},"classes":[]},{"id":61043,"url":"https:\/\/www.24baires.com\/?p=61043","url_meta":{"origin":4959,"position":2},"title":"Anses dispuso 622 lotes para beneficiarios del PROCREAR en La Plata","author":"Grupo Sierra","date":"31\/01\/2015","format":false,"excerpt":"El organismo compr\u00f3 sectores en San Carlos y Arturo Segu\u00ed. Ser\u00e1n sorteados entre aquellos que a\u00fan no consiguieron terreno y se inscriban en la p\u00e1gina de la administradora. El jefe de la Anses regional La Plata-Conurbano, Inti P\u00e9rez Aznar, inform\u00f3 que el organismo compr\u00f3 530 lotes en el barrio San\u2026","rel":"","context":"En \u00abLocales\u00bb","block_context":{"text":"Locales","link":"https:\/\/www.24baires.com\/?cat=38"},"img":{"alt_text":"procrear anses","src":"https:\/\/i0.wp.com\/www.24baires.com\/wp-content\/uploads\/2015\/01\/procrear-anses.jpg?resize=350%2C200","width":350,"height":200,"srcset":"https:\/\/i0.wp.com\/www.24baires.com\/wp-content\/uploads\/2015\/01\/procrear-anses.jpg?resize=350%2C200 1x, https:\/\/i0.wp.com\/www.24baires.com\/wp-content\/uploads\/2015\/01\/procrear-anses.jpg?resize=525%2C300 1.5x"},"classes":[]},{"id":117890,"url":"https:\/\/www.24baires.com\/?p=117890","url_meta":{"origin":4959,"position":3},"title":"Alberto Fern\u00e1ndez celebr\u00f3 que la pandemia \u00abpoco a poco se va desvaneciendo\u00bb","author":"AF","date":"20\/07\/2021","format":false,"excerpt":"Al encabezar un acto en Chaco, el Presidente celebr\u00f3 el avance del plan de vacunaci\u00f3n y llam\u00f3 a \"terminar con la cultura de los desencuentros y superar las diferencias\". El presidente\u00a0Alberto Fern\u00e1ndez\u00a0llam\u00f3 este martes \"a terminar con la cultura de los desencuentros y a superar las diferencias\", asegur\u00f3 que la\u2026","rel":"","context":"En \u00abSociedad\u00bb","block_context":{"text":"Sociedad","link":"https:\/\/www.24baires.com\/?cat=1"},"img":{"alt_text":"","src":"https:\/\/i0.wp.com\/www.24baires.com\/wp-content\/uploads\/2021\/07\/alberto-fern%C3%A1ndez.jpg?resize=350%2C200","width":350,"height":200,"srcset":"https:\/\/i0.wp.com\/www.24baires.com\/wp-content\/uploads\/2021\/07\/alberto-fern%C3%A1ndez.jpg?resize=350%2C200 1x, https:\/\/i0.wp.com\/www.24baires.com\/wp-content\/uploads\/2021\/07\/alberto-fern%C3%A1ndez.jpg?resize=525%2C300 1.5x"},"classes":[]},{"id":54503,"url":"https:\/\/www.24baires.com\/?p=54503","url_meta":{"origin":4959,"position":4},"title":"Presentaron la Secretar\u00eda de H\u00e1bitat, con la urbanizaci\u00f3n de 100 barrios","author":"AF","date":"30\/09\/2014","format":false,"excerpt":"La Presidenta explic\u00f3 que el Estado invertir\u00e1 2.118 millones de pesos para la urbanizaci\u00f3n de 100 barrios informales ubicados en todo el pa\u00eds. Adem\u00e1s, suscribi\u00f3 acuerdos de refinanciaci\u00f3n de deuda con cuatro provincias y present\u00f3 resultados de inversiones en saneamiento. \"La Constituci\u00f3n Nacional y nuestras m\u00e1s profundas convicciones nos hacen\u2026","rel":"","context":"En \u00abEconom\u00eda\u00bb","block_context":{"text":"Econom\u00eda","link":"https:\/\/www.24baires.com\/?cat=45"},"img":{"alt_text":"viviendas","src":"https:\/\/i0.wp.com\/www.24baires.com\/wp-content\/uploads\/2013\/12\/viviendas.jpg?resize=350%2C200","width":350,"height":200,"srcset":"https:\/\/i0.wp.com\/www.24baires.com\/wp-content\/uploads\/2013\/12\/viviendas.jpg?resize=350%2C200 1x, https:\/\/i0.wp.com\/www.24baires.com\/wp-content\/uploads\/2013\/12\/viviendas.jpg?resize=525%2C300 1.5x"},"classes":[]},{"id":53209,"url":"https:\/\/www.24baires.com\/?p=53209","url_meta":{"origin":4959,"position":5},"title":"Vecinos de Pilar advierten la construcci\u00f3n de un barrio privado sobre el R\u00edo Luj\u00e1n","author":"GB","date":"07\/09\/2014","format":false,"excerpt":"Varias organizaciones intentan frenar un nuevo desarrollo inmobiliario, el barrio privado Verazul, que abarcar\u00e1 unas 300 hect\u00e1reas. El emprendimiento es publicitado con varias lagunas internas y el aprovechamiento del r\u00edo, que en la pr\u00e1ctica significa su privatizaci\u00f3n en su extensi\u00f3n de seis kil\u00f3metros. Varias organizaciones denuncian desde hace a\u00f1os el\u2026","rel":"","context":"En \u00abLocales\u00bb","block_context":{"text":"Locales","link":"https:\/\/www.24baires.com\/?cat=38"},"img":{"alt_text":"barrio rio","src":"https:\/\/i0.wp.com\/www.24baires.com\/wp-content\/uploads\/2014\/09\/barrio-rio.jpg?resize=350%2C200","width":350,"height":200,"srcset":"https:\/\/i0.wp.com\/www.24baires.com\/wp-content\/uploads\/2014\/09\/barrio-rio.jpg?resize=350%2C200 1x, https:\/\/i0.wp.com\/www.24baires.com\/wp-content\/uploads\/2014\/09\/barrio-rio.jpg?resize=525%2C300 1.5x"},"classes":[]}],"jetpack_sharing_enabled":true,"jetpack_likes_enabled":true,"_links":{"self":[{"href":"https:\/\/www.24baires.com\/index.php?rest_route=\/wp\/v2\/posts\/4959","targetHints":{"allow":["GET"]}}],"collection":[{"href":"https:\/\/www.24baires.com\/index.php?rest_route=\/wp\/v2\/posts"}],"about":[{"href":"https:\/\/www.24baires.com\/index.php?rest_route=\/wp\/v2\/types\/post"}],"author":[{"embeddable":true,"href":"https:\/\/www.24baires.com\/index.php?rest_route=\/wp\/v2\/users\/4"}],"replies":[{"embeddable":true,"href":"https:\/\/www.24baires.com\/index.php?rest_route=%2Fwp%2Fv2%2Fcomments&post=4959"}],"version-history":[{"count":3,"href":"https:\/\/www.24baires.com\/index.php?rest_route=\/wp\/v2\/posts\/4959\/revisions"}],"predecessor-version":[{"id":4961,"href":"https:\/\/www.24baires.com\/index.php?rest_route=\/wp\/v2\/posts\/4959\/revisions\/4961"}],"wp:attachment":[{"href":"https:\/\/www.24baires.com\/index.php?rest_route=%2Fwp%2Fv2%2Fmedia&parent=4959"}],"wp:term":[{"taxonomy":"category","embeddable":true,"href":"https:\/\/www.24baires.com\/index.php?rest_route=%2Fwp%2Fv2%2Fcategories&post=4959"},{"taxonomy":"post_tag","embeddable":true,"href":"https:\/\/www.24baires.com\/index.php?rest_route=%2Fwp%2Fv2%2Ftags&post=4959"}],"curies":[{"name":"wp","href":"https:\/\/api.w.org\/{rel}","templated":true}]}}