{"id":4948,"date":"2012-11-10T19:16:19","date_gmt":"2012-11-10T22:16:19","guid":{"rendered":"http:\/\/www.24baires.com\/?p=4948"},"modified":"2012-11-10T19:16:19","modified_gmt":"2012-11-10T22:16:19","slug":"archivaron-la-causa-que-investigaba-la-desaparicion-de-un-piloto-en-enero-de-2011","status":"publish","type":"post","link":"https:\/\/www.24baires.com\/?p=4948","title":{"rendered":"Archivaron la causa que investigaba la desaparici\u00f3n de un piloto en enero de 2011"},"content":{"rendered":"<p>La fiscal\u00eda penal de La Plata archiv\u00f3 la causa que investigaba la desaparici\u00f3n del piloto Alejandro Ferzola, quien fue visto por \u00faltima vez el 2 de enero de 2011 cuando comandaba un helic\u00f3ptero que se dirig\u00eda hacia la localidad de Santa Teresita.<!--more--><br \/>\nLa medida fue dispuesta por el fiscal penal de la causa, Juan Cruz Condom\u00ed Alcorta, al transcurrir un tiempo sin que se registren novedades en la investigaci\u00f3n, aunque en la resoluci\u00f3n se aclara que si surgiera alguna nueva pista se reabrir\u00e1 el expediente.<br \/>\nSemanas atr\u00e1s se conocieron los resultados del an\u00e1lisis de ADN realizados a varios cad\u00e1veres NN hallados en la \u00e9poca en que desapareci\u00f3 Ferzola en cementerios de Quilmes, Florencio Varela y Jun\u00edn, pero todos dieron negativo, es decir, no corresponden al piloto desaparecido.<br \/>\nAlejandro Ferzola desapareci\u00f3 el 2 de enero de 2011, cuando comandaba un helic\u00f3ptero Robinson 44 que parti\u00f3 desde el aer\u00f3dromo de Brandsen hacia la localidad balnearia de Santa Teresita, donde iba a recargar combustible.<br \/>\nLa idea era volar hasta Pinamar para sumarse al control de tr\u00e1nsito que desarrollaba por entonces la Agencia Nacional de Seguridad Vial (ANSV), para el cual hab\u00eda sido contratado el piloto.<br \/>\nLa Administraci\u00f3n Nacional de la Aviaci\u00f3n Civil realiz\u00f3 una b\u00fasqueda en la que emple\u00f3 18 aeronaves que recorrieron unos 9.000 kil\u00f3metros en esa tarea pero no pudo hallarse ni el piloto ni su nave.<\/p>\n","protected":false},"excerpt":{"rendered":"<p>La fiscal\u00eda penal de La Plata archiv\u00f3 la causa que investigaba la desaparici\u00f3n del piloto Alejandro Ferzola, quien fue visto por \u00faltima vez el 2 de enero de 2011 cuando comandaba un helic\u00f3ptero que se dirig\u00eda hacia la localidad de Santa Teresita.<\/p>\n","protected":false},"author":4,"featured_media":0,"comment_status":"open","ping_status":"open","sticky":false,"template":"","format":"standard","meta":{"_jetpack_newsletter_access":"","_jetpack_dont_email_post_to_subs":false,"_jetpack_newsletter_tier_id":0,"_jetpack_memberships_contains_paywalled_content":false,"_jetpack_memberships_contains_paid_content":false,"footnotes":""},"categories":[1],"tags":[],"class_list":["post-4948","post","type-post","status-publish","format-standard","hentry","category-sociedad"],"jetpack_featured_media_url":"","jetpack_shortlink":"https:\/\/wp.me\/p2JWE0-1hO","jetpack-related-posts":[{"id":104738,"url":"https:\/\/www.24baires.com\/?p=104738","url_meta":{"origin":4948,"position":0},"title":"Un suboficial denunci\u00f3 que fue presionado para que ocultara informaci\u00f3n sobre el ARA San Juan","author":"AF","date":"02\/10\/2018","format":false,"excerpt":"Rub\u00e9n Esp\u00ednola, que presta funciones en el \u00e1rea de comunicaciones de la Armada, asegur\u00f3 se produjeron tres frecuencias el 15 del noviembre de 2017, d\u00eda en que desapareci\u00f3 la nave. La causa del juzgado de Caleta Olivia, a cargo de Marta Y\u00e1\u00f1ez, que investiga las responsabilidades penales por la desaparici\u00f3n\u2026","rel":"","context":"En \u00abSociedad\u00bb","block_context":{"text":"Sociedad","link":"https:\/\/www.24baires.com\/?cat=1"},"img":{"alt_text":"","src":"https:\/\/i0.wp.com\/www.24baires.com\/wp-content\/uploads\/2017\/11\/ara-submarino-san-juan.jpg?resize=350%2C200","width":350,"height":200,"srcset":"https:\/\/i0.wp.com\/www.24baires.com\/wp-content\/uploads\/2017\/11\/ara-submarino-san-juan.jpg?resize=350%2C200 1x, https:\/\/i0.wp.com\/www.24baires.com\/wp-content\/uploads\/2017\/11\/ara-submarino-san-juan.jpg?resize=525%2C300 1.5x"},"classes":[]},{"id":68191,"url":"https:\/\/www.24baires.com\/?p=68191","url_meta":{"origin":4948,"position":1},"title":"Vicky Xipolitakis y los dos pilotos de Austral fueron denunciados penalmente","author":"AF","date":"26\/06\/2015","format":false,"excerpt":"Tras el video lleg\u00f3 la denuncia penal a la vedette y a los dos pilotos. Vicky Xipolitakis fue protagonista de uno de los mayores esc\u00e1ndalos del a\u00f1o luego de que se difundiera un video donde se la ve manejando un avi\u00f3n de Austral en presencia de los dos pilotos. Por\u2026","rel":"","context":"En \u00abSociedad\u00bb","block_context":{"text":"Sociedad","link":"https:\/\/www.24baires.com\/?cat=1"},"img":{"alt_text":"pilotos xipolitakis","src":"https:\/\/i0.wp.com\/www.24baires.com\/wp-content\/uploads\/2015\/06\/pilotos-xipolitakis.jpg?resize=350%2C200","width":350,"height":200,"srcset":"https:\/\/i0.wp.com\/www.24baires.com\/wp-content\/uploads\/2015\/06\/pilotos-xipolitakis.jpg?resize=350%2C200 1x, https:\/\/i0.wp.com\/www.24baires.com\/wp-content\/uploads\/2015\/06\/pilotos-xipolitakis.jpg?resize=525%2C300 1.5x"},"classes":[]},{"id":49716,"url":"https:\/\/www.24baires.com\/?p=49716","url_meta":{"origin":4948,"position":2},"title":"Casaci\u00f3n orden\u00f3 buscar a Luciano Arruga y cuestion\u00f3 la investigaci\u00f3n","author":"GB","date":"12\/07\/2014","format":false,"excerpt":"Los jueces hicieron lugar a un habeas corpus presentado por la familia del joven, quien desapareci\u00f3 en 2009 luego de haber estado presuntamente en un destacamento policial de Lomas del Mirador. a C\u00e1mara Federal de Casaci\u00f3n Penal orden\u00f3 que se busque al joven desaparecido en 2009 luego de haber estado\u2026","rel":"","context":"En \u00abJUDICIALES\u00bb","block_context":{"text":"JUDICIALES","link":"https:\/\/www.24baires.com\/?cat=68"},"img":{"alt_text":"luciano","src":"https:\/\/i0.wp.com\/www.24baires.com\/wp-content\/uploads\/2014\/02\/luciano.jpg?resize=350%2C200","width":350,"height":200,"srcset":"https:\/\/i0.wp.com\/www.24baires.com\/wp-content\/uploads\/2014\/02\/luciano.jpg?resize=350%2C200 1x, https:\/\/i0.wp.com\/www.24baires.com\/wp-content\/uploads\/2014\/02\/luciano.jpg?resize=525%2C300 1.5x"},"classes":[]},{"id":59119,"url":"https:\/\/www.24baires.com\/?p=59119","url_meta":{"origin":4948,"position":3},"title":"La Justicia acept\u00f3 a la esposa de Benedit como querellante","author":"AF","date":"24\/12\/2014","format":false,"excerpt":"El juez Fernando Cubas acept\u00f3 el pedido de \u00c1ngeles Fornieles quien pasar\u00e1 a tener un rol m\u00e1s activo en la investigaci\u00f3n a cargo de la fiscal, y podr\u00e1 pedir medidas de pruebas. Ser\u00e1 representada por el penalista Nicol\u00e1s Durrieu. Los investigadores siguen buscando la moto en la que se desplazaba\u2026","rel":"","context":"En \u00abJUDICIALES\u00bb","block_context":{"text":"JUDICIALES","link":"https:\/\/www.24baires.com\/?cat=68"},"img":{"alt_text":"benedit dos","src":"https:\/\/i0.wp.com\/www.24baires.com\/wp-content\/uploads\/2014\/12\/benedit-dos.jpg?resize=350%2C200","width":350,"height":200,"srcset":"https:\/\/i0.wp.com\/www.24baires.com\/wp-content\/uploads\/2014\/12\/benedit-dos.jpg?resize=350%2C200 1x, https:\/\/i0.wp.com\/www.24baires.com\/wp-content\/uploads\/2014\/12\/benedit-dos.jpg?resize=525%2C300 1.5x"},"classes":[]},{"id":100098,"url":"https:\/\/www.24baires.com\/?p=100098","url_meta":{"origin":4948,"position":4},"title":"La justicia de Caleta Olivia cit\u00f3 a autoridades de la Armada por la desaparici\u00f3n del submarino","author":"AF","date":"22\/01\/2018","format":false,"excerpt":"La jueza federal de Caleta Olivia, Marta Y\u00e1\u00f1ez, cit\u00f3 a autoridades de rango superior de la Armada Argentina como testigos en la causa que investiga la desaparici\u00f3n del submarino ARA San Juan. La jueza federal de Caleta Olivia, Marta Y\u00e1\u00f1ez, cit\u00f3 a partir del 29 de enero a autoridades de\u2026","rel":"","context":"En \u00abJUDICIALES\u00bb","block_context":{"text":"JUDICIALES","link":"https:\/\/www.24baires.com\/?cat=68"},"img":{"alt_text":"","src":"https:\/\/i0.wp.com\/www.24baires.com\/wp-content\/uploads\/2017\/11\/submarino.jpg?resize=350%2C200","width":350,"height":200,"srcset":"https:\/\/i0.wp.com\/www.24baires.com\/wp-content\/uploads\/2017\/11\/submarino.jpg?resize=350%2C200 1x, https:\/\/i0.wp.com\/www.24baires.com\/wp-content\/uploads\/2017\/11\/submarino.jpg?resize=525%2C300 1.5x"},"classes":[]},{"id":98185,"url":"https:\/\/www.24baires.com\/?p=98185","url_meta":{"origin":4948,"position":5},"title":"Aclaran la situaci\u00f3n procesal del gendarme Echaz\u00fa","author":"AF","date":"19\/10\/2017","format":false,"excerpt":"A trav\u00e9s de un comunicado, detall\u00f3 que el subalf\u00e9rez se present\u00f3 espont\u00e1neamente despu\u00e9s de que trascendieran las contradicciones entre diferentes testimonios acerca de la lesi\u00f3n que sufri\u00f3 durante la incursi\u00f3n de Gendarmer\u00eda al territorio mapuche el 1 de agosto pasado. La Fiscal\u00eda de Esquel, a cargo de Silvina \u00c1vila, aclar\u00f3\u2026","rel":"","context":"En \u00abJUDICIALES\u00bb","block_context":{"text":"JUDICIALES","link":"https:\/\/www.24baires.com\/?cat=68"},"img":{"alt_text":"","src":"https:\/\/i0.wp.com\/www.24baires.com\/wp-content\/uploads\/2017\/10\/echazu.jpg?resize=350%2C200","width":350,"height":200,"srcset":"https:\/\/i0.wp.com\/www.24baires.com\/wp-content\/uploads\/2017\/10\/echazu.jpg?resize=350%2C200 1x, https:\/\/i0.wp.com\/www.24baires.com\/wp-content\/uploads\/2017\/10\/echazu.jpg?resize=525%2C300 1.5x"},"classes":[]}],"jetpack_sharing_enabled":true,"jetpack_likes_enabled":true,"_links":{"self":[{"href":"https:\/\/www.24baires.com\/index.php?rest_route=\/wp\/v2\/posts\/4948","targetHints":{"allow":["GET"]}}],"collection":[{"href":"https:\/\/www.24baires.com\/index.php?rest_route=\/wp\/v2\/posts"}],"about":[{"href":"https:\/\/www.24baires.com\/index.php?rest_route=\/wp\/v2\/types\/post"}],"author":[{"embeddable":true,"href":"https:\/\/www.24baires.com\/index.php?rest_route=\/wp\/v2\/users\/4"}],"replies":[{"embeddable":true,"href":"https:\/\/www.24baires.com\/index.php?rest_route=%2Fwp%2Fv2%2Fcomments&post=4948"}],"version-history":[{"count":2,"href":"https:\/\/www.24baires.com\/index.php?rest_route=\/wp\/v2\/posts\/4948\/revisions"}],"predecessor-version":[{"id":4950,"href":"https:\/\/www.24baires.com\/index.php?rest_route=\/wp\/v2\/posts\/4948\/revisions\/4950"}],"wp:attachment":[{"href":"https:\/\/www.24baires.com\/index.php?rest_route=%2Fwp%2Fv2%2Fmedia&parent=4948"}],"wp:term":[{"taxonomy":"category","embeddable":true,"href":"https:\/\/www.24baires.com\/index.php?rest_route=%2Fwp%2Fv2%2Fcategories&post=4948"},{"taxonomy":"post_tag","embeddable":true,"href":"https:\/\/www.24baires.com\/index.php?rest_route=%2Fwp%2Fv2%2Ftags&post=4948"}],"curies":[{"name":"wp","href":"https:\/\/api.w.org\/{rel}","templated":true}]}}