{"id":4941,"date":"2012-11-10T18:57:54","date_gmt":"2012-11-10T21:57:54","guid":{"rendered":"http:\/\/www.24baires.com\/?p=4941"},"modified":"2012-11-10T18:57:54","modified_gmt":"2012-11-10T21:57:54","slug":"a-traves-de-las-redes-sociales-financian-proyectos-colectivos","status":"publish","type":"post","link":"https:\/\/www.24baires.com\/?p=4941","title":{"rendered":"A trav\u00e9s de las redes sociales financian &#8216;proyectos colectivos&#8217;"},"content":{"rendered":"<p><img data-recalc-dims=\"1\" loading=\"lazy\" decoding=\"async\" class=\"alignleft size-full wp-image-4942\" title=\"panal de ideas\" src=\"https:\/\/i0.wp.com\/www.24baires.com\/wp-content\/uploads\/2012\/11\/panal-de-ideas.jpg?resize=300%2C200\" alt=\"\" width=\"300\" height=\"200\" \/>El representante de la firma Panal de Ideas, Patricio Sabatini, dijo que ya financiaron diez proyectos, algunos de hasta 30 mil pesos.<!--more--><br \/>\nPatricio Sabatini, director de Panal de Ideas, dijo que \u201cel financiamiento colectivo es juntar dinero entre muchos, desde una posici\u00f3n de mentalidad nueva, con las redes sociales\u201d. Esta iniciativa \u201cgenera nuevas posibilidades para personas que quieren hacer proyectos y no los pueden financiar\u201d.<\/p>\n<p>El proyecto puede ser desde \u201cun disco, una obra de teatro, una pel\u00edcula, evento, etc., donde la gente colabora y el artista junta el dinero para efectuarlo\u201d.<\/p>\n<p>\u201cNo es caridad, tiene un perfil solidario; todas personas que colaboran con artista se llevan algo a cambio. El artista explica su proyecto, muestran cosas realizadas, hacen llamados a la comunidad, para que puedan realizarlo, a cambio de los montos\u201d.<\/p>\n<p>\u201cHay un cambio de cultura, el perfil comunitario es subir pelda\u00f1os entre todos\u201d, aclar\u00f3.<\/p>\n<p>El sitio es www.panaldeideas.com.<\/p>\n","protected":false},"excerpt":{"rendered":"<p>El representante de la firma Panal de Ideas, Patricio Sabatini, dijo que ya financiaron diez proyectos, algunos de hasta 30 mil pesos.<\/p>\n","protected":false},"author":4,"featured_media":0,"comment_status":"open","ping_status":"open","sticky":false,"template":"","format":"standard","meta":{"_jetpack_newsletter_access":"","_jetpack_dont_email_post_to_subs":false,"_jetpack_newsletter_tier_id":0,"_jetpack_memberships_contains_paywalled_content":false,"_jetpack_memberships_contains_paid_content":false,"footnotes":""},"categories":[46],"tags":[],"class_list":["post-4941","post","type-post","status-publish","format-standard","hentry","category-tecnologia"],"jetpack_featured_media_url":"","jetpack_shortlink":"https:\/\/wp.me\/p2JWE0-1hH","jetpack-related-posts":[{"id":16102,"url":"https:\/\/www.24baires.com\/?p=16102","url_meta":{"origin":4941,"position":0},"title":"Contin\u00faa abierta la Inscripci\u00f3n para el Desaf\u00edo 48 Hs. Tandil de Cine","author":"AF","date":"19\/02\/2013","format":false,"excerpt":"La II Edici\u00f3n del Desaf\u00edo 48hs comenzar\u00e1 el 11 de abril de 2013 y la ciudad de Tandil se convertir\u00e1 en un gran set de filmaci\u00f3n, en donde diez equipos de trabajo filmar\u00e1n y editar\u00e1n cortometrajes en s\u00f3lo dos d\u00edas y en simult\u00e1neo. 2\u00ba Desaf\u00edo 48hs es una competencia que\u2026","rel":"","context":"En \u00abLocales\u00bb","block_context":{"text":"Locales","link":"https:\/\/www.24baires.com\/?cat=38"},"img":{"alt_text":"","src":"","width":0,"height":0},"classes":[]},{"id":106803,"url":"https:\/\/www.24baires.com\/?p=106803","url_meta":{"origin":4941,"position":1},"title":"Hasta marzo no habr\u00e1 sesiones en el Congreso Nacional","author":"AF","date":"12\/02\/2019","format":false,"excerpt":"El Gobierno, finalmente, no convocar\u00e1 a sesiones extraordinarias. En un encuentro entre el ministro de Interior, Rogelio Frigerio, y el senador peronista Miguel Angel Pichetto terminaron de sepultarse las ilusiones del oficialismo de adelantar la discusi\u00f3n de las leyes que busca aprobar. No obstante, en ese mismo encuentro hubo un\u2026","rel":"","context":"En \u00abPol\u00edtica\u00bb","block_context":{"text":"Pol\u00edtica","link":"https:\/\/www.24baires.com\/?cat=51"},"img":{"alt_text":"","src":"https:\/\/i0.wp.com\/www.24baires.com\/wp-content\/uploads\/2019\/02\/congreso.jpg?resize=350%2C200","width":350,"height":200,"srcset":"https:\/\/i0.wp.com\/www.24baires.com\/wp-content\/uploads\/2019\/02\/congreso.jpg?resize=350%2C200 1x, https:\/\/i0.wp.com\/www.24baires.com\/wp-content\/uploads\/2019\/02\/congreso.jpg?resize=525%2C300 1.5x"},"classes":[]},{"id":107294,"url":"https:\/\/www.24baires.com\/?p=107294","url_meta":{"origin":4941,"position":2},"title":"Buscan transparentar las campa\u00f1as para evitar \u00abaportantes truchos\u00bb","author":"AF","date":"20\/03\/2019","format":false,"excerpt":"Luego de ser aprobado este mi\u00e9rcoles en el Senado, el proyecto de ley de financiamiento de partidos pol\u00edticos persigue bancarizar y transparentar los aportes de dinero para las campa\u00f1as electorales. Ahora pasar\u00e1 a Diputados. El Senado de la Naci\u00f3n sesionar\u00e1 esta tarde para aprobar el proyecto de ley de financiamiento\u2026","rel":"","context":"En \u00abSociedad\u00bb","block_context":{"text":"Sociedad","link":"https:\/\/www.24baires.com\/?cat=1"},"img":{"alt_text":"","src":"https:\/\/i0.wp.com\/www.24baires.com\/wp-content\/uploads\/2019\/03\/vidal.jpg?resize=350%2C200","width":350,"height":200,"srcset":"https:\/\/i0.wp.com\/www.24baires.com\/wp-content\/uploads\/2019\/03\/vidal.jpg?resize=350%2C200 1x, https:\/\/i0.wp.com\/www.24baires.com\/wp-content\/uploads\/2019\/03\/vidal.jpg?resize=525%2C300 1.5x"},"classes":[]},{"id":116696,"url":"https:\/\/www.24baires.com\/?p=116696","url_meta":{"origin":4941,"position":3},"title":"El Frente de Todos conf\u00eda en que tendr\u00e1 los votos para aprobar el Aporte Solidario Extraordinario","author":"AF","date":"13\/11\/2020","format":false,"excerpt":"Despu\u00e9s de la convocatoria del oficialismo y bloques opositores a una sesi\u00f3n especial el pr\u00f3ximo martes para tratar el Aporte Solidario Extraordinario de las Grandes Fortunas, referentes del Frente de Todos manifestaron su optimismo y sus expectativas de que la iniciativa, que busca generar recursos ante la crisis desatada por\u2026","rel":"","context":"En \u00abPol\u00edtica\u00bb","block_context":{"text":"Pol\u00edtica","link":"https:\/\/www.24baires.com\/?cat=51"},"img":{"alt_text":"","src":"https:\/\/i0.wp.com\/www.24baires.com\/wp-content\/uploads\/2020\/04\/massa.jpg?resize=350%2C200","width":350,"height":200,"srcset":"https:\/\/i0.wp.com\/www.24baires.com\/wp-content\/uploads\/2020\/04\/massa.jpg?resize=350%2C200 1x, https:\/\/i0.wp.com\/www.24baires.com\/wp-content\/uploads\/2020\/04\/massa.jpg?resize=525%2C300 1.5x"},"classes":[]},{"id":31310,"url":"https:\/\/www.24baires.com\/?p=31310","url_meta":{"origin":4941,"position":4},"title":"Ganancias: Diputados dio media sanci\u00f3n al proyecto","author":"GB","date":"04\/09\/2013","format":false,"excerpt":"La C\u00e1mara de Diputados aprob\u00f3 y gir\u00f3 al Senado el proyecto de ley que grava dividendos de acciones de empresas que no cotizan en Bolsa, con el fin de financiar los cambios instrumentados por el gobierno nacional en el Impuesto a las Ganancias para que los trabajadores que perciben hasta\u2026","rel":"","context":"En \u00abPol\u00edtica\u00bb","block_context":{"text":"Pol\u00edtica","link":"https:\/\/www.24baires.com\/?cat=51"},"img":{"alt_text":"Diputados- ganancias","src":"https:\/\/i0.wp.com\/www.24baires.com\/wp-content\/uploads\/2013\/09\/Diputados-ganancias-300x199.jpg?resize=350%2C200","width":350,"height":200},"classes":[]},{"id":112280,"url":"https:\/\/www.24baires.com\/?p=112280","url_meta":{"origin":4941,"position":5},"title":"Buscan prohibir la denominaci\u00f3n \u00abconcurso de belleza\u00bb en provincia de Buenos Aires","author":"GB","date":"28\/09\/2019","format":false,"excerpt":"Un proyecto de ley presentado en la C\u00e1mara de Diputados bonaerense busca prohibir que los cert\u00e1menes para la elecci\u00f3n de representantes de fiestas regionales o zonales, que se desarrollen en territorio bonaerense, se denominen \u201cconcurso de belleza o elecci\u00f3n de la reina\u201d haciendo alusi\u00f3n a las caracter\u00edsticas f\u00edsicas de las\u2026","rel":"","context":"En \u00abProvincia\u00bb","block_context":{"text":"Provincia","link":"https:\/\/www.24baires.com\/?cat=40"},"img":{"alt_text":"","src":"https:\/\/i0.wp.com\/www.24baires.com\/wp-content\/uploads\/2014\/04\/concurso-belleza.jpg?resize=350%2C200","width":350,"height":200,"srcset":"https:\/\/i0.wp.com\/www.24baires.com\/wp-content\/uploads\/2014\/04\/concurso-belleza.jpg?resize=350%2C200 1x, https:\/\/i0.wp.com\/www.24baires.com\/wp-content\/uploads\/2014\/04\/concurso-belleza.jpg?resize=525%2C300 1.5x"},"classes":[]}],"jetpack_sharing_enabled":true,"jetpack_likes_enabled":true,"_links":{"self":[{"href":"https:\/\/www.24baires.com\/index.php?rest_route=\/wp\/v2\/posts\/4941","targetHints":{"allow":["GET"]}}],"collection":[{"href":"https:\/\/www.24baires.com\/index.php?rest_route=\/wp\/v2\/posts"}],"about":[{"href":"https:\/\/www.24baires.com\/index.php?rest_route=\/wp\/v2\/types\/post"}],"author":[{"embeddable":true,"href":"https:\/\/www.24baires.com\/index.php?rest_route=\/wp\/v2\/users\/4"}],"replies":[{"embeddable":true,"href":"https:\/\/www.24baires.com\/index.php?rest_route=%2Fwp%2Fv2%2Fcomments&post=4941"}],"version-history":[{"count":2,"href":"https:\/\/www.24baires.com\/index.php?rest_route=\/wp\/v2\/posts\/4941\/revisions"}],"predecessor-version":[{"id":4944,"href":"https:\/\/www.24baires.com\/index.php?rest_route=\/wp\/v2\/posts\/4941\/revisions\/4944"}],"wp:attachment":[{"href":"https:\/\/www.24baires.com\/index.php?rest_route=%2Fwp%2Fv2%2Fmedia&parent=4941"}],"wp:term":[{"taxonomy":"category","embeddable":true,"href":"https:\/\/www.24baires.com\/index.php?rest_route=%2Fwp%2Fv2%2Fcategories&post=4941"},{"taxonomy":"post_tag","embeddable":true,"href":"https:\/\/www.24baires.com\/index.php?rest_route=%2Fwp%2Fv2%2Ftags&post=4941"}],"curies":[{"name":"wp","href":"https:\/\/api.w.org\/{rel}","templated":true}]}}