{"id":4939,"date":"2012-11-10T18:45:45","date_gmt":"2012-11-10T21:45:45","guid":{"rendered":"http:\/\/www.24baires.com\/?p=4939"},"modified":"2012-11-10T18:45:46","modified_gmt":"2012-11-10T21:45:46","slug":"la-cnrt-secuestro-19-colectivos-y-7-combis","status":"publish","type":"post","link":"https:\/\/www.24baires.com\/?p=4939","title":{"rendered":"La CNRT secuestr\u00f3 19 colectivos y 7 combis"},"content":{"rendered":"<p>Durante la \u00faltima semana, la Comisi\u00f3n Nacional de Regulaci\u00f3n del Transporte (CNRT) realiz\u00f3 operativos sorpresa al transporte urbano de pasajeros en distintos puntos de la Capital Federal y de la provincia de Buenos Aires, de los cuales fueron secuestrados 19 colectivos urbanos y 7 combis.<!--more--><br \/>\nLos inspectores de la CNRT, junto con la Polic\u00eda Federal Argentina y el Ministerio de Trabajo llevaron a cabo controles a los colectivos urbanos y a las combis de pasajeros que circulaban por la Av. 9 de Julio y por la zona de Plaza Italia, barrio Palermo.<\/p>\n<p>Mientras que en la provincia de Buenos Aires, las inspecciones fueron en el Peaje Luj\u00e1n y Peaje Dock Sud, La Plata.<\/p>\n<p>En los operativos se verific\u00f3 que las unidades estuvieran debidamente habilitadas para prestar el servicio, y que los choferes tuvieran la Libreta de Trabajo y la Licencia Nacional Habilitante en vigencia.<\/p>\n<p>La CNRT inspeccion\u00f3 76 combis de las cuales 7 quedaron retenidas por no cumplir con los permisos correspondientes; asimismo, 19 colectivos urbanos quedaron fuera de servicio y fueron trasladados a los predios de la Comisi\u00f3n.<\/p>\n<p>Por otra parte, los fiscalizadores del Ministerio de Trabajo labraron 33 infracciones por irregularidades en la Libreta de Trabajo de los choferes de las combis.<\/p>\n<p>En el transcurso de los \u00faltimos meses, el titular de la CNRT, Ariel Franetovich, profundiz\u00f3 los controles y la fiscalizaci\u00f3n al transporte de pasajeros en todo el pa\u00eds, siguiendo con la pol\u00edtica del Ministro del Interior y Transporte, Florencio Randazzo, de darle mayor exigencia en materia de seguridad.<\/p>\n<p>Estas medidas buscan mejorar el sistema de transporte p\u00fablico, y sobretodo, proteger a los usuarios para que viajen seguros.<\/p>\n","protected":false},"excerpt":{"rendered":"<p>Durante la \u00faltima semana, la Comisi\u00f3n Nacional de Regulaci\u00f3n del Transporte (CNRT) realiz\u00f3 operativos sorpresa al transporte urbano de pasajeros en distintos puntos de la Capital Federal y de la provincia de Buenos Aires, de los cuales fueron secuestrados 19 colectivos urbanos y 7 combis.<\/p>\n","protected":false},"author":4,"featured_media":0,"comment_status":"open","ping_status":"open","sticky":false,"template":"","format":"standard","meta":{"_jetpack_newsletter_access":"","_jetpack_dont_email_post_to_subs":false,"_jetpack_newsletter_tier_id":0,"_jetpack_memberships_contains_paywalled_content":false,"_jetpack_memberships_contains_paid_content":false,"footnotes":""},"categories":[1],"tags":[],"class_list":["post-4939","post","type-post","status-publish","format-standard","hentry","category-sociedad"],"jetpack_featured_media_url":"","jetpack_shortlink":"https:\/\/wp.me\/p2JWE0-1hF","jetpack-related-posts":[{"id":115417,"url":"https:\/\/www.24baires.com\/?p=115417","url_meta":{"origin":4939,"position":0},"title":"Intensifican los controles en el transporte p\u00fablico","author":"GB","date":"22\/06\/2020","format":false,"excerpt":"Ante el aumento de contagios en el AMBA, el titular de la CNRT, Jos\u00e9 Ram\u00f3n Arteaga coment\u00f3 que el problema \u201cno es el transporte, sino la circulaci\u00f3n de gente en la calle\u201d. La cantidad de contagio de Coronavirus en el \u00c1rea Metropolitana de la provincia de Buenos Aires no cesa.\u2026","rel":"","context":"En \u00abPol\u00edtica\u00bb","block_context":{"text":"Pol\u00edtica","link":"https:\/\/www.24baires.com\/?cat=51"},"img":{"alt_text":"","src":"https:\/\/i0.wp.com\/www.24baires.com\/wp-content\/uploads\/2020\/06\/colectivo-desinfeccion.jpg?resize=350%2C200","width":350,"height":200,"srcset":"https:\/\/i0.wp.com\/www.24baires.com\/wp-content\/uploads\/2020\/06\/colectivo-desinfeccion.jpg?resize=350%2C200 1x, https:\/\/i0.wp.com\/www.24baires.com\/wp-content\/uploads\/2020\/06\/colectivo-desinfeccion.jpg?resize=525%2C300 1.5x"},"classes":[]},{"id":36307,"url":"https:\/\/www.24baires.com\/?p=36307","url_meta":{"origin":4939,"position":1},"title":"La CNRT control\u00f3 un 35% m\u00e1s de veh\u00edculos que en 2012","author":"AF","date":"06\/12\/2013","format":false,"excerpt":"Los operativos se realizaron en conjunto con Gendarmer\u00eda Nacional en terminales de \u00f3mnibus y rutas nacionales a fin de verificar que las unidades estuvieran habilitadas para prestar el servicio. La Comisi\u00f3n Nacional de Regulaci\u00f3n de Transporte (CNRT) fiscaliz\u00f3 m\u00e1s de 240 mil veh\u00edculos de transporte automotor de pasajeros y de\u2026","rel":"","context":"En \u00abSociedad\u00bb","block_context":{"text":"Sociedad","link":"https:\/\/www.24baires.com\/?cat=1"},"img":{"alt_text":"","src":"","width":0,"height":0},"classes":[]},{"id":62644,"url":"https:\/\/www.24baires.com\/?p=62644","url_meta":{"origin":4939,"position":2},"title":"\u00abLa aplicaci\u00f3n Uber pone en peligro a los taxistas de Capital\u00bb","author":"Grupo Sierra","date":"04\/03\/2015","format":false,"excerpt":"Choferes pidieron una reuni\u00f3n con macri. Consideran que esa aplicaci\u00f3n perjudicar\u00e1 su trabajo. Tambi\u00e9n buscar\u00e1n discutir con el jefe de gobierno porte\u00f1o sobre los carriles exclusivos de la autopista, donde se defini\u00f3 que podr\u00e1n funcionar colectivos y combis. Los trabajadores de las m\u00e1s grandes asociaciones de la Ciudad se reunieron\u2026","rel":"","context":"En \u00abLocales\u00bb","block_context":{"text":"Locales","link":"https:\/\/www.24baires.com\/?cat=38"},"img":{"alt_text":"taxis legislatura porte\u00f1a","src":"https:\/\/i0.wp.com\/www.24baires.com\/wp-content\/uploads\/2014\/09\/taxis-legislatura-porte%C3%B1a.png?resize=350%2C200","width":350,"height":200,"srcset":"https:\/\/i0.wp.com\/www.24baires.com\/wp-content\/uploads\/2014\/09\/taxis-legislatura-porte%C3%B1a.png?resize=350%2C200 1x, https:\/\/i0.wp.com\/www.24baires.com\/wp-content\/uploads\/2014\/09\/taxis-legislatura-porte%C3%B1a.png?resize=525%2C300 1.5x"},"classes":[]},{"id":88275,"url":"https:\/\/www.24baires.com\/?p=88275","url_meta":{"origin":4939,"position":3},"title":"Bah\u00eda Blanca: detectan coca\u00edna en otros dos conductores que llevaban egresados","author":"AF","date":"04\/10\/2016","format":false,"excerpt":"En un nuevo control se detect\u00f3 coca\u00edna en dos choferes de un colectivo de larga distancia y otro que trasladaba egresados durante un operativo llevado a cabo en la terminal de \u00f3mnibus de Bah\u00eda Blanca. Un nuevo control detect\u00f3 coca\u00edna en dos choferes de un colectivo de larga distancia y\u2026","rel":"","context":"En \u00abSociedad\u00bb","block_context":{"text":"Sociedad","link":"https:\/\/www.24baires.com\/?cat=1"},"img":{"alt_text":"inspeccionbus","src":"https:\/\/i0.wp.com\/www.24baires.com\/wp-content\/uploads\/2012\/10\/inspeccionbus-300x224.jpg?resize=350%2C200","width":350,"height":200},"classes":[]},{"id":42577,"url":"https:\/\/www.24baires.com\/?p=42577","url_meta":{"origin":4939,"position":4},"title":"Denunciaron al intendente Mestre por robo de subsidios nacionales","author":"Grupo Sierra","date":"22\/03\/2014","format":false,"excerpt":"El concejal por el Frente C\u00edvico (FC), Daniel Juez, denunci\u00f3 ante la justicia federal al intendente de la ciudad de C\u00f3rdoba, Ram\u00f3n Mestre (UCR), por una supuesta estafa en el cobro de subsidios nacionales para unidades del sistema de transporte urbano de pasajeros de la capital provincial. Seg\u00fan inform\u00f3 el\u2026","rel":"","context":"En \u00abPol\u00edtica\u00bb","block_context":{"text":"Pol\u00edtica","link":"https:\/\/www.24baires.com\/?cat=51"},"img":{"alt_text":"mestre","src":"https:\/\/i0.wp.com\/www.24baires.com\/wp-content\/uploads\/2014\/03\/mestre-300x170.jpg?resize=350%2C200","width":350,"height":200},"classes":[]},{"id":114855,"url":"https:\/\/www.24baires.com\/?p=114855","url_meta":{"origin":4939,"position":5},"title":"Extreman medidas para viajar en el transporte p\u00fablico","author":"GB","date":"28\/04\/2020","format":false,"excerpt":"El Gobierno estableci\u00f3 un nuevo protocolo para el uso de colectivos, micros y veh\u00edculos de carga por la mayor circulaci\u00f3n de personas a causa de la flexibilizaci\u00f3n de actividades. A trav\u00e9s de la disposici\u00f3n 28\/2020 de la Comisi\u00f3n Nacional de Regulaci\u00f3n del Transporte (CNRT) publicada este martes en el Bolet\u00edn\u2026","rel":"","context":"En \u00abSociedad\u00bb","block_context":{"text":"Sociedad","link":"https:\/\/www.24baires.com\/?cat=1"},"img":{"alt_text":"","src":"https:\/\/i0.wp.com\/www.24baires.com\/wp-content\/uploads\/2020\/04\/parada-de-colectivo.jpg?resize=350%2C200","width":350,"height":200,"srcset":"https:\/\/i0.wp.com\/www.24baires.com\/wp-content\/uploads\/2020\/04\/parada-de-colectivo.jpg?resize=350%2C200 1x, https:\/\/i0.wp.com\/www.24baires.com\/wp-content\/uploads\/2020\/04\/parada-de-colectivo.jpg?resize=525%2C300 1.5x"},"classes":[]}],"jetpack_sharing_enabled":true,"jetpack_likes_enabled":true,"_links":{"self":[{"href":"https:\/\/www.24baires.com\/index.php?rest_route=\/wp\/v2\/posts\/4939","targetHints":{"allow":["GET"]}}],"collection":[{"href":"https:\/\/www.24baires.com\/index.php?rest_route=\/wp\/v2\/posts"}],"about":[{"href":"https:\/\/www.24baires.com\/index.php?rest_route=\/wp\/v2\/types\/post"}],"author":[{"embeddable":true,"href":"https:\/\/www.24baires.com\/index.php?rest_route=\/wp\/v2\/users\/4"}],"replies":[{"embeddable":true,"href":"https:\/\/www.24baires.com\/index.php?rest_route=%2Fwp%2Fv2%2Fcomments&post=4939"}],"version-history":[{"count":1,"href":"https:\/\/www.24baires.com\/index.php?rest_route=\/wp\/v2\/posts\/4939\/revisions"}],"predecessor-version":[{"id":4940,"href":"https:\/\/www.24baires.com\/index.php?rest_route=\/wp\/v2\/posts\/4939\/revisions\/4940"}],"wp:attachment":[{"href":"https:\/\/www.24baires.com\/index.php?rest_route=%2Fwp%2Fv2%2Fmedia&parent=4939"}],"wp:term":[{"taxonomy":"category","embeddable":true,"href":"https:\/\/www.24baires.com\/index.php?rest_route=%2Fwp%2Fv2%2Fcategories&post=4939"},{"taxonomy":"post_tag","embeddable":true,"href":"https:\/\/www.24baires.com\/index.php?rest_route=%2Fwp%2Fv2%2Ftags&post=4939"}],"curies":[{"name":"wp","href":"https:\/\/api.w.org\/{rel}","templated":true}]}}