{"id":4936,"date":"2012-11-10T17:00:14","date_gmt":"2012-11-10T20:00:14","guid":{"rendered":"http:\/\/www.24baires.com\/?p=4936"},"modified":"2012-11-10T18:35:26","modified_gmt":"2012-11-10T21:35:26","slug":"se-desarrollo-en-lomas-de-zamora-el-programa-de-formacion-politica-del-senado-bonaerense","status":"publish","type":"post","link":"https:\/\/www.24baires.com\/?p=4936","title":{"rendered":"Se desarroll\u00f3 en Lomas de Zamora el programa de formaci\u00f3n pol\u00edtica del Senado bonaerense"},"content":{"rendered":"<p>El Ser Parte debati\u00f3 con j\u00f3venes la ley del voto a los 16. La actividad tuvo lugar en el Centro Cultural No Me Olvides de Lomas de Zamora. Estudiantes secundarios participaron de una charla en el marco de los talleres itinerantes del programa ideado en la C\u00e1mara Alta de la Provincia.<!--more--><\/p>\n<p>El programa Ser Parte tiene una modalidad itinerante y recorre con diferentes tem\u00e1ticas la provincia de Buenos Aires para trabajar en un plan integral de formaci\u00f3n, construyendo mediante el debate y la participaci\u00f3n, herramientas para el desarrollo de las pr\u00e1cticas ciudadanas.<\/p>\n<p>La tem\u00e1tica propuesta en el Centro Cultural No Me Olvides, que dirige el senador provincial Santiago Carreras (FpV), invit\u00f3 a estudiantes secundarios de la zona a socializar las experiencias propias en torno a su participaci\u00f3n pol\u00edtica, y respecto de las dudas e interrogantes que puedan generar el nuevo derecho adquirido, de votar, en forma, optativa, a partir de los 16 a\u00f1os.<\/p>\n<p>La coordinadora del programa, Daniela Vilar, cont\u00f3 que el objetivo de este tipo de reuniones con los j\u00f3venes, consiste en ayudarlos a encontrar un \u201crol de ciudadanos activos\u201d y que sen parte de la pr\u00e1ctica pol\u00edtica.<\/p>\n<p>\u201cTrabajamos en un plan integral para que los j\u00f3venes desarrollen el pol\u00edtico que tienen adentro, con contextos y formaci\u00f3n precisa\u201d, explic\u00f3.<\/p>\n<p>Adem\u00e1s, Vilar detall\u00f3 las experiencias que surgieron de los talleres realizados con los chicos: \u201calgunos ten\u00edan una sensaci\u00f3n de incertidumbre por que en los medios, en general, se estigmatiza a los j\u00f3venes, tendiendo a ellos mismos duden de sus potenciales\u201d, destac\u00f3.<\/p>\n<p>\u201cCuando empezamos con los debates, se dan cuenta que s\u00ed pueden y que tienen la capacidad de ser sujetos pol\u00edticos, ellos mismos as\u00ed lo expresan\u201d, concluy\u00f3.<\/p>\n","protected":false},"excerpt":{"rendered":"<p>El Ser Parte debati\u00f3 con j\u00f3venes la ley del voto a los 16. La actividad tuvo lugar en el Centro Cultural No Me Olvides de Lomas de Zamora. Estudiantes secundarios participaron de una charla en el marco de los talleres itinerantes del programa ideado en la C\u00e1mara Alta de la Provincia.<\/p>\n","protected":false},"author":4,"featured_media":0,"comment_status":"open","ping_status":"open","sticky":false,"template":"","format":"standard","meta":{"_jetpack_newsletter_access":"","_jetpack_dont_email_post_to_subs":false,"_jetpack_newsletter_tier_id":0,"_jetpack_memberships_contains_paywalled_content":false,"_jetpack_memberships_contains_paid_content":false,"footnotes":""},"categories":[1],"tags":[],"class_list":["post-4936","post","type-post","status-publish","format-standard","hentry","category-sociedad"],"jetpack_featured_media_url":"","jetpack_shortlink":"https:\/\/wp.me\/p2JWE0-1hC","jetpack-related-posts":[{"id":120208,"url":"https:\/\/www.24baires.com\/?p=120208","url_meta":{"origin":4936,"position":0},"title":"Kicillof present\u00f3 el \u00abPrograma Bonaerense por el Ambiente\u00bb en Maip\u00fa","author":"GB","date":"22\/06\/2023","format":false,"excerpt":"En el acto hizo entrega de 115 bicicletas del programa \u201cMovilidad Sustentable\u201da estudiantes. Tambi\u00e9n inaugur\u00f3 la sede del Programa en un anexo del Centro de Formaci\u00f3n Profesional N\u00b0401. Se suma a las ya existentes en Lomas de Zamora, Brandsen y 25 de Mayo. El gobernador, Axel Kicillof, encabez\u00f3 este mi\u00e9rcoles\u2026","rel":"","context":"En \u00abPol\u00edtica\u00bb","block_context":{"text":"Pol\u00edtica","link":"https:\/\/www.24baires.com\/?cat=51"},"img":{"alt_text":"","src":"https:\/\/i0.wp.com\/www.24baires.com\/wp-content\/uploads\/2023\/06\/kici.png?resize=350%2C200","width":350,"height":200,"srcset":"https:\/\/i0.wp.com\/www.24baires.com\/wp-content\/uploads\/2023\/06\/kici.png?resize=350%2C200 1x, https:\/\/i0.wp.com\/www.24baires.com\/wp-content\/uploads\/2023\/06\/kici.png?resize=525%2C300 1.5x, https:\/\/i0.wp.com\/www.24baires.com\/wp-content\/uploads\/2023\/06\/kici.png?resize=700%2C400 2x"},"classes":[]},{"id":32359,"url":"https:\/\/www.24baires.com\/?p=32359","url_meta":{"origin":4936,"position":1},"title":"Comenzar\u00e1 a funcionar el programa \u00abOperadores de calle\u00bb en Lomas de Zamora","author":"AF","date":"24\/09\/2013","format":false,"excerpt":"La municipalidad de Lomas de Zamora, firm\u00f3 con la Secretar\u00eda de Ni\u00f1ez y Adolescencia, un convenio para el desarrollo del programa Operadores de Calle en ese distrito, una iniciativa de esta cartera provincial que tiene como objetivo la promoci\u00f3n y protecci\u00f3n de los derechos de los ni\u00f1os, ni\u00f1as y adolescentes.\u2026","rel":"","context":"En \u00abLocales\u00bb","block_context":{"text":"Locales","link":"https:\/\/www.24baires.com\/?cat=38"},"img":{"alt_text":"operadores calle lomas","src":"https:\/\/i0.wp.com\/www.24baires.com\/wp-content\/uploads\/2013\/09\/operadores-calle-lomas.jpg?resize=350%2C200","width":350,"height":200},"classes":[]},{"id":25411,"url":"https:\/\/www.24baires.com\/?p=25411","url_meta":{"origin":4936,"position":2},"title":"Insaurralde: \u00abVoy a estar donde la Presidenta lo decida\u00bb","author":"Grupo Sierra","date":"09\/06\/2013","format":false,"excerpt":"El intendente de Lomas de Zamora, Mart\u00edn Insaurralde afirm\u00f3, sobre su posible participaci\u00f3n en la lista de candidatos a diputados nacionales por la provincia de Buenos Aires del Frente para la Victoria (FpV), que \"voy a estar donde la Presidenta lo decida\" . \"Trabajo en un proyecto colectivo, soy emergente\u2026","rel":"","context":"En \u00abPol\u00edtica\u00bb","block_context":{"text":"Pol\u00edtica","link":"https:\/\/www.24baires.com\/?cat=51"},"img":{"alt_text":"insaurralde martin","src":"https:\/\/i0.wp.com\/www.24baires.com\/wp-content\/uploads\/2012\/11\/insaurralde-martin.jpg?resize=350%2C200","width":350,"height":200,"srcset":"https:\/\/i0.wp.com\/www.24baires.com\/wp-content\/uploads\/2012\/11\/insaurralde-martin.jpg?resize=350%2C200 1x, https:\/\/i0.wp.com\/www.24baires.com\/wp-content\/uploads\/2012\/11\/insaurralde-martin.jpg?resize=525%2C300 1.5x"},"classes":[]},{"id":113819,"url":"https:\/\/www.24baires.com\/?p=113819","url_meta":{"origin":4936,"position":3},"title":"Insaurralde y Arroyo presentaron el Consejo contra el Hambre en Lomas de Zamora","author":"GB","date":"16\/01\/2020","format":false,"excerpt":"El Intendente de Lomas de Zamora rubric\u00f3 el decreto que dispone la creaci\u00f3n del Consejo de Lomas de Zamora y Argentina contra el Hambre, el cual ser\u00e1 presidido por \u00e9l mismo y la Diputada Nacional lomense, Daniela Vilar. De la firma, que se llev\u00f3 a cabo en el Municipio, participaron\u2026","rel":"","context":"En \u00abMunicipios\u00bb","block_context":{"text":"Municipios","link":"https:\/\/www.24baires.com\/?cat=44"},"img":{"alt_text":"","src":"https:\/\/i0.wp.com\/www.24baires.com\/wp-content\/uploads\/2020\/01\/insaurralde-consejo-hambre-300x188.jpeg?resize=350%2C200","width":350,"height":200},"classes":[]},{"id":115539,"url":"https:\/\/www.24baires.com\/?p=115539","url_meta":{"origin":4936,"position":4},"title":"Kicillof y Arroyo implementar\u00e1n programas sociales de empleo","author":"GB","date":"03\/07\/2020","format":false,"excerpt":"El Gobernador y el ministro de Desarrollo Social de la Naci\u00f3n acordar\u00e1n poner en marcha programas sociales de empleo en la Provincia. El gobernador, Axel Kicillof, encabezar\u00e1 este viernes junto al ministro de Desarrollo Social de la Naci\u00f3n, Daniel Arroyo, la firma de convenios para implementar el programa Potenciar Trabajo.\u2026","rel":"","context":"En \u00abProvincia\u00bb","block_context":{"text":"Provincia","link":"https:\/\/www.24baires.com\/?cat=40"},"img":{"alt_text":"","src":"https:\/\/i0.wp.com\/www.24baires.com\/wp-content\/uploads\/2020\/07\/kicillof-arroyo.jpeg?resize=350%2C200","width":350,"height":200,"srcset":"https:\/\/i0.wp.com\/www.24baires.com\/wp-content\/uploads\/2020\/07\/kicillof-arroyo.jpeg?resize=350%2C200 1x, https:\/\/i0.wp.com\/www.24baires.com\/wp-content\/uploads\/2020\/07\/kicillof-arroyo.jpeg?resize=525%2C300 1.5x"},"classes":[]},{"id":114552,"url":"https:\/\/www.24baires.com\/?p=114552","url_meta":{"origin":4936,"position":5},"title":"Kicillof visit\u00f3 tres distritos del conurbano para dar respuesta a la pandemia","author":"AF","date":"30\/03\/2020","format":false,"excerpt":"Acompa\u00f1ado por Sergio Berni, el gobernador bonaerense visit\u00f3 los comit\u00e9s de emergencia de Almirante Brown, Lomas de Zamora y Esteban Echeverr\u00eda. El gobernador bonaerense, Axel Kicillof, desembarc\u00f3 este lunes en el Conurbano, con visitas a los comit\u00e9s de emergencia de Almirante Brown, Lomas de Zamora y Esteban Echeverr\u00eda, desde donde\u2026","rel":"","context":"En \u00abProvincia\u00bb","block_context":{"text":"Provincia","link":"https:\/\/www.24baires.com\/?cat=40"},"img":{"alt_text":"","src":"https:\/\/i0.wp.com\/www.24baires.com\/wp-content\/uploads\/2020\/03\/kicillofff.jpg?resize=350%2C200","width":350,"height":200,"srcset":"https:\/\/i0.wp.com\/www.24baires.com\/wp-content\/uploads\/2020\/03\/kicillofff.jpg?resize=350%2C200 1x, https:\/\/i0.wp.com\/www.24baires.com\/wp-content\/uploads\/2020\/03\/kicillofff.jpg?resize=525%2C300 1.5x"},"classes":[]}],"jetpack_sharing_enabled":true,"jetpack_likes_enabled":true,"_links":{"self":[{"href":"https:\/\/www.24baires.com\/index.php?rest_route=\/wp\/v2\/posts\/4936","targetHints":{"allow":["GET"]}}],"collection":[{"href":"https:\/\/www.24baires.com\/index.php?rest_route=\/wp\/v2\/posts"}],"about":[{"href":"https:\/\/www.24baires.com\/index.php?rest_route=\/wp\/v2\/types\/post"}],"author":[{"embeddable":true,"href":"https:\/\/www.24baires.com\/index.php?rest_route=\/wp\/v2\/users\/4"}],"replies":[{"embeddable":true,"href":"https:\/\/www.24baires.com\/index.php?rest_route=%2Fwp%2Fv2%2Fcomments&post=4936"}],"version-history":[{"count":2,"href":"https:\/\/www.24baires.com\/index.php?rest_route=\/wp\/v2\/posts\/4936\/revisions"}],"predecessor-version":[{"id":4938,"href":"https:\/\/www.24baires.com\/index.php?rest_route=\/wp\/v2\/posts\/4936\/revisions\/4938"}],"wp:attachment":[{"href":"https:\/\/www.24baires.com\/index.php?rest_route=%2Fwp%2Fv2%2Fmedia&parent=4936"}],"wp:term":[{"taxonomy":"category","embeddable":true,"href":"https:\/\/www.24baires.com\/index.php?rest_route=%2Fwp%2Fv2%2Fcategories&post=4936"},{"taxonomy":"post_tag","embeddable":true,"href":"https:\/\/www.24baires.com\/index.php?rest_route=%2Fwp%2Fv2%2Ftags&post=4936"}],"curies":[{"name":"wp","href":"https:\/\/api.w.org\/{rel}","templated":true}]}}