{"id":4921,"date":"2012-11-10T12:39:21","date_gmt":"2012-11-10T15:39:21","guid":{"rendered":"http:\/\/www.24baires.com\/?p=4921"},"modified":"2012-11-10T13:04:13","modified_gmt":"2012-11-10T16:04:13","slug":"esteban-echverria-la-cicop-y-el-stmee-se-movilizaran-frente-al-municipio","status":"publish","type":"post","link":"https:\/\/www.24baires.com\/?p=4921","title":{"rendered":"Esteban Echeverr\u00eda: la CICOP y el STMEE se movilizar\u00e1n frente al municipio"},"content":{"rendered":"<p><strong><img data-recalc-dims=\"1\" loading=\"lazy\" decoding=\"async\" class=\"alignleft size-medium wp-image-4923\" title=\"cicop stmee\" src=\"https:\/\/i0.wp.com\/www.24baires.com\/wp-content\/uploads\/2012\/11\/cicop-stmee1.jpg?resize=300%2C187\" alt=\"\" width=\"300\" height=\"187\" srcset=\"https:\/\/i0.wp.com\/www.24baires.com\/wp-content\/uploads\/2012\/11\/cicop-stmee1.jpg?resize=300%2C187&amp;ssl=1 300w, https:\/\/i0.wp.com\/www.24baires.com\/wp-content\/uploads\/2012\/11\/cicop-stmee1.jpg?w=320&amp;ssl=1 320w\" sizes=\"auto, (max-width: 300px) 100vw, 300px\" \/><\/strong>El martes a las 10 ambos gremios se dirigir\u00e1n al edificio con la intenci\u00f3n de ser recibidos por el intendente Fernando Gray. El reclamo es nuevamente por la falta de insumos, mantenimiento y problemas edilicios en el Policl\u00ednico Santamarina. \u201cLa situaci\u00f3n se agrava cada vez m\u00e1s\u201d, asegur\u00f3 la secretaria general de la CICOP, Julia Cresta.<!--more--><\/p>\n<p>La Asociaci\u00f3n Sindical de Profesionales de la Salud (CICOP) de Esteban Echeverr\u00eda en conjunto con el Sindicato de Trabajadores Municipales (STMEE) convoc\u00f3 a los ciudadanos del distrito a una movilizaci\u00f3n hacia el Palacio Municipal, en reclamo de respuestas por la situaci\u00f3n del Policl\u00ednico Santamarina.<\/p>\n<p>\u201cQueremos denunciar la grave crisis hospitalaria en la que est\u00e1 el Santamarina. Denuncia que hemos formulado a los responsables ejecutivos en reiteradas oportunidades y que hemos intentado hacer llegar al intendente (Fernando Gray) por medio de entrevistas y no hemos obtenido respuesta\u201d, indic\u00f3 la secretaria general de la CICOP, Julia Cresta, en una conferencia brindada ayer por la ma\u00f1ana.<\/p>\n<p>La dirigente asegur\u00f3 que \u201cla situaci\u00f3n se agrava cada vez m\u00e1s, por lo cual en conjunto con el sindicato hay una la necesidad de informar a la comunidad qu\u00e9 es lo que pasa con la salud de Esteban Echeverr\u00eda\u201d.<\/p>\n<p>\u201cHay que informar tambi\u00e9n que, como el intendente no nos recibe, vamos a ir a la Municipalidad a exigir ser recibidos para ser escuchados el martes 13 a las 10, donde van a estar los trabajadores del hospital\u201d, anunci\u00f3.<\/p>\n<p>En ese sentido, solicit\u00f3 apoyo de la comunidad porque \u201cel hospital no es del intendente ni del Ejecutivo, sino que es de la comunidad\u201d.<\/p>\n<p>La idea es hacer permanencia en el lugar hasta obtener una respuesta. \u201cSiempre resolvemos las medidas de lucha a trav\u00e9s de asambleas y sent\u00edamos que realizar un paro era abandonar totalmente a los vecinos\u201d, sostuvo Cresta.<\/p>\n<p>\u201cEl martes hay cese de actividades desde las 8:30 de la ma\u00f1ana para ir a la Municipalidad. Lo que s\u00ed garantizamos es la atenci\u00f3n de guardia y de los pacientes internados, como siempre\u201d, aclar\u00f3, aunque sostuvo: \u201cLo que nos preocupa es ser recibidos, y si tenemos que tomar otro tipo de medidas lo haremos\u201d.<\/p>\n<p>El principal reclamo de estos d\u00edas corresponde a la cocina del policl\u00ednico, ya que \u201cse resolvi\u00f3 que se iban a traer viandas, se est\u00e1n trayendo 120 por d\u00eda a 70 pesos cada una\u201d.<\/p>\n<p>\u201cLa respuesta del Ejecutivo en cuanto a aparatolog\u00eda y recursos humanos es que \u2018no hay plata\u2019\u201d, mencion\u00f3 Cresta, apuntando que \u201ccon un d\u00eda de pagar esas viandas hay un buen sueldo para un cocinero\u201d.<\/p>\n<p>\u201c\u00bfQu\u00e9 contador ha hecho la cuenta de que convienen las viandas a tener dos o tres cocineros m\u00e1s? Este mes hemos gastado 252 mil pesos en viandas en mal estado y con los trabajadores bancando la comida de su propio bolsillo\u201d, se quej\u00f3 la representante de los profesionales.<\/p>\n<p>En tanto, la delegada gremial del STMEE, N\u00e9lida Haye, marc\u00f3 que \u201cvienen en mal estado y varias veces los profesionales tuvieron que devolver las viandas porque hab\u00edan perdido la cadena de fr\u00edo, no estaban supervisadas y ven\u00edan podridas\u201d.<\/p>\n<p>El secretario gremial de los municipales, Ricardo Ju\u00e1rez, asever\u00f3 por su parte que \u201chace m\u00e1s de un mes que est\u00e1n las cosas as\u00ed, y la verdad que ni el intendente ni nadie del Ejecutivo escucha los reclamos de los trabajadores\u201d.<\/p>\n<p>\u201cEl D\u00eda del Empleado Municipal (8 de noviembre) trajeron devuelta las viandas con comida podrida y con los compa\u00f1eros buscamos alguna autoridad en el hospital, que no hab\u00eda nadie\u201d, coment\u00f3.<\/p>\n<p>Afirm\u00f3 que \u201cesto se est\u00e1 cayendo a pedazos\u201d, y consider\u00f3 que \u201csi al intendente Gray no le interesa la salud, no le interesa nada\u201d.<\/p>\n<p>Por otro lado, Cresta plante\u00f3 que la Unidad de Diabetes, a cargo del doctor Gabriel Lijteroff, est\u00e1 a punto de desaparecer por falta de profesionales. Lo mismo con Neurolog\u00eda, que tiene un consultorio reducido al lado de la cocina, \u201cdonde hay que atender a todos los pacientes neurol\u00f3gicos de Esteban Echeverr\u00eda\u201d.<\/p>\n<p>\u201cSabemos por rumores que hay donaciones, pero no llegan al lugar donde las tenemos que utilizar. Quiz\u00e1s se est\u00e1n guardando para un hospital nuevo que se va a inaugurar en cinco a\u00f1os\u201d, manifest\u00f3 Cresta con ir\u00f3nica referencia al Hospital del Bicentenario.<\/p>\n<p>En resumen, subray\u00f3 que hay \u201cfalta de insumos, falta de preocupaci\u00f3n, falta de mantenimiento. La c\u00e1mara de la morgue est\u00e1 rota. Hay ratas, cucarachas, comida en mal estado, no andan los aires, se cay\u00f3 el techo del pasillo del quir\u00f3fano y todav\u00eda est\u00e1 sin soluci\u00f3n el problema de la red de agua.\u00bb<\/p>\n","protected":false},"excerpt":{"rendered":"<p>El martes a las 10 ambos gremios se dirigir\u00e1n al edificio con la intenci\u00f3n de ser recibidos por el intendente Fernando Gray. El reclamo es nuevamente por la falta de insumos, mantenimiento y problemas edilicios en el Policl\u00ednico Santamarina. \u201cLa situaci\u00f3n se agrava cada vez m\u00e1s\u201d, asegur\u00f3 la secretaria general de la CICOP, Julia Cresta.<\/p>\n","protected":false},"author":4,"featured_media":0,"comment_status":"open","ping_status":"open","sticky":false,"template":"","format":"standard","meta":{"_jetpack_newsletter_access":"","_jetpack_dont_email_post_to_subs":false,"_jetpack_newsletter_tier_id":0,"_jetpack_memberships_contains_paywalled_content":false,"_jetpack_memberships_contains_paid_content":false,"footnotes":""},"categories":[1],"tags":[],"class_list":["post-4921","post","type-post","status-publish","format-standard","hentry","category-sociedad"],"jetpack_featured_media_url":"","jetpack_shortlink":"https:\/\/wp.me\/p2JWE0-1hn","jetpack-related-posts":[{"id":27822,"url":"https:\/\/www.24baires.com\/?p=27822","url_meta":{"origin":4921,"position":0},"title":"Cicop instalar\u00e1 una carpa frente al Municipio de Esteban Echeverr\u00eda exigiendo mejoras sanitarias","author":"AF","date":"08\/07\/2013","format":false,"excerpt":"La medida ser\u00e1 para reclamar por la situaci\u00f3n sanitaria en el distrito y para denunciar sobre los sumarios que el Ejecutivo local abri\u00f3 contra m\u00e9dicos del hospital municipal Santamarina. \u201cEs probable que nos quedemos sin terapia intensiva\u201d, advirti\u00f3 el titular de CICOP en Echeverr\u00eda, Carlos Gracia Costa. El conflicto entre\u2026","rel":"","context":"En \u00abLocales\u00bb","block_context":{"text":"Locales","link":"https:\/\/www.24baires.com\/?cat=38"},"img":{"alt_text":"cicop echeverr\u00eda","src":"https:\/\/i0.wp.com\/www.24baires.com\/wp-content\/uploads\/2013\/07\/cicop-echeverr%C3%ADa-300x187.jpg?resize=350%2C200","width":350,"height":200},"classes":[]},{"id":11710,"url":"https:\/\/www.24baires.com\/?p=11710","url_meta":{"origin":4921,"position":1},"title":"Paran y se movilizan m\u00e9dicos nucleados en CICOP","author":"AF","date":"10\/01\/2013","format":false,"excerpt":"Tambi\u00e9n marchar\u00e1n hoy a la Casa de la Provincia en la Capital Federal, en repudio a la suspensi\u00f3n de un m\u00e9dico. Le solicitan al intendente de Esteban Echeverr\u00eda el \u201ccese con la persecuci\u00f3n gremial\u201d y critican las \u201cp\u00e9simas\u201d condiciones del hospital Santamarina. M\u00e9dicos nucleados en Comisi\u00f3n Interhospitalaria del Conurbano y\u2026","rel":"","context":"En \u00abSociedad\u00bb","block_context":{"text":"Sociedad","link":"https:\/\/www.24baires.com\/?cat=1"},"img":{"alt_text":"","src":"","width":0,"height":0},"classes":[]},{"id":10759,"url":"https:\/\/www.24baires.com\/?p=10759","url_meta":{"origin":4921,"position":2},"title":"Paran los 77 hospitales solidariz\u00e1ndose con un despido del Santamarina","author":"AF","date":"29\/12\/2012","format":false,"excerpt":"La Asociaci\u00f3n Sindical de Profesionales de la Salud bonaerense (CICOP) convoc\u00f3 a un paro en todos los hospitales de la Provincia en reclamo por el despido de un m\u00e9dico y dirigente del hospital Santamarina de Monte Grande. \u201cEl Ejecutivo local est\u00e1 ciego y est\u00e1 sordo porque no quiere ver ni\u2026","rel":"","context":"En \u00abSociedad\u00bb","block_context":{"text":"Sociedad","link":"https:\/\/www.24baires.com\/?cat=1"},"img":{"alt_text":"cicop","src":"https:\/\/i0.wp.com\/www.24baires.com\/wp-content\/uploads\/2012\/12\/cicop.jpg?resize=350%2C200","width":350,"height":200},"classes":[]},{"id":11504,"url":"https:\/\/www.24baires.com\/?p=11504","url_meta":{"origin":4921,"position":3},"title":"M\u00e9dicos nucleados en Cicop paran este jueves","author":"AF","date":"08\/01\/2013","format":false,"excerpt":"Es para reclamar la reincorporaci\u00f3n de un m\u00e9dico cesanteado en Esteban Echeverr\u00eda. Habr\u00e1 una marcha a la casa de la Provincia. Los profesionales de la salud nucleados en Cicop realizar\u00e1n el jueves un paro en los hospitales p\u00fablicos dependientes de los municipios y de la Provincia para reclamar la reincorporaci\u00f3n\u2026","rel":"","context":"En \u00abSociedad\u00bb","block_context":{"text":"Sociedad","link":"https:\/\/www.24baires.com\/?cat=1"},"img":{"alt_text":"","src":"","width":0,"height":0},"classes":[]},{"id":22728,"url":"https:\/\/www.24baires.com\/?p=22728","url_meta":{"origin":4921,"position":4},"title":"La falta de acuerdo con los gremios municipales mantiene la tensi\u00f3n en Echeverr\u00eda","author":"Grupo Sierra","date":"05\/05\/2013","format":false,"excerpt":"ESTEBAN ECHEVERR\u00cdA.- Municipales analizan volver al cese de actividades, tras rechazar por tercera vez la oferta de un 22%. Cicop denunci\u00f3 que a empleados les descontaron horas de paro y tambi\u00e9n eval\u00faa medidas de fuerza. Esta semana el conflicto que mantienen los Sindicatos de la Salud y de Trabajadores municipales\u2026","rel":"","context":"En \u00abMunicipios\u00bb","block_context":{"text":"Municipios","link":"https:\/\/www.24baires.com\/?cat=44"},"img":{"alt_text":"","src":"","width":0,"height":0},"classes":[]},{"id":12882,"url":"https:\/\/www.24baires.com\/?p=12882","url_meta":{"origin":4921,"position":5},"title":"Adem\u00e1s de infraestructura, piden seguridad en el Hospital de Monte Grande","author":"Grupo Sierra","date":"20\/01\/2013","format":false,"excerpt":"ESTEBAN ECHEVERR\u00cdA.- El Policl\u00ednico fue atacado por un grupo que provoc\u00f3 destrozos, realiz\u00f3 pintadas y propin\u00f3 amenazas. Seg\u00fan los propios agresores, fue por la muerte de un chico que hab\u00eda ingresado grave a la guardia.\u00a0Los ministros de Salud, Alejandro Collia, y de Justicia y Seguridad, Ricardo Casal, anunciaron hace casi\u2026","rel":"","context":"En \u00abPoliciales\u00bb","block_context":{"text":"Policiales","link":"https:\/\/www.24baires.com\/?cat=49"},"img":{"alt_text":"","src":"","width":0,"height":0},"classes":[]}],"jetpack_sharing_enabled":true,"jetpack_likes_enabled":true,"_links":{"self":[{"href":"https:\/\/www.24baires.com\/index.php?rest_route=\/wp\/v2\/posts\/4921","targetHints":{"allow":["GET"]}}],"collection":[{"href":"https:\/\/www.24baires.com\/index.php?rest_route=\/wp\/v2\/posts"}],"about":[{"href":"https:\/\/www.24baires.com\/index.php?rest_route=\/wp\/v2\/types\/post"}],"author":[{"embeddable":true,"href":"https:\/\/www.24baires.com\/index.php?rest_route=\/wp\/v2\/users\/4"}],"replies":[{"embeddable":true,"href":"https:\/\/www.24baires.com\/index.php?rest_route=%2Fwp%2Fv2%2Fcomments&post=4921"}],"version-history":[{"count":3,"href":"https:\/\/www.24baires.com\/index.php?rest_route=\/wp\/v2\/posts\/4921\/revisions"}],"predecessor-version":[{"id":4931,"href":"https:\/\/www.24baires.com\/index.php?rest_route=\/wp\/v2\/posts\/4921\/revisions\/4931"}],"wp:attachment":[{"href":"https:\/\/www.24baires.com\/index.php?rest_route=%2Fwp%2Fv2%2Fmedia&parent=4921"}],"wp:term":[{"taxonomy":"category","embeddable":true,"href":"https:\/\/www.24baires.com\/index.php?rest_route=%2Fwp%2Fv2%2Fcategories&post=4921"},{"taxonomy":"post_tag","embeddable":true,"href":"https:\/\/www.24baires.com\/index.php?rest_route=%2Fwp%2Fv2%2Ftags&post=4921"}],"curies":[{"name":"wp","href":"https:\/\/api.w.org\/{rel}","templated":true}]}}