{"id":4917,"date":"2012-11-10T12:17:45","date_gmt":"2012-11-10T15:17:45","guid":{"rendered":"http:\/\/www.24baires.com\/?p=4917"},"modified":"2012-11-10T12:19:19","modified_gmt":"2012-11-10T15:19:19","slug":"san-antonio-de-areco-continua-celebrando-la-73o-fiesta-de-la-tradicion","status":"publish","type":"post","link":"https:\/\/www.24baires.com\/?p=4917","title":{"rendered":"San Antonio de Areco contin\u00faa celebrando la 73\u00ba Fiesta de la Tradici\u00f3n"},"content":{"rendered":"<p>La comunidad de San Antonio de Areco celebra hasta el 11 de noviembre la 73\u00b0 Fiesta de la Tradici\u00f3n, el festival criollo m\u00e1s antiguo del pa\u00eds que re\u00fane a turistas de todos los rincones de la Argentina.<!--more--><\/p>\n<p>Declarado \u201cPoblado Hist\u00f3rico de Inter\u00e9s Nacional\u201d por la presidencia de la Naci\u00f3n , San Antonio de Areco es conocido como el \u201csantuario gaucho\u201d, una de las poblaciones m\u00e1s antiguas y pintorescas de la Provincia donde transcurre la novela costumbrista Don Segunda Sombra.<\/p>\n<p>As\u00ed, sus calles de adoquines, sus casas coloniales y estancias tradicionales y sus hist\u00f3ricas pulper\u00edas, son los escenarios donde se despliega este tradicional festejo y los visitantes comparten extensas jornadas de degustaci\u00f3n de comidas t\u00edpicas y guitarreadas.<\/p>\n<p>En tanto, las principales atracciones del evento son los desfiles gauchos donde se lucen distintos ejemplares equinos y las competencias de doma y folklore que re\u00fanen a jinetes tanto arequeros como de localidades vecinas.<\/p>\n<p>\u00c9stas se realizan en un amplio predio al aire libre de la ciudad, denominado \u201cParque Criollo\u201d y, seg\u00fan lo informado por el municipio, en esta oportunidad, \u201cparticipan entre 60 y 70 tropillas, cada una integrada por unos doce caballos y con un solo gaucho al frente\u201d.<\/p>\n<p>M\u00e1s programaci\u00f3n<\/p>\n<p>Los festejos, iniciados el 3 de noviembre, han incluido adem\u00e1s una diversidad de actividades como visitas guiadas a Pueblos Rurales o hacia el casco hist\u00f3rico, shows de artistas locales y regionales, ferias de artesanos, entre otras propuestas.<\/p>\n<p>En tanto, durante los \u00faltimos tres d\u00edas del Festival participar\u00e1n los platos fuertes del evento.<\/p>\n<p>En este sentido, el viernes 9 actuar\u00e1 el d\u00fao folcl\u00f3rico Orozco -Barrientos en la estaci\u00f3n arenquense, y posteriormente, se desplegar\u00e1 un fog\u00f3n tradicional con m\u00fasica surera, en la pulper\u00eda La Blanqueada.<\/p>\n<p>Asimismo, el s\u00e1bado desde la 10 se llevar\u00e1 adelante un homenaje a Jos\u00e9 Hern\u00e1ndez, mientras que hacia la noche actuar\u00e1 el D\u00fao Coplanacu.<\/p>\n<p>Por \u00faltimo, para el cierre del domingo se prev\u00e9 el mayor desfile de paisanos con banda militar y bailes tradicionales frente a la municipalidad. Luego, se abrir\u00e1n las cantinas con asado al asador para almuerzo del p\u00fablico, acompa\u00f1ados de demostraciones de destrezas criollas y m\u00fasica y baile.<\/p>\n","protected":false},"excerpt":{"rendered":"<p>La comunidad de San Antonio de Areco celebra hasta el 11 de noviembre la 73\u00b0 Fiesta de la Tradici\u00f3n, el festival criollo m\u00e1s antiguo del pa\u00eds que re\u00fane a turistas de todos los rincones de la Argentina.<\/p>\n","protected":false},"author":4,"featured_media":0,"comment_status":"open","ping_status":"open","sticky":false,"template":"","format":"standard","meta":{"_jetpack_newsletter_access":"","_jetpack_dont_email_post_to_subs":false,"_jetpack_newsletter_tier_id":0,"_jetpack_memberships_contains_paywalled_content":false,"_jetpack_memberships_contains_paid_content":false,"footnotes":""},"categories":[38],"tags":[],"class_list":["post-4917","post","type-post","status-publish","format-standard","hentry","category-locales"],"jetpack_featured_media_url":"","jetpack_shortlink":"https:\/\/wp.me\/p2JWE0-1hj","jetpack-related-posts":[{"id":57171,"url":"https:\/\/www.24baires.com\/?p=57171","url_meta":{"origin":4917,"position":0},"title":"Areco celebra el mes de la Tradici\u00f3n","author":"AF","date":"15\/11\/2014","format":false,"excerpt":"La localidad bonaerense de San Antonio de Areco, distante 140 kil\u00f3metros de la ciudad de Buenos Aires, ser\u00e1 sede durante la segunda quincena de noviembre de las m\u00e1s destacadas actividades programadas para celebrar el mes de la tradici\u00f3n. La ciudad del norte bonaerense, reconocida plaza tur\u00edstica que atrae a m\u00e1s\u2026","rel":"","context":"En \u00abLocales\u00bb","block_context":{"text":"Locales","link":"https:\/\/www.24baires.com\/?cat=38"},"img":{"alt_text":"fiesta tradici\u00f3n areco","src":"https:\/\/i0.wp.com\/www.24baires.com\/wp-content\/uploads\/2014\/11\/fiesta-tradici%C3%B3n-areco.jpg?resize=350%2C200","width":350,"height":200,"srcset":"https:\/\/i0.wp.com\/www.24baires.com\/wp-content\/uploads\/2014\/11\/fiesta-tradici%C3%B3n-areco.jpg?resize=350%2C200 1x, https:\/\/i0.wp.com\/www.24baires.com\/wp-content\/uploads\/2014\/11\/fiesta-tradici%C3%B3n-areco.jpg?resize=525%2C300 1.5x"},"classes":[]},{"id":57112,"url":"https:\/\/www.24baires.com\/?p=57112","url_meta":{"origin":4917,"position":1},"title":"Areco se prepara para la 75\u00aa Fiesta de la Tradici\u00f3n","author":"AF","date":"14\/11\/2014","format":false,"excerpt":"Es la celebraci\u00f3n criolla m\u00e1s antigua del pa\u00eds y contar\u00e1 con actividades durante todos los fines de semana del mes. Habr\u00e1 fogones, desfiles tradicionalistas y almuerzos con paisanos. El intendente de San Antonio de Areco, \"Paco\" Dura\u00f1ona, se refiri\u00f3 a como se vio afectada la localidad bonaerense tras el temporal\u2026","rel":"","context":"En \u00abLocales\u00bb","block_context":{"text":"Locales","link":"https:\/\/www.24baires.com\/?cat=38"},"img":{"alt_text":"fiesta tradici\u00f3n areco","src":"https:\/\/i0.wp.com\/www.24baires.com\/wp-content\/uploads\/2014\/11\/fiesta-tradici%C3%B3n-areco.jpg?resize=350%2C200","width":350,"height":200,"srcset":"https:\/\/i0.wp.com\/www.24baires.com\/wp-content\/uploads\/2014\/11\/fiesta-tradici%C3%B3n-areco.jpg?resize=350%2C200 1x, https:\/\/i0.wp.com\/www.24baires.com\/wp-content\/uploads\/2014\/11\/fiesta-tradici%C3%B3n-areco.jpg?resize=525%2C300 1.5x"},"classes":[]},{"id":14787,"url":"https:\/\/www.24baires.com\/?p=14787","url_meta":{"origin":4917,"position":2},"title":"San Antonio de Areco: gran expectativa por los festejos del pr\u00f3ximo carnaval","author":"AF","date":"06\/02\/2013","format":false,"excerpt":"El intendente Francisco Dura\u00f1ona adelant\u00f3 que recibir\u00e1n a grandes m\u00fasicos y comparsas durante el fin de semana, en el Polideportivo Municipal. El municipio de San Antonio de Areco prepara importantes espect\u00e1culos en el marco de los tradicionales carnavales que se realizar\u00e1n este fin de semana. El intendente Francisco Dura\u00f1ona adelant\u00f3\u2026","rel":"","context":"En \u00abLocales\u00bb","block_context":{"text":"Locales","link":"https:\/\/www.24baires.com\/?cat=38"},"img":{"alt_text":"carnaval areco","src":"https:\/\/i0.wp.com\/www.24baires.com\/wp-content\/uploads\/2013\/02\/carnaval-areco.jpg?resize=350%2C200","width":350,"height":200},"classes":[]},{"id":112427,"url":"https:\/\/www.24baires.com\/?p=112427","url_meta":{"origin":4917,"position":3},"title":"Vidal se adjudic\u00f3 obras del R\u00edo Areco y Dura\u00f1ona sali\u00f3 a cruzarla: \u201cVos las frenaste\u201d","author":"GB","date":"09\/10\/2019","format":false,"excerpt":"Las redes sociales se hicieron eco de la embestida del intendente y en minutos llovieron mensajes contra la gobernadora. Tras supervisar y adjudicarse el avance de una obra hidr\u00e1ulica en San Antonio de Areco, el intendente local, Francisco \u201cPaco\u201d Dura\u00f1ona, sali\u00f3 a contradecirla. \u201cNos toc\u00f3 un d\u00eda incre\u00edble para ir\u2026","rel":"","context":"En \u00abProvincia\u00bb","block_context":{"text":"Provincia","link":"https:\/\/www.24baires.com\/?cat=40"},"img":{"alt_text":"","src":"https:\/\/i0.wp.com\/www.24baires.com\/wp-content\/uploads\/2019\/10\/VIDAL.jpg?resize=350%2C200","width":350,"height":200,"srcset":"https:\/\/i0.wp.com\/www.24baires.com\/wp-content\/uploads\/2019\/10\/VIDAL.jpg?resize=350%2C200 1x, https:\/\/i0.wp.com\/www.24baires.com\/wp-content\/uploads\/2019\/10\/VIDAL.jpg?resize=525%2C300 1.5x"},"classes":[]},{"id":70200,"url":"https:\/\/www.24baires.com\/?p=70200","url_meta":{"origin":4917,"position":4},"title":"Env\u00edan generadores y camiones cisternas con agua potable a San Antonio de Areco","author":"GB","date":"07\/08\/2015","format":false,"excerpt":"Dos generadores de energ\u00eda de 1.000 kilovatios cada uno se instalaron en San Antonio de Areco, debido a las interrupciones del suministro generadas por el desborde del r\u00edo hom\u00f3nimo, al tiempo que se enviaron dos camiones cisternas para proveer agua potable, inform\u00f3 el Ministerio de Planificaci\u00f3n Federal de la Naci\u00f3n.\u2026","rel":"","context":"En \u00abSociedad\u00bb","block_context":{"text":"Sociedad","link":"https:\/\/www.24baires.com\/?cat=1"},"img":{"alt_text":"inundacion","src":"https:\/\/i0.wp.com\/www.24baires.com\/wp-content\/uploads\/2015\/08\/inundacion.jpg?resize=350%2C200","width":350,"height":200,"srcset":"https:\/\/i0.wp.com\/www.24baires.com\/wp-content\/uploads\/2015\/08\/inundacion.jpg?resize=350%2C200 1x, https:\/\/i0.wp.com\/www.24baires.com\/wp-content\/uploads\/2015\/08\/inundacion.jpg?resize=525%2C300 1.5x"},"classes":[]},{"id":15015,"url":"https:\/\/www.24baires.com\/?p=15015","url_meta":{"origin":4917,"position":5},"title":"Nuevo parque industrial para San Antonio de Areco","author":"AF","date":"08\/02\/2013","format":false,"excerpt":"El intendente de San Antonio de Areco, Francisco Duro\u00f1a y el gobernador Daniel Scioli se reunieron en Casa de Gobierno y avanzaron con la instalaci\u00f3n de un Parque Industrial en el municipio. El intendente Francisco Dura\u00f1ona, se reuni\u00f3 con el gobernador Daniel Scioli, quien le inform\u00f3 que la provincia le\u2026","rel":"","context":"En \u00abLocales\u00bb","block_context":{"text":"Locales","link":"https:\/\/www.24baires.com\/?cat=38"},"img":{"alt_text":"Scioli dura\u00f1ona","src":"https:\/\/i0.wp.com\/www.24baires.com\/wp-content\/uploads\/2013\/02\/Scioli-dura%C3%B1ona.jpeg?resize=350%2C200","width":350,"height":200},"classes":[]}],"jetpack_sharing_enabled":true,"jetpack_likes_enabled":true,"_links":{"self":[{"href":"https:\/\/www.24baires.com\/index.php?rest_route=\/wp\/v2\/posts\/4917","targetHints":{"allow":["GET"]}}],"collection":[{"href":"https:\/\/www.24baires.com\/index.php?rest_route=\/wp\/v2\/posts"}],"about":[{"href":"https:\/\/www.24baires.com\/index.php?rest_route=\/wp\/v2\/types\/post"}],"author":[{"embeddable":true,"href":"https:\/\/www.24baires.com\/index.php?rest_route=\/wp\/v2\/users\/4"}],"replies":[{"embeddable":true,"href":"https:\/\/www.24baires.com\/index.php?rest_route=%2Fwp%2Fv2%2Fcomments&post=4917"}],"version-history":[{"count":3,"href":"https:\/\/www.24baires.com\/index.php?rest_route=\/wp\/v2\/posts\/4917\/revisions"}],"predecessor-version":[{"id":4920,"href":"https:\/\/www.24baires.com\/index.php?rest_route=\/wp\/v2\/posts\/4917\/revisions\/4920"}],"wp:attachment":[{"href":"https:\/\/www.24baires.com\/index.php?rest_route=%2Fwp%2Fv2%2Fmedia&parent=4917"}],"wp:term":[{"taxonomy":"category","embeddable":true,"href":"https:\/\/www.24baires.com\/index.php?rest_route=%2Fwp%2Fv2%2Fcategories&post=4917"},{"taxonomy":"post_tag","embeddable":true,"href":"https:\/\/www.24baires.com\/index.php?rest_route=%2Fwp%2Fv2%2Ftags&post=4917"}],"curies":[{"name":"wp","href":"https:\/\/api.w.org\/{rel}","templated":true}]}}