{"id":4915,"date":"2012-11-10T11:30:21","date_gmt":"2012-11-10T14:30:21","guid":{"rendered":"http:\/\/www.24baires.com\/?p=4915"},"modified":"2012-11-10T11:59:19","modified_gmt":"2012-11-10T14:59:19","slug":"clausuraron-un-country-por-falta-de-documentacion","status":"publish","type":"post","link":"https:\/\/www.24baires.com\/?p=4915","title":{"rendered":"Clausuraron un country por falta de documentaci\u00f3n"},"content":{"rendered":"<p>En el marco de un operativo de control que realiz\u00f3 la Direcci\u00f3n General de Obras Particulares y Planeamiento de la municipalidad de La Plata, se clausur\u00f3 el complejo de viviendas \u201cFincas de Duggan\u201d, ubicado en 137 y 90 de la localidad de Los Hornos.<!--more--><br \/>\nSe trata de un emprendimiento urban\u00edstico que no cuenta con la factibilidad de planeamiento necesaria para avanzar con las obras. De esta manera, se paralizaron los trabajos de construcci\u00f3n en el predio hasta que la empresa o los emprendedores normalicen su situaci\u00f3n con la Comuna.<\/p>\n<p>El Municipio realiza trabajos de investigaci\u00f3n en toda la Ciudad con respecto a obras o emprendimientos de divisiones de tierras.<\/p>\n","protected":false},"excerpt":{"rendered":"<p>En el marco de un operativo de control que realiz\u00f3 la Direcci\u00f3n General de Obras Particulares y Planeamiento de la municipalidad de La Plata, se clausur\u00f3 el complejo de viviendas \u201cFincas de Duggan\u201d, ubicado en 137 y 90 de la localidad de Los Hornos.<\/p>\n","protected":false},"author":4,"featured_media":0,"comment_status":"open","ping_status":"open","sticky":false,"template":"","format":"standard","meta":{"_jetpack_newsletter_access":"","_jetpack_dont_email_post_to_subs":false,"_jetpack_newsletter_tier_id":0,"_jetpack_memberships_contains_paywalled_content":false,"_jetpack_memberships_contains_paid_content":false,"footnotes":""},"categories":[38],"tags":[],"class_list":["post-4915","post","type-post","status-publish","format-standard","hentry","category-locales"],"jetpack_featured_media_url":"","jetpack_shortlink":"https:\/\/wp.me\/p2JWE0-1hh","jetpack-related-posts":[{"id":95015,"url":"https:\/\/www.24baires.com\/?p=95015","url_meta":{"origin":4915,"position":0},"title":"Easy inaugurar\u00e1 su local de Mar del Plata en diciembre","author":"GB","date":"06\/06\/2017","format":false,"excerpt":"Los directivos de la empresa Cencosud se reunieron con Arroyo. \"Ha llegado mucha inversi\u00f3n, del tipo comercial o inmobiliaria\", dijo el intendente El intendente Carlos Arroyovalor\u00f3 la llegada de nuevas inversiones a la ciudadal declarar que \u201cpermiten tener fuentes de trabajo y crecimiento\u201d,en el marco de la audiencia que, junto\u2026","rel":"","context":"En \u00abLocales\u00bb","block_context":{"text":"Locales","link":"https:\/\/www.24baires.com\/?cat=38"},"img":{"alt_text":"","src":"","width":0,"height":0},"classes":[]},{"id":15039,"url":"https:\/\/www.24baires.com\/?p=15039","url_meta":{"origin":4915,"position":1},"title":"Clausuraron 17 obras en construcci\u00f3n en la Costa Atl\u00e1ntica","author":"AF","date":"08\/02\/2013","format":false,"excerpt":"Inspectores del Ministerio de Trabajo bonaerense clausuraron 17 obras en construcci\u00f3n en las ciudades de Mar del Plata, Pinamar y Villa Gesell, se inform\u00f3 oficialmente. En el marco del \u201cPrograma de Mejoramiento de las Condiciones de Salud y Seguridad en el Trabajo en la Industria de la Construcci\u00f3n\u201d inspectores de\u2026","rel":"","context":"En \u00abLocales\u00bb","block_context":{"text":"Locales","link":"https:\/\/www.24baires.com\/?cat=38"},"img":{"alt_text":"","src":"","width":0,"height":0},"classes":[]},{"id":24475,"url":"https:\/\/www.24baires.com\/?p=24475","url_meta":{"origin":4915,"position":2},"title":"Tras presi\u00f3n popular, la Municipalidad asegura que no se demoler\u00e1n edificios hist\u00f3ricos","author":"Grupo Sierra","date":"27\/05\/2013","format":false,"excerpt":"LA PLATA.- Luego de que sendos carteles de venta aparecieran colgados de las fachadas del Teatro La Hermandad del Princesa y dos casas de estilo ingl\u00e9s, ambos edificios hist\u00f3ricos ubicados en pleno casco urbano de la ciudad de La Plata, la asamblea de vecinos \u201cDefendamos La Plata\u201d, puso el grito\u2026","rel":"","context":"En \u00abLocales\u00bb","block_context":{"text":"Locales","link":"https:\/\/www.24baires.com\/?cat=38"},"img":{"alt_text":"casa hermandad la plata2","src":"https:\/\/i0.wp.com\/www.24baires.com\/wp-content\/uploads\/2013\/05\/casa-hermandad-la-plata2.jpg?resize=350%2C200","width":350,"height":200,"srcset":"https:\/\/i0.wp.com\/www.24baires.com\/wp-content\/uploads\/2013\/05\/casa-hermandad-la-plata2.jpg?resize=350%2C200 1x, https:\/\/i0.wp.com\/www.24baires.com\/wp-content\/uploads\/2013\/05\/casa-hermandad-la-plata2.jpg?resize=525%2C300 1.5x"},"classes":[]},{"id":20854,"url":"https:\/\/www.24baires.com\/?p=20854","url_meta":{"origin":4915,"position":3},"title":"Una movilizaci\u00f3n de vecinos en La Plata pidi\u00f3 la renuncia del Intendente Bruera","author":"Grupo Sierra","date":"12\/04\/2013","format":false,"excerpt":"Vecinos autoconvocados de La Plata se movilizaron frente a las puertas del Palacio Municipal para reclamar obras hidr\u00e1ulicas y la renuncia del intendente, Pablo Bruera, al que consideran el \u201cprincipal responsable pol\u00edtico de la inundaci\u00f3n\u201d que afect\u00f3 a la ciudad el pasado 2 de abril. \u201cLa construcci\u00f3n desmedida de edificios,\u2026","rel":"","context":"En \u00abLocales\u00bb","block_context":{"text":"Locales","link":"https:\/\/www.24baires.com\/?cat=38"},"img":{"alt_text":"","src":"","width":0,"height":0},"classes":[]},{"id":48070,"url":"https:\/\/www.24baires.com\/?p=48070","url_meta":{"origin":4915,"position":4},"title":"Licitaron obras viales para la Ruta provincial 55","author":"AF","date":"15\/06\/2014","format":false,"excerpt":"Con una inversi\u00f3n de m\u00e1s de 34 millones de pesos el Gobierno provincial, a trav\u00e9s de la Direcci\u00f3n de Vialidad \u2013dependiente de Infraestructura-, licit\u00f3 obras viales para intervenir rutas provinciales que atraviesan seis municipios bonaerenses, entre ellos el Partido de Mar Chiquita, en el marco de la obra \u201cRehabilitaci\u00f3n y\u2026","rel":"","context":"En \u00abLocales\u00bb","block_context":{"text":"Locales","link":"https:\/\/www.24baires.com\/?cat=38"},"img":{"alt_text":"ruta","src":"https:\/\/i0.wp.com\/www.24baires.com\/wp-content\/uploads\/2013\/12\/ruta.jpg?resize=350%2C200","width":350,"height":200,"srcset":"https:\/\/i0.wp.com\/www.24baires.com\/wp-content\/uploads\/2013\/12\/ruta.jpg?resize=350%2C200 1x, https:\/\/i0.wp.com\/www.24baires.com\/wp-content\/uploads\/2013\/12\/ruta.jpg?resize=525%2C300 1.5x"},"classes":[]},{"id":18248,"url":"https:\/\/www.24baires.com\/?p=18248","url_meta":{"origin":4915,"position":5},"title":"El boleto del tren universitario costar\u00eda menos de $1,50 y se podr\u00e1 acceder a becas","author":"AF","date":"13\/03\/2013","format":false,"excerpt":"El ProSecretario de Planeamiento, Obras y Servicio de la Universidad Nacional de La Plata, el arquitecto Diego Delucchi, en di\u00e1logo con Radio La Plata asegur\u00f3 que el precio del boleto del Tren Universitario \u201candar\u00e1 entre $1 y $1,50 aunque no est\u00e1 definido y es un tema de la Secretar\u00eda de\u2026","rel":"","context":"En \u00abLocales\u00bb","block_context":{"text":"Locales","link":"https:\/\/www.24baires.com\/?cat=38"},"img":{"alt_text":"","src":"","width":0,"height":0},"classes":[]}],"jetpack_sharing_enabled":true,"jetpack_likes_enabled":true,"_links":{"self":[{"href":"https:\/\/www.24baires.com\/index.php?rest_route=\/wp\/v2\/posts\/4915","targetHints":{"allow":["GET"]}}],"collection":[{"href":"https:\/\/www.24baires.com\/index.php?rest_route=\/wp\/v2\/posts"}],"about":[{"href":"https:\/\/www.24baires.com\/index.php?rest_route=\/wp\/v2\/types\/post"}],"author":[{"embeddable":true,"href":"https:\/\/www.24baires.com\/index.php?rest_route=\/wp\/v2\/users\/4"}],"replies":[{"embeddable":true,"href":"https:\/\/www.24baires.com\/index.php?rest_route=%2Fwp%2Fv2%2Fcomments&post=4915"}],"version-history":[{"count":1,"href":"https:\/\/www.24baires.com\/index.php?rest_route=\/wp\/v2\/posts\/4915\/revisions"}],"predecessor-version":[{"id":4916,"href":"https:\/\/www.24baires.com\/index.php?rest_route=\/wp\/v2\/posts\/4915\/revisions\/4916"}],"wp:attachment":[{"href":"https:\/\/www.24baires.com\/index.php?rest_route=%2Fwp%2Fv2%2Fmedia&parent=4915"}],"wp:term":[{"taxonomy":"category","embeddable":true,"href":"https:\/\/www.24baires.com\/index.php?rest_route=%2Fwp%2Fv2%2Fcategories&post=4915"},{"taxonomy":"post_tag","embeddable":true,"href":"https:\/\/www.24baires.com\/index.php?rest_route=%2Fwp%2Fv2%2Ftags&post=4915"}],"curies":[{"name":"wp","href":"https:\/\/api.w.org\/{rel}","templated":true}]}}