{"id":4904,"date":"2012-11-10T11:02:07","date_gmt":"2012-11-10T14:02:07","guid":{"rendered":"http:\/\/www.24baires.com\/?p=4904"},"modified":"2012-11-10T11:02:07","modified_gmt":"2012-11-10T14:02:07","slug":"partido-de-la-costa-denuncian-que-pami-corto-sus-servicios-por-pedido-del-intendente","status":"publish","type":"post","link":"https:\/\/www.24baires.com\/?p=4904","title":{"rendered":"Partido de La Costa: denuncian que PAMI cort\u00f3 sus servicios por pedido del Intendente"},"content":{"rendered":"<p><img data-recalc-dims=\"1\" loading=\"lazy\" decoding=\"async\" class=\"alignleft size-medium wp-image-4905\" title=\"de jes\u00fas  pami\" src=\"https:\/\/i0.wp.com\/www.24baires.com\/wp-content\/uploads\/2012\/11\/de-jes%C3%BAs-pami.jpg?resize=300%2C198\" alt=\"\" width=\"300\" height=\"198\" srcset=\"https:\/\/i0.wp.com\/www.24baires.com\/wp-content\/uploads\/2012\/11\/de-jes%C3%BAs-pami.jpg?resize=300%2C198&amp;ssl=1 300w, https:\/\/i0.wp.com\/www.24baires.com\/wp-content\/uploads\/2012\/11\/de-jes%C3%BAs-pami.jpg?w=480&amp;ssl=1 480w\" sizes=\"auto, (max-width: 300px) 100vw, 300px\" \/>Hace una semana trascendi\u00f3 que los afiliados a Pami del Partido de la Costa, no podr\u00edan acceder a los servicios de esa prestaci\u00f3n m\u00e9dica porque estos hab\u00edan sido cortados por decisi\u00f3n de las autoridades. Por estas horas se conocieron los motivos. El intendente le habr\u00eda solicitado a la prestataria que no renueve los contratos con las cl\u00ednicas para quedarse con una abultada caja.<!--more--><\/p>\n<p>Desde el 31 de octubre pasado, m\u00e1s de 10 mil adultos de la tercera edad del Partido de La Costa quedaron totalmente desamparados ya que Pami les cort\u00f3 la prestaci\u00f3n de servicios sociales y sanitarios. Seg\u00fan trascendi\u00f3, ninguna cl\u00ednica atiende a los afiliados, lo que los deja en total estado de emergencia sanitaria. Desde principio de a\u00f1o los afiliados reclamaban por las deficiencias en la prestaci\u00f3n, pero nunca imaginaron que la soluci\u00f3n iba a ser cortar con el servicio<\/p>\n<p>Como medida paliativa, el intendente municipal, Juan Pablo de Jes\u00fas, anunci\u00f3 que los abuelos ser\u00edan incorporados al sistema hospitalario local. Ante esta decisi\u00f3n, los vecinos de La Costa manifestaron que el servicio de hospital municipal es deficitario y no llega a cubrir las necesidades sanitarias de toda la comunidad que no cuenta con una obra social, y que por lo tanto la incorporaci\u00f3n de los ancianos no beneficiar\u00eda el servicio.<\/p>\n<p>En tanto, por estas horas los vecinos denunciaron ante NOVA que, al parecer, la prestataria Pami habr\u00eda resuelto, por pedido del propio intendente, no renovar los contratos con las distintas cl\u00ednicas que adher\u00edan al servicio para quedarse el ejecutivo local con los 800 mil de esas contrataciones.<\/p>\n<p>Ante esta situaci\u00f3n, los afiliados denuncian que no s\u00f3lo quedan expuestos al menosprecio de su salud, sino a merced de los sucios negociados que realiza el intendente para su propio beneficio. Los vecinos no pretenden que se defienda a las cl\u00ednicas privadas, que tambi\u00e9n realizan y defienden sus negocios, sino que se tenga en cuenta la vida y la seguridad de los adultos de la tercera edad.<\/p>\n","protected":false},"excerpt":{"rendered":"<p>Hace una semana trascendi\u00f3 que los afiliados a Pami del Partido de la Costa, no podr\u00edan acceder a los servicios de esa prestaci\u00f3n m\u00e9dica porque estos hab\u00edan sido cortados por decisi\u00f3n de las autoridades. Por estas horas se conocieron los motivos. El intendente le habr\u00eda solicitado a la prestataria que no renueve los contratos con las cl\u00ednicas para quedarse con [&#8230;]<\/p>\n","protected":false},"author":4,"featured_media":0,"comment_status":"open","ping_status":"open","sticky":false,"template":"","format":"standard","meta":{"_jetpack_newsletter_access":"","_jetpack_dont_email_post_to_subs":false,"_jetpack_newsletter_tier_id":0,"_jetpack_memberships_contains_paywalled_content":false,"_jetpack_memberships_contains_paid_content":false,"footnotes":""},"categories":[38],"tags":[],"class_list":["post-4904","post","type-post","status-publish","format-standard","hentry","category-locales"],"jetpack_featured_media_url":"","jetpack_shortlink":"https:\/\/wp.me\/p2JWE0-1h6","jetpack-related-posts":[{"id":4243,"url":"https:\/\/www.24baires.com\/?p=4243","url_meta":{"origin":4904,"position":0},"title":"Partido de La Costa: afiliados al PAMI se quedaron sin servicio","author":"AF","date":"03\/11\/2012","format":false,"excerpt":"M\u00e1s de 10 mil adultos de la tercera edad quedaron totalmente desamparados en el Partido de La Costa, tras la decisi\u00f3n de autoridades de Pami de cortar la prestaci\u00f3n de servicios sociales y sanitarios. Si bien hay un compromiso de las autoridades municipales de suplir esa falta insertando a los\u2026","rel":"","context":"En \u00abLocales\u00bb","block_context":{"text":"Locales","link":"https:\/\/www.24baires.com\/?cat=38"},"img":{"alt_text":"","src":"","width":0,"height":0},"classes":[]},{"id":56352,"url":"https:\/\/www.24baires.com\/?p=56352","url_meta":{"origin":4904,"position":1},"title":"PAMI niega tener deudas con cl\u00ednicas y sanatorios privados","author":"AF","date":"31\/10\/2014","format":false,"excerpt":"El PAMI inform\u00f3 hoy que \u201cno existen retrasos en pagos o deudas con prestadores\u201d y que los centros asistenciales \u201cdeber\u00edan funcionar normalmente\u201d y atender a sus afiliados, en respuesta al conflicto que existe con la Asociaci\u00f3n de Cl\u00ednicas y Sanatorios Privados de la Rep\u00fablica Argentina (Adrecra) y la Confederaci\u00f3n Argentina\u2026","rel":"","context":"En \u00abSociedad\u00bb","block_context":{"text":"Sociedad","link":"https:\/\/www.24baires.com\/?cat=1"},"img":{"alt_text":"pami","src":"https:\/\/i0.wp.com\/www.24baires.com\/wp-content\/uploads\/2012\/10\/pami-300x198.jpg?resize=350%2C200","width":350,"height":200},"classes":[]},{"id":90940,"url":"https:\/\/www.24baires.com\/?p=90940","url_meta":{"origin":4904,"position":2},"title":"Farmacias de todo el pa\u00eds suspendieron el servicio a Pami","author":"AF","date":"21\/12\/2016","format":false,"excerpt":"Las farmacias de todo el pa\u00eds dejaron de otorgar cr\u00e9dito a los afiliados del PAMI a partir de la hora cero del mi\u00e9rcoles 21 de diciembre. A trav\u00e9s del siguiente documento firmado por el Colegio de Farmac\u00e9uticos de General Pueyrredon, se anunci\u00f3 la suspensi\u00f3n del servicio para beneficiarios de Pami:\u2026","rel":"","context":"En \u00abSociedad\u00bb","block_context":{"text":"Sociedad","link":"https:\/\/www.24baires.com\/?cat=1"},"img":{"alt_text":"","src":"https:\/\/i0.wp.com\/www.24baires.com\/wp-content\/uploads\/2014\/06\/pami-farmacia.jpg?resize=350%2C200","width":350,"height":200,"srcset":"https:\/\/i0.wp.com\/www.24baires.com\/wp-content\/uploads\/2014\/06\/pami-farmacia.jpg?resize=350%2C200 1x, https:\/\/i0.wp.com\/www.24baires.com\/wp-content\/uploads\/2014\/06\/pami-farmacia.jpg?resize=525%2C300 1.5x"},"classes":[]},{"id":1672,"url":"https:\/\/www.24baires.com\/?p=1672","url_meta":{"origin":4904,"position":3},"title":"PAMI podr\u00eda rescindir contratos con cl\u00ednicas de La Costa","author":"AF","date":"11\/10\/2012","format":false,"excerpt":"Afiliados de PAMI pertenecientes al Partido de La Costa reclaman desde hace dos a\u00f1os que las autoridades pol\u00edticas y representantes de la cartera sanitaria tuvieran en cuenta que una enorme franja social de adultos mayores, se encontraban sin internaci\u00f3n en la zona centro de la regi\u00f3n. \u201cPedimos la aceptaci\u00f3n por\u2026","rel":"","context":"En \u00abSociedad\u00bb","block_context":{"text":"Sociedad","link":"https:\/\/www.24baires.com\/?cat=1"},"img":{"alt_text":"","src":"https:\/\/i0.wp.com\/www.24baires.com\/wp-content\/uploads\/2012\/10\/pami-300x198.jpg?resize=350%2C200","width":350,"height":200},"classes":[]},{"id":94159,"url":"https:\/\/www.24baires.com\/?p=94159","url_meta":{"origin":4904,"position":4},"title":"Cl\u00ednicas anuncian que dejar\u00e1n de atender PAMI en todo el pa\u00eds desde mayo","author":"GB","date":"27\/04\/2017","format":false,"excerpt":"ALARMALos empresarios rechazan firmar el nuevo convenio que impuso el Gobierno unilateralmente. Denuncian un recorte del 50% en sus ingresos. Hoy cl\u00ednicas del conurbano oeste y norte decidieron no atender afiliados de PAMI ante el unilateral cambio de convenio que, denuncian, recorta en m\u00e1s del 50% sus ingresos. La semana\u2026","rel":"","context":"En \u00abSociedad\u00bb","block_context":{"text":"Sociedad","link":"https:\/\/www.24baires.com\/?cat=1"},"img":{"alt_text":"","src":"https:\/\/i0.wp.com\/www.24baires.com\/wp-content\/uploads\/2012\/11\/de-jes%C3%BAs-pami-300x198.jpg?resize=350%2C200","width":350,"height":200},"classes":[]},{"id":56324,"url":"https:\/\/www.24baires.com\/?p=56324","url_meta":{"origin":4904,"position":5},"title":"\u00abHay cl\u00ednicas que no van a seguir atendiendo con PAMI\u00bb","author":"Grupo Sierra","date":"30\/10\/2014","format":false,"excerpt":"El presidente de ADECRA, Jorge Cherro, reclam\u00f3 una reuni\u00f3n urgente con las autoridades de la entidad por la falta de financiamiento de un sector. El titular de la Asociaci\u00f3n de Cl\u00ednicas y Hospitales privados (Adecra), se\u00f1al\u00f3 que \u201cpeligra la atenci\u00f3n de 4.500.000 de afiliados por falta de financiamiento de un\u2026","rel":"","context":"En \u00abSociedad\u00bb","block_context":{"text":"Sociedad","link":"https:\/\/www.24baires.com\/?cat=1"},"img":{"alt_text":"jubilados2","src":"https:\/\/i0.wp.com\/www.24baires.com\/wp-content\/uploads\/2014\/05\/jubilados2.jpg?resize=350%2C200","width":350,"height":200,"srcset":"https:\/\/i0.wp.com\/www.24baires.com\/wp-content\/uploads\/2014\/05\/jubilados2.jpg?resize=350%2C200 1x, https:\/\/i0.wp.com\/www.24baires.com\/wp-content\/uploads\/2014\/05\/jubilados2.jpg?resize=525%2C300 1.5x"},"classes":[]}],"jetpack_sharing_enabled":true,"jetpack_likes_enabled":true,"_links":{"self":[{"href":"https:\/\/www.24baires.com\/index.php?rest_route=\/wp\/v2\/posts\/4904","targetHints":{"allow":["GET"]}}],"collection":[{"href":"https:\/\/www.24baires.com\/index.php?rest_route=\/wp\/v2\/posts"}],"about":[{"href":"https:\/\/www.24baires.com\/index.php?rest_route=\/wp\/v2\/types\/post"}],"author":[{"embeddable":true,"href":"https:\/\/www.24baires.com\/index.php?rest_route=\/wp\/v2\/users\/4"}],"replies":[{"embeddable":true,"href":"https:\/\/www.24baires.com\/index.php?rest_route=%2Fwp%2Fv2%2Fcomments&post=4904"}],"version-history":[{"count":1,"href":"https:\/\/www.24baires.com\/index.php?rest_route=\/wp\/v2\/posts\/4904\/revisions"}],"predecessor-version":[{"id":4906,"href":"https:\/\/www.24baires.com\/index.php?rest_route=\/wp\/v2\/posts\/4904\/revisions\/4906"}],"wp:attachment":[{"href":"https:\/\/www.24baires.com\/index.php?rest_route=%2Fwp%2Fv2%2Fmedia&parent=4904"}],"wp:term":[{"taxonomy":"category","embeddable":true,"href":"https:\/\/www.24baires.com\/index.php?rest_route=%2Fwp%2Fv2%2Fcategories&post=4904"},{"taxonomy":"post_tag","embeddable":true,"href":"https:\/\/www.24baires.com\/index.php?rest_route=%2Fwp%2Fv2%2Ftags&post=4904"}],"curies":[{"name":"wp","href":"https:\/\/api.w.org\/{rel}","templated":true}]}}