{"id":4901,"date":"2012-11-10T10:48:15","date_gmt":"2012-11-10T13:48:15","guid":{"rendered":"http:\/\/www.24baires.com\/?p=4901"},"modified":"2012-11-10T10:48:15","modified_gmt":"2012-11-10T13:48:15","slug":"general-pueyrredon-se-adhiere-al-programa-de-desendeudamiento-con-la-provincia","status":"publish","type":"post","link":"https:\/\/www.24baires.com\/?p=4901","title":{"rendered":"General Pueyrred\u00f3n se adhiere al programa de desendeudamiento con la Provincia"},"content":{"rendered":"<p><img data-recalc-dims=\"1\" loading=\"lazy\" decoding=\"async\" class=\"alignleft size-full wp-image-4902\" title=\"Pulti\" src=\"https:\/\/i0.wp.com\/www.24baires.com\/wp-content\/uploads\/2012\/11\/Pulti.jpg?resize=220%2C138\" alt=\"\" width=\"220\" height=\"138\" \/>Gustavo Pulti, jefe comunal del municipio de General Pueyrred\u00f3n, busca refinanciar la deuda de casi 83 millones de pesos que tiene con el gobierno de la provincia de Buenos Aires.<!--more--><br \/>\nEl intendente de General Puyrred\u00f3n Gustavo Pulti, elev\u00f3 al Concejo Deliberante un proyecto de ordenanza para adherir al Programa Provincial de Desendeudamiento para reestructurar la deuda de $ 82.885.484,47 que mantiene municipio con el gobierno de la provincia de Buenos Aires.<br \/>\nEn mayo de este a\u00f1o, la ministra de Econom\u00eda bonaerense, Silvina Batakis, anunci\u00f3 que el programa provincial de desendeudamiento de los municipios ser\u00eda prorrogado hasta enero de 2014.<br \/>\nBatakis puntualiz\u00f3 que \u201cen el 2010 se adhirieron a este programa 90 comunas que ahora podr\u00e1n incorporar los saldos de las deudas existentes al 31 de diciembre de 2011\u2033.<br \/>\nAdem\u00e1s, explic\u00f3 que \u201cesta decisi\u00f3n permite a los gobiernos municipales contar con una situaci\u00f3n m\u00e1s holgada de sus finanzas, para poder mantener la aplicaci\u00f3n de pol\u00edticas p\u00fablicas que ayuden a sostener los niveles de empleo, preservar las actividades productivas y financiar la asistencia requerida por los sectores sociales desprotegidos\u201d.<br \/>\nTodos los distritos tendr\u00e1n la posibilidad de acogerse a esta restructuraci\u00f3n en las condiciones financieras de reembolso de las deudas que mantienen con el gobierno Provincial.<br \/>\nEste nuevo Programa Provincial de Desendeudamiento, prorroga por dos a\u00f1os el per\u00edodo de gracia de su similar, establecido mediante Decreto N\u00ba 1316\/10. Tambi\u00e9n incluye la posibilidad de reestructurar deuda existente a diciembre del a\u00f1o pasado, a una tasa del 6% nominal anual en pesos, comenzando a amortizar los servicios de la deuda a partir de enero de 2014.<br \/>\nEn totalidad, las deudas suman aproximadamente $ 573 millones que se refinanciar\u00e1n deuda con el Estado Provincial. De este modo, mejorar\u00e1n su perfil a partir del a\u00f1o que viene, seg\u00fan se dispone en el decreto que lo crea.<br \/>\nLa ministra de Gobierno bonaerense, Cristina \u00c1lvarez Rodr\u00edguez, destac\u00f3 \u201cla importancia de este plan de refinanciaci\u00f3n de las deudas municipales, que estamos llevando adelante bajo las mismas condiciones que el Gobierno nacional estableci\u00f3 meses atr\u00e1s con las provincias, lo cual representar\u00e1 un importante alivio financiero para los distritos\u201d. Adem\u00e1s, la funcionaria detall\u00f3 que \u201ca los municipios les permitir\u00e1 no tener erogaci\u00f3n por intereses de deuda, situaci\u00f3n que posibilitar\u00e1 optimizar toda la gesti\u00f3n\u201d.<\/p>\n","protected":false},"excerpt":{"rendered":"<p>Gustavo Pulti, jefe comunal del municipio de General Pueyrred\u00f3n, busca refinanciar la deuda de casi 83 millones de pesos que tiene con el gobierno de la provincia de Buenos Aires.<\/p>\n","protected":false},"author":4,"featured_media":0,"comment_status":"open","ping_status":"open","sticky":false,"template":"","format":"standard","meta":{"_jetpack_newsletter_access":"","_jetpack_dont_email_post_to_subs":false,"_jetpack_newsletter_tier_id":0,"_jetpack_memberships_contains_paywalled_content":false,"_jetpack_memberships_contains_paid_content":false,"footnotes":""},"categories":[45],"tags":[],"class_list":["post-4901","post","type-post","status-publish","format-standard","hentry","category-economia"],"jetpack_featured_media_url":"","jetpack_shortlink":"https:\/\/wp.me\/p2JWE0-1h3","jetpack-related-posts":[{"id":6461,"url":"https:\/\/www.24baires.com\/?p=6461","url_meta":{"origin":4901,"position":0},"title":"Seis municipios m\u00e1s firmaron el desendeudamiento con la Provincia","author":"AF","date":"23\/11\/2012","format":false,"excerpt":"Los intendentes\u00a0Sandro Guzm\u00e1n\u00a0de\u00a0Escobar,\u00a0Carlos Urquiaga\u00a0de\u00a0Jos\u00e9 C.\u00a0 Paz, Ricardo Curutchet\u00a0de\u00a0Marcos Paz,\u00a0Mariano West\u00a0de\u00a0Moreno, Lucas Ghi\u00a0de\u00a0Mor\u00f3n\u00a0y\u00a0Luis Andreotti\u00a0de\u00a0San Fernando,\u00a0firmaron los convenios de desendeudamiento de sus distritos\u00a0que les permitir\u00e1 refinanciar la deuda con el Estado Provincial. Los jefes comunales de los municipios de Escobar, Jos\u00e9 C. Paz, Marcos Paz, Moreno, Mor\u00f3n y San Fernando, junto al\u2026","rel":"","context":"En \u00abEconom\u00eda\u00bb","block_context":{"text":"Econom\u00eda","link":"https:\/\/www.24baires.com\/?cat=45"},"img":{"alt_text":"","src":"https:\/\/i0.wp.com\/www.24baires.com\/wp-content\/uploads\/2012\/11\/sal%C3%B3n-de-acuerdos.jpg?resize=350%2C200","width":350,"height":200},"classes":[]},{"id":16233,"url":"https:\/\/www.24baires.com\/?p=16233","url_meta":{"origin":4901,"position":1},"title":"\u00abEndeudarse para pagar sueldos es un camino peligroso\u00bb, asegur\u00f3 Lorenzino","author":"AF","date":"20\/02\/2013","format":false,"excerpt":"El ministro de Econom\u00eda, Hern\u00e1n Lorenzino, se refiri\u00f3 as\u00ed a la situaci\u00f3n econ\u00f3mica de la provincia de Buenos Aires, y advirti\u00f3 que \"la victimizaci\u00f3n permanente\" no le parece lo m\u00e1s adecuado. \"Creo que los que tenemos una responsabilidad debemos hacer frente a las situaciones, siempre pensando en la gente, ya\u2026","rel":"","context":"En \u00abEconom\u00eda\u00bb","block_context":{"text":"Econom\u00eda","link":"https:\/\/www.24baires.com\/?cat=45"},"img":{"alt_text":"lorenzino","src":"https:\/\/i0.wp.com\/www.24baires.com\/wp-content\/uploads\/2013\/02\/lorenzino.jpg?resize=350%2C200","width":350,"height":200,"srcset":"https:\/\/i0.wp.com\/www.24baires.com\/wp-content\/uploads\/2013\/02\/lorenzino.jpg?resize=350%2C200 1x, https:\/\/i0.wp.com\/www.24baires.com\/wp-content\/uploads\/2013\/02\/lorenzino.jpg?resize=525%2C300 1.5x"},"classes":[]},{"id":117103,"url":"https:\/\/www.24baires.com\/?p=117103","url_meta":{"origin":4901,"position":2},"title":"Provincia extiende el plazo de la oferta de canje de deuda","author":"GB","date":"01\/02\/2021","format":false,"excerpt":"Desde el ministerio de Hacienda que conduce Pablo L\u00f3pez sostuvieron que es otra muestra de \"buena fe\" con los bonistas. El gobierno bonaerense extendi\u00f3 el plazo de la oferta del canje de deuda bajo legislaci\u00f3n extranjera hasta el pr\u00f3ximo 26 de febrero de este a\u00f1o. Desde el ministerio de Hacienda\u2026","rel":"","context":"En \u00abEconom\u00eda\u00bb","block_context":{"text":"Econom\u00eda","link":"https:\/\/www.24baires.com\/?cat=45"},"img":{"alt_text":"","src":"https:\/\/i0.wp.com\/www.24baires.com\/wp-content\/uploads\/2020\/04\/kicillof.jpeg?resize=350%2C200","width":350,"height":200,"srcset":"https:\/\/i0.wp.com\/www.24baires.com\/wp-content\/uploads\/2020\/04\/kicillof.jpeg?resize=350%2C200 1x, https:\/\/i0.wp.com\/www.24baires.com\/wp-content\/uploads\/2020\/04\/kicillof.jpeg?resize=525%2C300 1.5x"},"classes":[]},{"id":51166,"url":"https:\/\/www.24baires.com\/?p=51166","url_meta":{"origin":4901,"position":3},"title":"Batakis acus\u00f3 a Macri de \u00abdesconocer la realidad de la provincia\u00bb","author":"Grupo Sierra","date":"04\/08\/2014","format":false,"excerpt":"La ministra de Econom\u00eda bonaerense respondi\u00f3 a las cr\u00edticas expresadas por el jefe de Gobierno porte\u00f1o y afirm\u00f3 que \"muestra un alto grado de desconocimiento sobre la realidad econ\u00f3mica de la Provincia, porque las finanzas est\u00e1n en un sendero de sustentabilidad y solvencia fiscal, alcanzando un super\u00e1vit primario r\u00e9cord en\u2026","rel":"","context":"En \u00abPol\u00edtica\u00bb","block_context":{"text":"Pol\u00edtica","link":"https:\/\/www.24baires.com\/?cat=51"},"img":{"alt_text":"batakis","src":"https:\/\/i0.wp.com\/www.24baires.com\/wp-content\/uploads\/2014\/01\/batakis.jpg?resize=350%2C200","width":350,"height":200,"srcset":"https:\/\/i0.wp.com\/www.24baires.com\/wp-content\/uploads\/2014\/01\/batakis.jpg?resize=350%2C200 1x, https:\/\/i0.wp.com\/www.24baires.com\/wp-content\/uploads\/2014\/01\/batakis.jpg?resize=525%2C300 1.5x"},"classes":[]},{"id":74246,"url":"https:\/\/www.24baires.com\/?p=74246","url_meta":{"origin":4901,"position":4},"title":"Batakis: \u00abDejamos una provincia desendeudada y con equilibrio fiscal\u00bb","author":"GB","date":"27\/10\/2015","format":false,"excerpt":"La Ministra de Econom\u00eda bonaerense asegur\u00f3 que su equipo econ\u00f3mico ya est\u00e1 trabajando en lo que ser\u00e1 la transici\u00f3n con la nueva gesti\u00f3n que gobernar\u00e1 el territorio bonaerense a partir del 10 diciembre. En un comunicado, Batakis remarc\u00f3 que \"durante los 8 a\u00f1os de gesti\u00f3n al frente del Poder Ejecutivo\u2026","rel":"","context":"En \u00abEconom\u00eda\u00bb","block_context":{"text":"Econom\u00eda","link":"https:\/\/www.24baires.com\/?cat=45"},"img":{"alt_text":"Silvina-Batakis","src":"https:\/\/i0.wp.com\/www.24baires.com\/wp-content\/uploads\/2014\/01\/Silvina-Batakis.jpg?resize=350%2C200","width":350,"height":200,"srcset":"https:\/\/i0.wp.com\/www.24baires.com\/wp-content\/uploads\/2014\/01\/Silvina-Batakis.jpg?resize=350%2C200 1x, https:\/\/i0.wp.com\/www.24baires.com\/wp-content\/uploads\/2014\/01\/Silvina-Batakis.jpg?resize=525%2C300 1.5x"},"classes":[]},{"id":120235,"url":"https:\/\/www.24baires.com\/?p=120235","url_meta":{"origin":4901,"position":5},"title":"Pulti apunt\u00f3 contra la gesti\u00f3n de Mar del Plata: \u201cVeo un abandono\u201d","author":"GB","date":"30\/06\/2023","format":false,"excerpt":"El precandidato a diputado por Encuentro Marplatense, Gustavo Pulti, sostuvo que en el distrito se dej\u00f3 de invertir, \u201cveo un abandono para el futuro de Mar del Plata\u201d. El ex jefe comunal de Mar del Plata y actual precandidato a diputado provincial, por Encuentro Marplatense, Gustavo Pulti, en di\u00e1logo con\u2026","rel":"","context":"En \u00abElecciones\u00bb","block_context":{"text":"Elecciones","link":"https:\/\/www.24baires.com\/?cat=316"},"img":{"alt_text":"","src":"https:\/\/i0.wp.com\/www.24baires.com\/wp-content\/uploads\/2023\/06\/Pultiii.jpg?resize=350%2C200","width":350,"height":200,"srcset":"https:\/\/i0.wp.com\/www.24baires.com\/wp-content\/uploads\/2023\/06\/Pultiii.jpg?resize=350%2C200 1x, https:\/\/i0.wp.com\/www.24baires.com\/wp-content\/uploads\/2023\/06\/Pultiii.jpg?resize=525%2C300 1.5x, https:\/\/i0.wp.com\/www.24baires.com\/wp-content\/uploads\/2023\/06\/Pultiii.jpg?resize=700%2C400 2x"},"classes":[]}],"jetpack_sharing_enabled":true,"jetpack_likes_enabled":true,"_links":{"self":[{"href":"https:\/\/www.24baires.com\/index.php?rest_route=\/wp\/v2\/posts\/4901","targetHints":{"allow":["GET"]}}],"collection":[{"href":"https:\/\/www.24baires.com\/index.php?rest_route=\/wp\/v2\/posts"}],"about":[{"href":"https:\/\/www.24baires.com\/index.php?rest_route=\/wp\/v2\/types\/post"}],"author":[{"embeddable":true,"href":"https:\/\/www.24baires.com\/index.php?rest_route=\/wp\/v2\/users\/4"}],"replies":[{"embeddable":true,"href":"https:\/\/www.24baires.com\/index.php?rest_route=%2Fwp%2Fv2%2Fcomments&post=4901"}],"version-history":[{"count":1,"href":"https:\/\/www.24baires.com\/index.php?rest_route=\/wp\/v2\/posts\/4901\/revisions"}],"predecessor-version":[{"id":4903,"href":"https:\/\/www.24baires.com\/index.php?rest_route=\/wp\/v2\/posts\/4901\/revisions\/4903"}],"wp:attachment":[{"href":"https:\/\/www.24baires.com\/index.php?rest_route=%2Fwp%2Fv2%2Fmedia&parent=4901"}],"wp:term":[{"taxonomy":"category","embeddable":true,"href":"https:\/\/www.24baires.com\/index.php?rest_route=%2Fwp%2Fv2%2Fcategories&post=4901"},{"taxonomy":"post_tag","embeddable":true,"href":"https:\/\/www.24baires.com\/index.php?rest_route=%2Fwp%2Fv2%2Ftags&post=4901"}],"curies":[{"name":"wp","href":"https:\/\/api.w.org\/{rel}","templated":true}]}}