{"id":4895,"date":"2012-11-10T10:23:23","date_gmt":"2012-11-10T13:23:23","guid":{"rendered":"http:\/\/www.24baires.com\/?p=4895"},"modified":"2012-11-10T10:23:23","modified_gmt":"2012-11-10T13:23:23","slug":"marcos-paz-capital-provincial-del-jamon-crudo","status":"publish","type":"post","link":"https:\/\/www.24baires.com\/?p=4895","title":{"rendered":"Marcos Paz, capital provincial del jam\u00f3n crudo"},"content":{"rendered":"<p><img data-recalc-dims=\"1\" loading=\"lazy\" decoding=\"async\" class=\"alignleft size-medium wp-image-4896\" title=\"ARENA\" src=\"https:\/\/i0.wp.com\/www.24baires.com\/wp-content\/uploads\/2012\/11\/jam%C3%B3n.jpg?resize=300%2C225\" alt=\"\" width=\"300\" height=\"225\" srcset=\"https:\/\/i0.wp.com\/www.24baires.com\/wp-content\/uploads\/2012\/11\/jam%C3%B3n.jpg?resize=300%2C225&amp;ssl=1 300w, https:\/\/i0.wp.com\/www.24baires.com\/wp-content\/uploads\/2012\/11\/jam%C3%B3n.jpg?w=500&amp;ssl=1 500w\" sizes=\"auto, (max-width: 300px) 100vw, 300px\" \/>La Legislatura bonaerense dio el visto bueno a un proyecto del senador provincial del FPV y presidente de la UOM de Tres de Febrero, Ra\u00fal Torres, que declara a la localidad de Marcos Paz, Capital Provincial del Jam\u00f3n Crudo Argentino.<!--more--><\/p>\n<p>La ciudad de Marcos Paz fue declarada \u00abCapital Provincial del Jam\u00f3n Crudo Argentino\u00bb. El proyecto de ley hab\u00eda sido presentado por el senador provincial Ra\u00fal Torres, quien comparti\u00f3 con el intendente Ricardo Curutchet, la inauguraci\u00f3n de la primera edici\u00f3n de la Fiesta Regional del Jam\u00f3n en 2011.<\/p>\n<p>Luego de haber sido aprobada por la C\u00e1mara de Senadores, los diputados de la provincia de Buenos Aires lo convirtieron en Ley, por unanimidad. Cabe indicar que la segunda edici\u00f3n de la Fiesta Regional del Jam\u00f3n se realiz\u00f3 el pasada 20 y 21 de octubre en Marcos Paz.<\/p>\n<p>Durante la inauguraci\u00f3n del evento, el jefe comunal destac\u00f3 que por iniciativa del senador Torres, Marcos Paz fue declarada Capital Provincial del Jam\u00f3n Crudo. Tambi\u00e9n agradeci\u00f3 a los productores, la presencia del corredor gastron\u00f3mico, y a la gran convocatoria de vecinos que se acercaron a disfrutar de una jornada en familia con un importante ambiente festivo.<\/p>\n","protected":false},"excerpt":{"rendered":"<p>La Legislatura bonaerense dio el visto bueno a un proyecto del senador provincial del FPV y presidente de la UOM de Tres de Febrero, Ra\u00fal Torres, que declara a la localidad de Marcos Paz, Capital Provincial del Jam\u00f3n Crudo Argentino.<\/p>\n","protected":false},"author":4,"featured_media":0,"comment_status":"open","ping_status":"open","sticky":false,"template":"","format":"standard","meta":{"_jetpack_newsletter_access":"","_jetpack_dont_email_post_to_subs":false,"_jetpack_newsletter_tier_id":0,"_jetpack_memberships_contains_paywalled_content":false,"_jetpack_memberships_contains_paid_content":false,"footnotes":""},"categories":[38],"tags":[],"class_list":["post-4895","post","type-post","status-publish","format-standard","hentry","category-locales"],"jetpack_featured_media_url":"","jetpack_shortlink":"https:\/\/wp.me\/p2JWE0-1gX","jetpack-related-posts":[{"id":33527,"url":"https:\/\/www.24baires.com\/?p=33527","url_meta":{"origin":4895,"position":0},"title":"Gran concurrencia a la 3\u00aa Fiesta Regional del Jam\u00f3n en Marcos Paz","author":"AF","date":"14\/10\/2013","format":false,"excerpt":"El intendente Ricardo Curuchet destac\u00f3 la participaci\u00f3n de las familias y productores en la tradicional celebraci\u00f3n en la Capital Nacional del Jam\u00f3n Crudo. El intendente de Marcos Paz, Ricardo Curuchet destac\u00f3 la amplia participaci\u00f3n de la gente en la III Fiesta Regional del Jam\u00f3n que cierra ma\u00f1ana a la noche\u2026","rel":"","context":"En \u00abLocales\u00bb","block_context":{"text":"Locales","link":"https:\/\/www.24baires.com\/?cat=38"},"img":{"alt_text":"","src":"","width":0,"height":0},"classes":[]},{"id":32738,"url":"https:\/\/www.24baires.com\/?p=32738","url_meta":{"origin":4895,"position":1},"title":"Inauguraron un puesto tur\u00edstico en Marcos Paz","author":"AF","date":"30\/09\/2013","format":false,"excerpt":"El intendente de Marcos Paz, Ricardo Curutchet, junto a la secretaria de Coordinaci\u00f3n, Magdalena Gonz\u00e1lez, funcionarios municipales y concejales, inauguraron la caba\u00f1a de informaci\u00f3n tur\u00edstica en la Ruta 40 y el Acceso Zabala. Durante el acto de inauguraci\u00f3n, el jefe comunla destac\u00f3 que \u201cla idea es promocionar la actividad a\u2026","rel":"","context":"En \u00abLocales\u00bb","block_context":{"text":"Locales","link":"https:\/\/www.24baires.com\/?cat=38"},"img":{"alt_text":"","src":"","width":0,"height":0},"classes":[]},{"id":24842,"url":"https:\/\/www.24baires.com\/?p=24842","url_meta":{"origin":4895,"position":2},"title":"Marcos Paz invita a turistas a realizar \u201cla ruta del jam\u00f3n crudo\u201d","author":"AF","date":"01\/06\/2013","format":false,"excerpt":"La directora de Turismo local, Mar\u00eda Silvia Langan, remarc\u00f3 que \u201cuna buena alimentaci\u00f3n en cerdos trae la calidad en los alimentos como el jam\u00f3n que no tiene grasa\u201d. La directora de Turismo de Marcos Paz, Mar\u00eda Silvia Langan, cont\u00f3 que \u201ca trav\u00e9s de la gesti\u00f3n del intendente se trabaj\u00f3 para\u2026","rel":"","context":"En \u00abLocales\u00bb","block_context":{"text":"Locales","link":"https:\/\/www.24baires.com\/?cat=38"},"img":{"alt_text":"jam\u00f3n crudo","src":"https:\/\/i0.wp.com\/www.24baires.com\/wp-content\/uploads\/2013\/06\/jam%C3%B3n-crudo-300x300.jpeg?resize=350%2C200","width":350,"height":200},"classes":[]},{"id":27701,"url":"https:\/\/www.24baires.com\/?p=27701","url_meta":{"origin":4895,"position":3},"title":"Turismo acompa\u00f1a a emprendedores gastron\u00f3micos en la Feria de Caminos y Sabores","author":"AF","date":"06\/07\/2013","format":false,"excerpt":"La Secretar\u00eda de Turismo acompa\u00f1ar\u00e1 a emprendedores gastron\u00f3micos de la provincia de Buenos Aires en la 9\u00b0 edici\u00f3n de la Feria Caminos y Sabores que se realizar\u00e1 desde este s\u00e1bado hasta el 9 de julio en el predio de La Rural, en Capital Federal. El titular del organismo, Ignacio Crotto\u2026","rel":"","context":"En \u00abProvincia\u00bb","block_context":{"text":"Provincia","link":"https:\/\/www.24baires.com\/?cat=40"},"img":{"alt_text":"","src":"","width":0,"height":0},"classes":[]},{"id":56388,"url":"https:\/\/www.24baires.com\/?p=56388","url_meta":{"origin":4895,"position":4},"title":"Crotto recorri\u00f3 stands de la Provincia en Festival Gastron\u00f3mico \u00abRa\u00edz\u00bb","author":"AF","date":"01\/11\/2014","format":false,"excerpt":"El secretario de Turismo, Ignacio Crotto, recorri\u00f3 los diferentes stands de los prestadores de las Rutas Gourmet y de los Pueblos Tur\u00edsticos de la Provincia, que participan del Festival Gastron\u00f3mico \u201cRa\u00edz\u201d, que se extender\u00e1 hasta el 2 de noviembre, en Tecn\u00f3polis. \u201cSe trata de una excelente oportunidad para que los\u2026","rel":"","context":"En \u00abProvincia\u00bb","block_context":{"text":"Provincia","link":"https:\/\/www.24baires.com\/?cat=40"},"img":{"alt_text":"crotto ra\u00edz","src":"https:\/\/i0.wp.com\/www.24baires.com\/wp-content\/uploads\/2014\/11\/crotto-ra%C3%ADz.png?resize=350%2C200","width":350,"height":200},"classes":[]},{"id":54465,"url":"https:\/\/www.24baires.com\/?p=54465","url_meta":{"origin":4895,"position":5},"title":"El Intendente de Marcos Paz busca incrementar el turismo en el distrito","author":"GB","date":"29\/09\/2014","format":false,"excerpt":"El intendente local, Ricardo Curutchet, present\u00f3 las fiestas populares y los puntos de inter\u00e9s del distrito \u201ca fin de promocionar el turismo de fin de semana\u201d. En di\u00e1logo con Radio Provincia, el intendente de Marcos Paz, Ricardo Curutchet, encabez\u00f3 el encuentro realizado este fin de semana en la sede de\u2026","rel":"","context":"En \u00abMunicipios\u00bb","block_context":{"text":"Municipios","link":"https:\/\/www.24baires.com\/?cat=44"},"img":{"alt_text":"int arcos paz","src":"https:\/\/i0.wp.com\/www.24baires.com\/wp-content\/uploads\/2014\/09\/int-arcos-paz.jpg?resize=350%2C200","width":350,"height":200},"classes":[]}],"jetpack_sharing_enabled":true,"jetpack_likes_enabled":true,"_links":{"self":[{"href":"https:\/\/www.24baires.com\/index.php?rest_route=\/wp\/v2\/posts\/4895","targetHints":{"allow":["GET"]}}],"collection":[{"href":"https:\/\/www.24baires.com\/index.php?rest_route=\/wp\/v2\/posts"}],"about":[{"href":"https:\/\/www.24baires.com\/index.php?rest_route=\/wp\/v2\/types\/post"}],"author":[{"embeddable":true,"href":"https:\/\/www.24baires.com\/index.php?rest_route=\/wp\/v2\/users\/4"}],"replies":[{"embeddable":true,"href":"https:\/\/www.24baires.com\/index.php?rest_route=%2Fwp%2Fv2%2Fcomments&post=4895"}],"version-history":[{"count":2,"href":"https:\/\/www.24baires.com\/index.php?rest_route=\/wp\/v2\/posts\/4895\/revisions"}],"predecessor-version":[{"id":4898,"href":"https:\/\/www.24baires.com\/index.php?rest_route=\/wp\/v2\/posts\/4895\/revisions\/4898"}],"wp:attachment":[{"href":"https:\/\/www.24baires.com\/index.php?rest_route=%2Fwp%2Fv2%2Fmedia&parent=4895"}],"wp:term":[{"taxonomy":"category","embeddable":true,"href":"https:\/\/www.24baires.com\/index.php?rest_route=%2Fwp%2Fv2%2Fcategories&post=4895"},{"taxonomy":"post_tag","embeddable":true,"href":"https:\/\/www.24baires.com\/index.php?rest_route=%2Fwp%2Fv2%2Ftags&post=4895"}],"curies":[{"name":"wp","href":"https:\/\/api.w.org\/{rel}","templated":true}]}}