{"id":4892,"date":"2012-11-10T10:17:14","date_gmt":"2012-11-10T13:17:14","guid":{"rendered":"http:\/\/www.24baires.com\/?p=4892"},"modified":"2012-11-10T10:17:14","modified_gmt":"2012-11-10T13:17:14","slug":"vuelta-de-obligado-se-sumo-a-pueblos-turisticos","status":"publish","type":"post","link":"https:\/\/www.24baires.com\/?p=4892","title":{"rendered":"Vuelta de Obligado se sum\u00f3 a &#8216;Pueblos tur\u00edsticos&#8217;"},"content":{"rendered":"<p>El secretario de turismo, Ignacio Crotto, celebr\u00f3 junto a los habitantes de Obligado y a las autoridades presentes, la incorporaci\u00f3n al programa que \u201csurgi\u00f3 por iniciativa del Gobernador Scioli que tras asumir su mandato, quiso hacer algo por los pueblos rurales y ver c\u00f3mo podr\u00edamos ayudarlos a trav\u00e9s del turismo\u201d, subray\u00f3.<!--more--><\/p>\n<p>Pueblos Tur\u00edsticos tiene por objeto beneficiar a las peque\u00f1as localidades de la Provincia promoviendo e incentivando el desarrollo de actividades y emprendimientos tur\u00edsticos sostenibles, generando identidad, fuentes de empleo, recursos genuinos y favoreciendo el arraigo.<\/p>\n<p>De este programa forman parte Azcu\u00e9naga, Carlos Keen, Escalada, Gouin, Villa Ruiz, Uribelarrea, Villa Log\u00fcercio, Villa L\u00eda, Santa Mar\u00eda, San Agust\u00edn, Saldungaray, Mechongu\u00e9, Isla Santiago, Santa Coloma y Vuelta de Obligado.<\/p>\n<p>\u201cLes pido el compromiso de trabajar mancomunadamente, vamos a hacer todo lo posible desde la Secretar\u00eda para que Vuelta de Obligado sea el \u00e9xito que son los otros 14 pueblos\u201d, expres\u00f3 Crotto, acompa\u00f1ado adem\u00e1s por la Cacique Nala Pueblo Naci\u00f3n Quom, Clara Romero.<\/p>\n<p>Este programa se desarrolla en base al concepto de \u201cTurismo Comunitario\u201d, que surge como una alternativa econ\u00f3mica de las comunidades (sean rurales, litorales, serranas o insulares) para generar ingresos complementarios a las actividades econ\u00f3micas habituales.<\/p>\n<p>De la jornada participaron adem\u00e1s el director Provincial de Turismo Social y Comunitario de la Secretar\u00eda de Turismo, Leandro Zanoni; la Directora de Turismo Comunitario, Emilia Aller; el director de Turismo local, Fabi\u00e1n Bianchi y el Secretario de Desarrollo Econ\u00f3mico, Cultural y Tur\u00edstico, Carlos Casini.<\/p>\n","protected":false},"excerpt":{"rendered":"<p>El secretario de turismo, Ignacio Crotto, celebr\u00f3 junto a los habitantes de Obligado y a las autoridades presentes, la incorporaci\u00f3n al programa que \u201csurgi\u00f3 por iniciativa del Gobernador Scioli que tras asumir su mandato, quiso hacer algo por los pueblos rurales y ver c\u00f3mo podr\u00edamos ayudarlos a trav\u00e9s del turismo\u201d, subray\u00f3.<\/p>\n","protected":false},"author":4,"featured_media":0,"comment_status":"open","ping_status":"open","sticky":false,"template":"","format":"standard","meta":{"_jetpack_newsletter_access":"","_jetpack_dont_email_post_to_subs":false,"_jetpack_newsletter_tier_id":0,"_jetpack_memberships_contains_paywalled_content":false,"_jetpack_memberships_contains_paid_content":false,"footnotes":""},"categories":[38],"tags":[],"class_list":["post-4892","post","type-post","status-publish","format-standard","hentry","category-locales"],"jetpack_featured_media_url":"","jetpack_shortlink":"https:\/\/wp.me\/p2JWE0-1gU","jetpack-related-posts":[{"id":60214,"url":"https:\/\/www.24baires.com\/?p=60214","url_meta":{"origin":4892,"position":0},"title":"M\u00e1s de tres millones de turistas visitaron la Costa Atl\u00e1ntica","author":"Grupo Sierra","date":"16\/01\/2015","format":false,"excerpt":"El dato surge de un informe de la Secretar\u00eda de Turismo de la Naci\u00f3n que consigna un nivel de ocupaci\u00f3n hotelera en los principales destinos que promedia el 75%, con picos como Pinamar, cercanos al 85%. M\u00e1s de tres millones de turistas visitaron la costa bonaerense durante la primera quincena\u2026","rel":"","context":"En \u00abTurismo\u00bb","block_context":{"text":"Turismo","link":"https:\/\/www.24baires.com\/?cat=69"},"img":{"alt_text":"mardel_playa2_10769","src":"https:\/\/i0.wp.com\/www.24baires.com\/wp-content\/uploads\/2013\/11\/mardel_playa2_10769.jpg?resize=350%2C200","width":350,"height":200,"srcset":"https:\/\/i0.wp.com\/www.24baires.com\/wp-content\/uploads\/2013\/11\/mardel_playa2_10769.jpg?resize=350%2C200 1x, https:\/\/i0.wp.com\/www.24baires.com\/wp-content\/uploads\/2013\/11\/mardel_playa2_10769.jpg?resize=525%2C300 1.5x"},"classes":[]},{"id":63811,"url":"https:\/\/www.24baires.com\/?p=63811","url_meta":{"origin":4892,"position":1},"title":"Fin de semana largo: Reservas hoteleras en Provincia llegan a 90%","author":"GB","date":"01\/04\/2015","format":false,"excerpt":"As\u00ed lo precis\u00f3 el secretario bonaerense de Turismo, Ignacio Crotto, quien manifest\u00f3 \u201cgrandes expectativas\u201d. Crotto precis\u00f3 en un comunicado que \u201ctodo indica que habr\u00e1 un muy buen movimiento tur\u00edstico en Semana Santa, un fin de semana clave para la provincia de Buenos Aires, debido a la gran diversidad de propuestas\u2026","rel":"","context":"En \u00abSociedad\u00bb","block_context":{"text":"Sociedad","link":"https:\/\/www.24baires.com\/?cat=1"},"img":{"alt_text":"mar del plata playa","src":"https:\/\/i0.wp.com\/www.24baires.com\/wp-content\/uploads\/2015\/01\/mar-del-plata-playa.jpg?resize=350%2C200","width":350,"height":200,"srcset":"https:\/\/i0.wp.com\/www.24baires.com\/wp-content\/uploads\/2015\/01\/mar-del-plata-playa.jpg?resize=350%2C200 1x, https:\/\/i0.wp.com\/www.24baires.com\/wp-content\/uploads\/2015\/01\/mar-del-plata-playa.jpg?resize=525%2C300 1.5x"},"classes":[]},{"id":122848,"url":"https:\/\/www.24baires.com\/?p=122848","url_meta":{"origin":4892,"position":2},"title":"\u201cOjo con la rentabilidad\u201d, advirti\u00f3 un intendente sobre la temporada","author":"GB","date":"03\/02\/2026","format":false,"excerpt":"El intendente de Villa Gesell, Gustavo Barrera, se mostr\u00f3 preocupado por la estrepitosa ca\u00edda del consumo registrado en lo que va de la temporada de verano. Pasado el primer mes de las vacaciones de verano, el intendente de Villa Gesell, Gustavo Barrera, dio ayer una conferencia de prensa para hacer\u2026","rel":"","context":"En \u00abTurismo\u00bb","block_context":{"text":"Turismo","link":"https:\/\/www.24baires.com\/?cat=69"},"img":{"alt_text":"","src":"https:\/\/i0.wp.com\/www.24baires.com\/wp-content\/uploads\/2026\/02\/temporada-villa-gesell.jpg?resize=350%2C200","width":350,"height":200,"srcset":"https:\/\/i0.wp.com\/www.24baires.com\/wp-content\/uploads\/2026\/02\/temporada-villa-gesell.jpg?resize=350%2C200 1x, https:\/\/i0.wp.com\/www.24baires.com\/wp-content\/uploads\/2026\/02\/temporada-villa-gesell.jpg?resize=525%2C300 1.5x, https:\/\/i0.wp.com\/www.24baires.com\/wp-content\/uploads\/2026\/02\/temporada-villa-gesell.jpg?resize=700%2C400 2x"},"classes":[]},{"id":75707,"url":"https:\/\/www.24baires.com\/?p=75707","url_meta":{"origin":4892,"position":3},"title":"Buena ocupaci\u00f3n hotelera de los principales centros tur\u00edsticos","author":"GB","date":"27\/11\/2015","format":false,"excerpt":"Mar del Plata, San Carlos de Bariloche, Mendoza, Entre R\u00edos y Salta, cinco de los principales centros tur\u00edsticos argentinos, registraban un buen ingreso de visitantes en el primer d\u00eda del fin de semana largo. Un informe del Ministerio de Turismos vaticinaba que en este feriado extendido por el D\u00eda de\u2026","rel":"","context":"En \u00abTurismo\u00bb","block_context":{"text":"Turismo","link":"https:\/\/www.24baires.com\/?cat=69"},"img":{"alt_text":"","src":"","width":0,"height":0},"classes":[]},{"id":117398,"url":"https:\/\/www.24baires.com\/?p=117398","url_meta":{"origin":4892,"position":4},"title":"Semana Santa: casi dos millones de turistas se movilizaron","author":"GB","date":"05\/04\/2021","format":false,"excerpt":"Con una estad\u00eda media de 3 d\u00edas y un gasto diario per c\u00e1pita de $2.000, hubo un desembolso de $14.066 millones. Seg\u00fan los datos oficiales del certificado Turismo, m\u00e1s de 1,9 millones de personas se movilizaron por los distintos puntos tur\u00edsticos del pa\u00eds durante el fin de semana largo de\u2026","rel":"","context":"En \u00abTurismo\u00bb","block_context":{"text":"Turismo","link":"https:\/\/www.24baires.com\/?cat=69"},"img":{"alt_text":"","src":"https:\/\/i0.wp.com\/www.24baires.com\/wp-content\/uploads\/2020\/05\/mar-del-plata.jpg?resize=350%2C200","width":350,"height":200,"srcset":"https:\/\/i0.wp.com\/www.24baires.com\/wp-content\/uploads\/2020\/05\/mar-del-plata.jpg?resize=350%2C200 1x, https:\/\/i0.wp.com\/www.24baires.com\/wp-content\/uploads\/2020\/05\/mar-del-plata.jpg?resize=525%2C300 1.5x"},"classes":[]},{"id":91129,"url":"https:\/\/www.24baires.com\/?p=91129","url_meta":{"origin":4892,"position":5},"title":"Macri inaugura un centro de interpretaci\u00f3n tur\u00edstica y ambiental en Villa Traful","author":"AF","date":"28\/12\/2016","format":false,"excerpt":"El presidente mantendr\u00e1 adem\u00e1s un encuentro previo con guardaparques nacionales, adonde se trasladar\u00e1 desde Villa La Angostura, donde se encuentra de vacaciones junto a su familia hasta la segunda semana de enero. El presidente Mauricio Macri encabezar\u00e1 este mi\u00e9rcoles el acto de inauguraci\u00f3n de un Centro de Interpretaci\u00f3n e Informaci\u00f3n\u2026","rel":"","context":"En \u00abPol\u00edtica\u00bb","block_context":{"text":"Pol\u00edtica","link":"https:\/\/www.24baires.com\/?cat=51"},"img":{"alt_text":"","src":"https:\/\/i0.wp.com\/www.24baires.com\/wp-content\/uploads\/2016\/05\/macri-conferencia.jpg?resize=350%2C200","width":350,"height":200,"srcset":"https:\/\/i0.wp.com\/www.24baires.com\/wp-content\/uploads\/2016\/05\/macri-conferencia.jpg?resize=350%2C200 1x, https:\/\/i0.wp.com\/www.24baires.com\/wp-content\/uploads\/2016\/05\/macri-conferencia.jpg?resize=525%2C300 1.5x"},"classes":[]}],"jetpack_sharing_enabled":true,"jetpack_likes_enabled":true,"_links":{"self":[{"href":"https:\/\/www.24baires.com\/index.php?rest_route=\/wp\/v2\/posts\/4892","targetHints":{"allow":["GET"]}}],"collection":[{"href":"https:\/\/www.24baires.com\/index.php?rest_route=\/wp\/v2\/posts"}],"about":[{"href":"https:\/\/www.24baires.com\/index.php?rest_route=\/wp\/v2\/types\/post"}],"author":[{"embeddable":true,"href":"https:\/\/www.24baires.com\/index.php?rest_route=\/wp\/v2\/users\/4"}],"replies":[{"embeddable":true,"href":"https:\/\/www.24baires.com\/index.php?rest_route=%2Fwp%2Fv2%2Fcomments&post=4892"}],"version-history":[{"count":2,"href":"https:\/\/www.24baires.com\/index.php?rest_route=\/wp\/v2\/posts\/4892\/revisions"}],"predecessor-version":[{"id":4894,"href":"https:\/\/www.24baires.com\/index.php?rest_route=\/wp\/v2\/posts\/4892\/revisions\/4894"}],"wp:attachment":[{"href":"https:\/\/www.24baires.com\/index.php?rest_route=%2Fwp%2Fv2%2Fmedia&parent=4892"}],"wp:term":[{"taxonomy":"category","embeddable":true,"href":"https:\/\/www.24baires.com\/index.php?rest_route=%2Fwp%2Fv2%2Fcategories&post=4892"},{"taxonomy":"post_tag","embeddable":true,"href":"https:\/\/www.24baires.com\/index.php?rest_route=%2Fwp%2Fv2%2Ftags&post=4892"}],"curies":[{"name":"wp","href":"https:\/\/api.w.org\/{rel}","templated":true}]}}