{"id":48775,"date":"2014-06-26T17:00:02","date_gmt":"2014-06-26T20:00:02","guid":{"rendered":"http:\/\/www.24baires.com\/?p=48775"},"modified":"2014-06-26T16:59:03","modified_gmt":"2014-06-26T19:59:03","slug":"los-buitres-del-futbol","status":"publish","type":"post","link":"https:\/\/www.24baires.com\/?p=48775","title":{"rendered":"Los buitres del f\u00fatbol"},"content":{"rendered":"<p><img data-recalc-dims=\"1\" loading=\"lazy\" decoding=\"async\" class=\"aligncenter wp-image-48776\" src=\"https:\/\/i0.wp.com\/www.24baires.com\/wp-content\/uploads\/2014\/06\/paion.jpg?resize=560%2C419\" alt=\"paion\" width=\"560\" height=\"419\" \/>Y si se ponen contentos cuando los Fondos Buitres quieren llevarse lo tuyo, lo m\u00edo y tambi\u00e9n lo de ellos, \u00bfc\u00f3mo no van a querer que a la Selecci\u00f3n Argentina le vaya mal en Brasil? Pensalo, es l\u00f3gico. No, ya s\u00e9 que no es l\u00f3gico querer que te vaya mal, pero bueno, explic\u00e1selo a los Lanata, a los Nelson Castro o a los Binner, por ejemplo. Lo que s\u00ed tiene l\u00f3gica, al menos la l\u00f3gica de ellos, es que les guste la idea de que a nuestro equipo no le vaya bien en el Mundial. Por eso los medios hegem\u00f3nicos critican tanto, por eso critican todo. <!--more--><\/p>\n<p>Y no tiene nada que ver con el f\u00fatbol, aunque las cr\u00edtica vengan de TyC Sports y no de Tenembaum, ponele. Porque son lo mismo, el mismo grupo de medios que brinda y festeja cuando Griesa falla en contra del pa\u00eds, porque los Buitres no vienen por el gobierno kirchnerista, vienen por nuestro patrimonio, y el de tus hijos, sus hijos y los m\u00edos. Y les gustar\u00eda que Argentina hubiera quedado eliminada en la primera ronda, les gustar\u00eda festejar ese fracaso que no se les dio. Porque cuando Sabella os\u00f3 decir que le ca\u00eda simp\u00e1tico este gobierno, que este gobierno hab\u00eda sido el que m\u00e1s hab\u00eda hecho por el deporte, le cayeron encima con cr\u00edticas impensadas, con cosas que hasta ese entonces no parec\u00edan estar mal, y a partir de ese momento eran errores imperdonables. Como la no convocatoria a T\u00e9vez, con la que estuvieron semanas enteras, pero no contaban, cuando despanzurraban a Sabella en Clar\u00edn, y en todos los programas de radio y TV del oligopolio, que T\u00e9vez no quiere ser suplente de Messi, el mejor de todos, los propios y ajenos. \u00bfPara qu\u00e9 contar eso?, si pegarle al DT K es mejor.<br \/>\nY trataron de crear un ambiente denso, contra la selecci\u00f3n, que la alegr\u00eda que siempre traen los mundiales, salgan como salgan, no arraigue en el pueblo, pero promovieron esa futilidad porque no conocen al pueblo, y lo subestiman, como siempre. Parece una estupidez, pero pens\u00e9moslo un poquito.<br \/>\nLa pasi\u00f3n futbolera puede m\u00e1s que la negatividad obtusa de los medios. Y nos damos cuenta que les critican todo, pero no con el an\u00e1lisis riguroso period\u00edstico que deber\u00edan, sino con la rabia impuesta por el due\u00f1o del medio para el que trabajan que quiere que todo vaya mal: la pol\u00edtica, la econom\u00eda, el Mundial, todo.<br \/>\nYa lo hicieron en el 2010, cuando Maradona era el entrenador, y lo mataban aun antes de ir a la Copa del Mundo, y despu\u00e9s. Porque Maradona dijo y dice que banca a Cristina y eso los desespera: \u00bfc\u00f3mo les va a ir bien a los Maradona y los Sabella, si est\u00e1n con ella? \u00bfC\u00f3mo van a festejar los triunfos de los Maradona y los Sabella, si est\u00e1n con ella? No, jam\u00e1s, mejor agrandar todo lo malo que hagan, como galleta en el agua.<br \/>\n\u00bfY Messi? \u00bfC\u00f3mo hacer para defenestrar al mejor de los mejores? Ellos encuentran sus maneras, de seguro lo habr\u00e1s visto. Porque no nos pueden dejar ser felices, porque el pueblo feliz los horroriza, porque cuando los argentinos estamos contentos, ellos no. Un pueblo feliz no es redituable para los desestabilizadores, para los que vendieron la Patria por pedazos, para los que ganan cuando perdemos, para los buitres de adentro.<br \/>\nAs\u00ed, aunque m\u00e1s no sea para no hac\u00e9rsela tan f\u00e1cil a los Magnetto, a los Lanata, a los Binner y a todos los que critican porque as\u00ed les mandan hacer, banquemos la parada contra los buitres y aguantemos los trapos en la cancha, disfrutemos de esta pasi\u00f3n que algunos no comprenden porque viven desapasionados, porque el lenguaje del pueblo les es ajeno, porque no entienden lo sagrado del grito de gol. No saben que el f\u00fatbol hermana como nada m\u00e1s en esta tierra, que en el f\u00fatbol, los goles y los triunfos son para pobres y para ricos por igual y porque no hay gol blue de Messi: vale lo mismo para m\u00ed y para cualquier otro. El f\u00fatbol iguala, en el f\u00fatbol pod\u00e9s compartir la alegr\u00eda con alguien que no conoc\u00e9s, y no importa cu\u00e1nto tenga, porque lo que vale es otra cosa. Pero no lo entienden, o si lo entienden, lo desprecian, porque desprecian todo lo popular y no hay nada m\u00e1s popular que el f\u00fatbol.<br \/>\nY si Cristina pelea contra las corporaciones y gana, ganamos todos, y es otro golazo para gritar. Y si nuestro j\u00fabilo, \u00e9se, el de cada cuatro a\u00f1os, -que estos buitres internos emparejan con el devenir pol\u00edtico, pero que es pasi\u00f3n, es f\u00fatbol y nada m\u00e1s ni nada menos-, les saca caspa, bueno, que se arrasquen mucho, porque si el pueblo r\u00ede, el pueblo sabe porque r\u00ede y no tenemos que justificar nada. Porque vamos a gritar los goles de Messi, de Rojo o de quien sea que vista nuestra camiseta, porque nos hace bien, es as\u00ed de simple, y los vamos a gritar con esa emoci\u00f3n que sale de las tripas, que descarga, que aliviana el esp\u00edritu, que no llena la panza, es cierto, pero te alimenta el alma. Porque la alegr\u00eda del pueblo no se toca. Y la pelota no se mancha. Y la pelota siempre al 10.<\/p>\n<p>&nbsp;<\/p>\n<p>&nbsp;<\/p>\n<p>&nbsp;<\/p>\n<p>&nbsp;<\/p>\n<p>&nbsp;<\/p>\n<p>&nbsp;<\/p>\n<p>&nbsp;<\/p>\n<p>&nbsp;<\/p>\n<p>&nbsp;<\/p>\n<p>&nbsp;<\/p>\n<p>&nbsp;<\/p>\n<p>&nbsp;<\/p>\n<p>&nbsp;<\/p>\n<p>&nbsp;<\/p>\n<p>&nbsp;<\/p>\n<p>&nbsp;<\/p>\n<p>&nbsp;<\/p>\n<p>&nbsp;<\/p>\n<p>&nbsp;<\/p>\n<p>&nbsp;<\/p>\n<p>&nbsp;<\/p>\n<p>&nbsp;<\/p>\n<p>&nbsp;<\/p>\n<p>&nbsp;<\/p>\n<p>&nbsp;<\/p>\n<p>&nbsp;<\/p>\n","protected":false},"excerpt":{"rendered":"<p>Y si se ponen contentos cuando los Fondos Buitres quieren llevarse lo tuyo, lo m\u00edo y tambi\u00e9n lo de ellos, \u00bfc\u00f3mo no van a querer que a la Selecci\u00f3n Argentina le vaya mal en Brasil? Pensalo, es l\u00f3gico. No, ya s\u00e9 que no es l\u00f3gico querer que te vaya mal, pero bueno, explic\u00e1selo a los Lanata, a los Nelson Castro [&#8230;]<\/p>\n","protected":false},"author":8,"featured_media":0,"comment_status":"open","ping_status":"open","sticky":false,"template":"","format":"standard","meta":{"_jetpack_newsletter_access":"","_jetpack_dont_email_post_to_subs":false,"_jetpack_newsletter_tier_id":0,"_jetpack_memberships_contains_paywalled_content":false,"_jetpack_memberships_contains_paid_content":false,"footnotes":""},"categories":[64],"tags":[],"class_list":["post-48775","post","type-post","status-publish","format-standard","hentry","category-opinion"],"jetpack_featured_media_url":"","jetpack_shortlink":"https:\/\/wp.me\/p2JWE0-cGH","jetpack-related-posts":[{"id":52126,"url":"https:\/\/www.24baires.com\/?p=52126","url_meta":{"origin":48775,"position":0},"title":"\u00abEl cambio de sede de pago es para que Argentina pueda seguir pagando y los bonistas cobrando\u201d","author":"AF","date":"20\/08\/2014","format":false,"excerpt":"El ministro aclar\u00f3 que la iniciativa anunciada ayer no propone un cambio de agente de pago \"compulsivo\" y agreg\u00f3 que \"algunos est\u00e1n cacareando para volver al modelo\" de endeudamiento. En conferencia de prensa en el microcine del Palacio de Hacienda, Kicillof aclar\u00f3 que \"no es un cambio de jurisdicci\u00f3n compulsivo\",\u2026","rel":"","context":"En \u00abLocales\u00bb","block_context":{"text":"Locales","link":"https:\/\/www.24baires.com\/?cat=38"},"img":{"alt_text":"kicillof2","src":"https:\/\/i0.wp.com\/www.24baires.com\/wp-content\/uploads\/2014\/01\/kicillof2.jpg?resize=350%2C200","width":350,"height":200,"srcset":"https:\/\/i0.wp.com\/www.24baires.com\/wp-content\/uploads\/2014\/01\/kicillof2.jpg?resize=350%2C200 1x, https:\/\/i0.wp.com\/www.24baires.com\/wp-content\/uploads\/2014\/01\/kicillof2.jpg?resize=525%2C300 1.5x"},"classes":[]},{"id":51036,"url":"https:\/\/www.24baires.com\/?p=51036","url_meta":{"origin":48775,"position":1},"title":"La batalla contra los Fondos Buitre, la batalla de todos","author":"AF","date":"02\/08\/2014","format":false,"excerpt":"El diario norteamericano The New York Times, el mi\u00e9rcoles, public\u00f3 una nota en su portal de noticias donde relata los \u00faltimos acontecimientos (al menos hasta que se redactara ese texto) en lo referente a las negociaciones de la Rep\u00fablica Argentina con los Fondos Buitre, que, como todos ya sabemos, fracasaron\u2026","rel":"","context":"En \u00abOpini\u00f3n\u00bb","block_context":{"text":"Opini\u00f3n","link":"https:\/\/www.24baires.com\/?cat=64"},"img":{"alt_text":"the new york times buitre","src":"https:\/\/i0.wp.com\/www.24baires.com\/wp-content\/uploads\/2014\/08\/the-new-york-times-buitre.jpg?resize=350%2C200","width":350,"height":200,"srcset":"https:\/\/i0.wp.com\/www.24baires.com\/wp-content\/uploads\/2014\/08\/the-new-york-times-buitre.jpg?resize=350%2C200 1x, https:\/\/i0.wp.com\/www.24baires.com\/wp-content\/uploads\/2014\/08\/the-new-york-times-buitre.jpg?resize=525%2C300 1.5x"},"classes":[]},{"id":54404,"url":"https:\/\/www.24baires.com\/?p=54404","url_meta":{"origin":48775,"position":2},"title":"El l\u00edmite argentino a los buitre \u00abes un aporte a las futuras generaciones\u00bb","author":"AF","date":"28\/09\/2014","format":false,"excerpt":"El canciller H\u00e9ctor Timerman realiz\u00f3 un balance sobre las \u00faltimas acciones del gobierno nacional ante organismos multilaterales para impulsar un marco regulatorio para las reestructuraciones de deuda soberana y destac\u00f3 que la propuesta argentina para investigar el v\u00ednculo entre fondos buitre y violaci\u00f3n de los derechos humanos \u201ces un aporte\u2026","rel":"","context":"En \u00abEconom\u00eda\u00bb","block_context":{"text":"Econom\u00eda","link":"https:\/\/www.24baires.com\/?cat=45"},"img":{"alt_text":"timerman","src":"https:\/\/i0.wp.com\/www.24baires.com\/wp-content\/uploads\/2013\/03\/timerman.jpg?resize=350%2C200","width":350,"height":200,"srcset":"https:\/\/i0.wp.com\/www.24baires.com\/wp-content\/uploads\/2013\/03\/timerman.jpg?resize=350%2C200 1x, https:\/\/i0.wp.com\/www.24baires.com\/wp-content\/uploads\/2013\/03\/timerman.jpg?resize=525%2C300 1.5x"},"classes":[]},{"id":59534,"url":"https:\/\/www.24baires.com\/?p=59534","url_meta":{"origin":48775,"position":3},"title":"Kicillof advirti\u00f3 sobre un ataque de los fondos buitre a la regi\u00f3n","author":"AF","date":"04\/01\/2015","format":false,"excerpt":"El ministro hizo esta referencia al relacionar la demanda que recibi\u00f3 la petrolera brasile\u00f1a Petrobras de parte del fondo buitre Aurelius, con la pol\u00edtica ejecutada por el mismo grupo especulativo contra Argentina. El ministro de Econom\u00eda, Axel Kicillof, advirti\u00f3 sobre \u201cuna estrategia m\u00e1s generalizada que est\u00e1 utilizando la cuesti\u00f3n financiera\u2026","rel":"","context":"En \u00abEconom\u00eda\u00bb","block_context":{"text":"Econom\u00eda","link":"https:\/\/www.24baires.com\/?cat=45"},"img":{"alt_text":"axelkicillof","src":"https:\/\/i0.wp.com\/www.24baires.com\/wp-content\/uploads\/2014\/01\/axelkicillof.jpg?resize=350%2C200","width":350,"height":200,"srcset":"https:\/\/i0.wp.com\/www.24baires.com\/wp-content\/uploads\/2014\/01\/axelkicillof.jpg?resize=350%2C200 1x, https:\/\/i0.wp.com\/www.24baires.com\/wp-content\/uploads\/2014\/01\/axelkicillof.jpg?resize=525%2C300 1.5x"},"classes":[]},{"id":64843,"url":"https:\/\/www.24baires.com\/?p=64843","url_meta":{"origin":48775,"position":4},"title":"\u00abLas amenazas de los buitres y de Griesa no sirvieron de nada\u00bb, consider\u00f3 Kicillof","author":"GB","date":"24\/04\/2015","format":false,"excerpt":"El ministro de Econom\u00eda desestim\u00f3 as\u00ed las amenazas de adoptar represalias contra quienes participaran de la emisi\u00f3n del Bonar 2024, ya que subray\u00f3 que \"se recibieron ofertas por el cu\u00e1druple y se tomaron por el triple de lo que se sali\u00f3 a buscar\". El ministro de Econom\u00eda, Axel Kicillof, remarc\u00f3\u2026","rel":"","context":"En \u00abEconom\u00eda\u00bb","block_context":{"text":"Econom\u00eda","link":"https:\/\/www.24baires.com\/?cat=45"},"img":{"alt_text":"kicillof","src":"https:\/\/i0.wp.com\/www.24baires.com\/wp-content\/uploads\/2014\/07\/kicillof.jpg?resize=350%2C200","width":350,"height":200,"srcset":"https:\/\/i0.wp.com\/www.24baires.com\/wp-content\/uploads\/2014\/07\/kicillof.jpg?resize=350%2C200 1x, https:\/\/i0.wp.com\/www.24baires.com\/wp-content\/uploads\/2014\/07\/kicillof.jpg?resize=525%2C300 1.5x"},"classes":[]},{"id":17458,"url":"https:\/\/www.24baires.com\/?p=17458","url_meta":{"origin":48775,"position":5},"title":"Buenas expectativas por la pr\u00f3xima propuesta a la Corte de Nueva York por los fondos buitre","author":"AF","date":"04\/03\/2013","format":false,"excerpt":"Economistas y operadores del mercado local coincidieron en destacar la posibilidad de eludir el \"default t\u00e9cnico\", a la vez que avalaron la eventual oferta de pago a los fondos buitre con el bono Par, opci\u00f3n ya reconocida a los bonistas en los canjes de deuda de 2005 y 2010. La\u2026","rel":"","context":"En \u00abPol\u00edtica\u00bb","block_context":{"text":"Pol\u00edtica","link":"https:\/\/www.24baires.com\/?cat=51"},"img":{"alt_text":"","src":"","width":0,"height":0},"classes":[]}],"jetpack_sharing_enabled":true,"jetpack_likes_enabled":true,"_links":{"self":[{"href":"https:\/\/www.24baires.com\/index.php?rest_route=\/wp\/v2\/posts\/48775","targetHints":{"allow":["GET"]}}],"collection":[{"href":"https:\/\/www.24baires.com\/index.php?rest_route=\/wp\/v2\/posts"}],"about":[{"href":"https:\/\/www.24baires.com\/index.php?rest_route=\/wp\/v2\/types\/post"}],"author":[{"embeddable":true,"href":"https:\/\/www.24baires.com\/index.php?rest_route=\/wp\/v2\/users\/8"}],"replies":[{"embeddable":true,"href":"https:\/\/www.24baires.com\/index.php?rest_route=%2Fwp%2Fv2%2Fcomments&post=48775"}],"version-history":[{"count":1,"href":"https:\/\/www.24baires.com\/index.php?rest_route=\/wp\/v2\/posts\/48775\/revisions"}],"predecessor-version":[{"id":48777,"href":"https:\/\/www.24baires.com\/index.php?rest_route=\/wp\/v2\/posts\/48775\/revisions\/48777"}],"wp:attachment":[{"href":"https:\/\/www.24baires.com\/index.php?rest_route=%2Fwp%2Fv2%2Fmedia&parent=48775"}],"wp:term":[{"taxonomy":"category","embeddable":true,"href":"https:\/\/www.24baires.com\/index.php?rest_route=%2Fwp%2Fv2%2Fcategories&post=48775"},{"taxonomy":"post_tag","embeddable":true,"href":"https:\/\/www.24baires.com\/index.php?rest_route=%2Fwp%2Fv2%2Ftags&post=48775"}],"curies":[{"name":"wp","href":"https:\/\/api.w.org\/{rel}","templated":true}]}}