{"id":4858,"date":"2012-11-09T10:33:00","date_gmt":"2012-11-09T13:33:00","guid":{"rendered":"http:\/\/www.24baires.com\/?p=4858"},"modified":"2012-11-09T18:39:42","modified_gmt":"2012-11-09T21:39:42","slug":"vecinos-de-quilmes-y-avellaneda-piden-por-la-conservacion-de-la-zona-riberena","status":"publish","type":"post","link":"https:\/\/www.24baires.com\/?p=4858","title":{"rendered":"Vecinos de Quilmes y Avellaneda piden por la conservaci\u00f3n de la zona ribere\u00f1a"},"content":{"rendered":"<p>Asamble\u00edstas de Quilmes y Avellaneda piden por la conservaci\u00f3n de la costa ribera del R\u00edo La Plata, donde grupo privados planean establecer el proyecto Nueva Costa del Plata, una urbanizaci\u00f3n similar a la de Puerto Madero.<!--more--><\/p>\n<p>El predio en cuesti\u00f3n se trata de 260 hect\u00e1reas ubicadas entre ambos distritos y que son el escenario de una gran diversidad de especies, lo que se suma a la presencia de los humedales que absorben el agua del r\u00edo.<\/p>\n<p>En este sentido, en di\u00e1logo con InfoGEI , Macarena Cifuente, una de las vecinas integrantes del grupo de asamble\u00edstas, explic\u00f3 que esta zona es el \u201cpulm\u00f3n verde\u201d del sur del conurbano bonaerense y que es \u201csumamente necesario para purificar el ambiente\u201d dado a la gran contaminaci\u00f3n generada por la industrializaci\u00f3n e urbanizaci\u00f3n que la rodea.<\/p>\n<p>Por contrapartida, a trav\u00e9s del Proyecto Nueva Costa del Plata impulsado por el Grupo Techint, se construir\u00edan edificios, un barrio privado, centros comerciales y se parquizar\u00eda la zona. Si bien se asegura que para desarrollar este emprendimiento no se precisar\u00eda de la totalidad de las hect\u00e1reas, los ambientalistas, asesorados por diversas entidades como la Universidad de La Plata y la organizaci\u00f3n Aves Argentinas, afirman que ante una peque\u00f1a modificaci\u00f3n en un ecosistema de tales magnitudes, las especies comenzar\u00edan a erradicarse y se perder\u00eda la riqueza ambiental.<\/p>\n<p>Asimismo, Cinuente advirti\u00f3 que en el municipio de Avellaneda ya se est\u00e1 efectuando el desmonte y rellenado de 10 hect\u00e1reas del predio, lo que acentu\u00f3 los \u00faltimos anegamientos producidos en Bernal, Don Bosco y Quilmes, ya que el agua no pod\u00eda retornar a su cause.<\/p>\n<p>Por otra parte, el proyecto no ha avanzado en la porci\u00f3n de este terreno perteneciente a la comuna de Quilmes, debido a que sigue vigente una ordenanza municipal en el a\u00f1o 2003 que la declarada Reserva Natural.<\/p>\n<p>Sin embargo, la asamble\u00edsta asegur\u00f3 a InfoGEI que \u201cla intendencia ha anunciado p\u00fablicamente que est\u00e1 de acuerdo con el proyecto\u201d y que, adem\u00e1s, \u201cha abandonado el lugar para convencer a los vecinos que no ten\u00eda importancia\u201d.<\/p>\n<p><strong>La propuesta<\/strong><\/p>\n<p>La protesta de los vecinos, que son apoyados por otras organizaciones y partidos pol\u00edticos, tiene la finalidad no solo de preservar dicho espacio como reserva natural, sino tambi\u00e9n como un lugar de recreaci\u00f3n, tur\u00edstico y educativo para la regi\u00f3n.<\/p>\n<p>En este sentido, los autoconvocados asisten al predio con el objetivo de cuidar sus especies, a la par que realizan caminatas educativas con alumnos de distintos colegios de la zona.<\/p>\n<p>As\u00ed, est\u00e1n interesados, por un lado, en frenar el desmonte que se est\u00e1 produciendo en Avellaneda y, por otro, en concretar un acuerdo con la intendencia de Quilmes para lograr que la zona siga siendo una reserva a la par que apoye el trabajo que realizan en la costa ribere\u00f1a.<\/p>\n<p>\u201cNos conmueve la situaci\u00f3n del R\u00edo de la Plata en general porque los gobiernos pretenden hacer una gran urbanizaci\u00f3n uni\u00e9ndolo de punta a punta\u201d dijo Cinfuente a esta agencia al tiempo que indic\u00f3 que continuar\u00e1n reclamando para que \u201cel progreso sea para todos y no para unos pocos\u201d.<\/p>\n","protected":false},"excerpt":{"rendered":"<p>Asamble\u00edstas de Quilmes y Avellaneda piden por la conservaci\u00f3n de la costa ribera del R\u00edo La Plata, donde grupo privados planean establecer el proyecto Nueva Costa del Plata, una urbanizaci\u00f3n similar a la de Puerto Madero.<\/p>\n","protected":false},"author":11,"featured_media":0,"comment_status":"open","ping_status":"open","sticky":false,"template":"","format":"standard","meta":{"_jetpack_newsletter_access":"","_jetpack_dont_email_post_to_subs":false,"_jetpack_newsletter_tier_id":0,"_jetpack_memberships_contains_paywalled_content":false,"_jetpack_memberships_contains_paid_content":false,"footnotes":""},"categories":[38],"tags":[],"class_list":["post-4858","post","type-post","status-publish","format-standard","hentry","category-locales"],"jetpack_featured_media_url":"","jetpack_shortlink":"https:\/\/wp.me\/p2JWE0-1gm","jetpack-related-posts":[{"id":4052,"url":"https:\/\/www.24baires.com\/?p=4052","url_meta":{"origin":4858,"position":0},"title":"Alertan que el rellenado de la ribera del R\u00edo de la Plata causa mayores inundaciones","author":"AF","date":"01\/11\/2012","format":false,"excerpt":"Los vecinos integrantes de la asamblea \u201cNo a la entrega de la costa de Avellaneda y Quilmes\u201d alertaron por el efecto que el rellenado de la zona donde se busca establecer el proyecto Nueva Costa del Plata, con residuos domiciliarios, escombros y ramas, tiene sobre la inundaci\u00f3n de distintas partes\u2026","rel":"","context":"En \u00abLocales\u00bb","block_context":{"text":"Locales","link":"https:\/\/www.24baires.com\/?cat=38"},"img":{"alt_text":"","src":"https:\/\/i0.wp.com\/www.24baires.com\/wp-content\/uploads\/2012\/11\/rellenado-300x225.jpg?resize=350%2C200","width":350,"height":200},"classes":[]},{"id":47028,"url":"https:\/\/www.24baires.com\/?p=47028","url_meta":{"origin":4858,"position":1},"title":"Inauguraron el CPC de San Nicol\u00e1s","author":"AF","date":"30\/05\/2014","format":false,"excerpt":"Como parte de las acciones enmarcadas en la emergencia dispuesta por el gobernador Daniel Scioli, el ministro de Seguridad, Alejandro Granados, puso en marcha este jueves el Comando de Prevenci\u00f3n Comunitaria (CPC) en el municipio de San Nicol\u00e1s. Ante la presencia del intendente Ismael Passaglia, el ministro Granados subray\u00f3 que\u2026","rel":"","context":"En \u00abLocales\u00bb","block_context":{"text":"Locales","link":"https:\/\/www.24baires.com\/?cat=38"},"img":{"alt_text":"cpc san nicol\u00e1s granados","src":"https:\/\/i0.wp.com\/www.24baires.com\/wp-content\/uploads\/2014\/05\/cpc-san-nicol%C3%A1s-granados.png?resize=350%2C200","width":350,"height":200},"classes":[]},{"id":115686,"url":"https:\/\/www.24baires.com\/?p=115686","url_meta":{"origin":4858,"position":2},"title":"Intendentes del Conurbano piden que se le quite la concesi\u00f3n a Edesur","author":"AF","date":"20\/07\/2020","format":false,"excerpt":"Tras reiterados cortes de luz en diversos municipios, los jefes comunales expresaron duras cr\u00edticas hacia la empresa. Las protestas en contra de la empresa Edesur ya no son exclusivas de los vecinos, en los \u00faltimos d\u00edas, varios intendentes criticaron el accionar de la empresa prestadora de energ\u00eda el\u00e9ctrica, ante los\u2026","rel":"","context":"En \u00abProvincia\u00bb","block_context":{"text":"Provincia","link":"https:\/\/www.24baires.com\/?cat=40"},"img":{"alt_text":"","src":"https:\/\/i0.wp.com\/www.24baires.com\/wp-content\/uploads\/2020\/07\/edesur.jpg?resize=350%2C200","width":350,"height":200,"srcset":"https:\/\/i0.wp.com\/www.24baires.com\/wp-content\/uploads\/2020\/07\/edesur.jpg?resize=350%2C200 1x, https:\/\/i0.wp.com\/www.24baires.com\/wp-content\/uploads\/2020\/07\/edesur.jpg?resize=525%2C300 1.5x"},"classes":[]},{"id":100461,"url":"https:\/\/www.24baires.com\/?p=100461","url_meta":{"origin":4858,"position":3},"title":"Investigan a un polic\u00eda bonaerense por un caso de gatillo f\u00e1cil","author":"GB","date":"09\/02\/2018","format":false,"excerpt":"Se trata de un efectivo del Grupo Halc\u00f3n que mat\u00f3 por la espalda a un joven desarmado que hab\u00eda intentado robarle el celular. Fue desafectado por Asuntos Internos. Un oficial del Grupo Halc\u00f3n, la divisi\u00f3n de elite de la Polic\u00eda Bonaerense, fue desafectado por Asuntos Internos por un caso de\u2026","rel":"","context":"En \u00abPol\u00edtica\u00bb","block_context":{"text":"Pol\u00edtica","link":"https:\/\/www.24baires.com\/?cat=51"},"img":{"alt_text":"","src":"https:\/\/i0.wp.com\/www.24baires.com\/wp-content\/uploads\/2018\/02\/grupo-halcon.jpg?resize=350%2C200","width":350,"height":200,"srcset":"https:\/\/i0.wp.com\/www.24baires.com\/wp-content\/uploads\/2018\/02\/grupo-halcon.jpg?resize=350%2C200 1x, https:\/\/i0.wp.com\/www.24baires.com\/wp-content\/uploads\/2018\/02\/grupo-halcon.jpg?resize=525%2C300 1.5x"},"classes":[]},{"id":100399,"url":"https:\/\/www.24baires.com\/?p=100399","url_meta":{"origin":4858,"position":4},"title":"Avellaneda: el Intendente demand\u00f3 a Edesur para que cumpla","author":"AF","date":"06\/02\/2018","format":false,"excerpt":"Mediante un amparo solicit\u00f3 la realizaci\u00f3n de obras y la implementaci\u00f3n de las medidas necesarias para mejorar el servicio en toda la ciudad, ante la recurrente cantidad de cortes e interrupciones del mismo. El Intendente de Avellaneda Jorge Ferraresi, present\u00f3 una acci\u00f3n de amparo ante el Juzgado Federal de Quilmes\u2026","rel":"","context":"En \u00abLocales\u00bb","block_context":{"text":"Locales","link":"https:\/\/www.24baires.com\/?cat=38"},"img":{"alt_text":"","src":"https:\/\/i0.wp.com\/www.24baires.com\/wp-content\/uploads\/2014\/01\/edesur.jpg?resize=350%2C200","width":350,"height":200,"srcset":"https:\/\/i0.wp.com\/www.24baires.com\/wp-content\/uploads\/2014\/01\/edesur.jpg?resize=350%2C200 1x, https:\/\/i0.wp.com\/www.24baires.com\/wp-content\/uploads\/2014\/01\/edesur.jpg?resize=525%2C300 1.5x"},"classes":[]},{"id":51692,"url":"https:\/\/www.24baires.com\/?p=51692","url_meta":{"origin":4858,"position":5},"title":"Berisso se suma al Comando de Prevenci\u00f3n Comunitaria","author":"Grupo Sierra","date":"12\/08\/2014","format":false,"excerpt":"Con la ciudad vecina suman 31 los municipios que adhirieron al dispositivo policial desplegado en el marco de la emergencia de seguridad dispuesta por Scioli. El ministro de Seguridad, Alejandro Granados, destac\u00f3 el funcionamiento y los \"resultados positivos\" que est\u00e1n arrojando los CPC en la Provincia, que son, seg\u00fan afirm\u00f3,\u2026","rel":"","context":"En \u00abProvincia\u00bb","block_context":{"text":"Provincia","link":"https:\/\/www.24baires.com\/?cat=40"},"img":{"alt_text":"granados-scioli","src":"https:\/\/i0.wp.com\/www.24baires.com\/wp-content\/uploads\/2014\/04\/granados-scioli.jpg?resize=350%2C200","width":350,"height":200,"srcset":"https:\/\/i0.wp.com\/www.24baires.com\/wp-content\/uploads\/2014\/04\/granados-scioli.jpg?resize=350%2C200 1x, https:\/\/i0.wp.com\/www.24baires.com\/wp-content\/uploads\/2014\/04\/granados-scioli.jpg?resize=525%2C300 1.5x"},"classes":[]}],"jetpack_sharing_enabled":true,"jetpack_likes_enabled":true,"_links":{"self":[{"href":"https:\/\/www.24baires.com\/index.php?rest_route=\/wp\/v2\/posts\/4858","targetHints":{"allow":["GET"]}}],"collection":[{"href":"https:\/\/www.24baires.com\/index.php?rest_route=\/wp\/v2\/posts"}],"about":[{"href":"https:\/\/www.24baires.com\/index.php?rest_route=\/wp\/v2\/types\/post"}],"author":[{"embeddable":true,"href":"https:\/\/www.24baires.com\/index.php?rest_route=\/wp\/v2\/users\/11"}],"replies":[{"embeddable":true,"href":"https:\/\/www.24baires.com\/index.php?rest_route=%2Fwp%2Fv2%2Fcomments&post=4858"}],"version-history":[{"count":1,"href":"https:\/\/www.24baires.com\/index.php?rest_route=\/wp\/v2\/posts\/4858\/revisions"}],"predecessor-version":[{"id":4859,"href":"https:\/\/www.24baires.com\/index.php?rest_route=\/wp\/v2\/posts\/4858\/revisions\/4859"}],"wp:attachment":[{"href":"https:\/\/www.24baires.com\/index.php?rest_route=%2Fwp%2Fv2%2Fmedia&parent=4858"}],"wp:term":[{"taxonomy":"category","embeddable":true,"href":"https:\/\/www.24baires.com\/index.php?rest_route=%2Fwp%2Fv2%2Fcategories&post=4858"},{"taxonomy":"post_tag","embeddable":true,"href":"https:\/\/www.24baires.com\/index.php?rest_route=%2Fwp%2Fv2%2Ftags&post=4858"}],"curies":[{"name":"wp","href":"https:\/\/api.w.org\/{rel}","templated":true}]}}