{"id":48569,"date":"2014-06-23T17:30:18","date_gmt":"2014-06-23T20:30:18","guid":{"rendered":"http:\/\/www.24baires.com\/?p=48569"},"modified":"2014-06-23T17:02:02","modified_gmt":"2014-06-23T20:02:02","slug":"por-que-nadie-grita","status":"publish","type":"post","link":"https:\/\/www.24baires.com\/?p=48569","title":{"rendered":"\u00bfPor qu\u00e9 nadie grita?"},"content":{"rendered":"<p><img data-recalc-dims=\"1\" loading=\"lazy\" decoding=\"async\" class=\"aligncenter wp-image-48570\" src=\"https:\/\/i0.wp.com\/www.24baires.com\/wp-content\/uploads\/2014\/06\/guerra-drogas.jpg?resize=560%2C386\" alt=\"guerra drogas\" width=\"560\" height=\"386\" \/>Es el grito desgarrador de la madre de un joven de Ciudad Ju\u00e1rez, al cual decapitaron vivo y descuartizaron en 16 partes, esparciendo los restos de su cuerpo por dicha ciudad a modo de mensaje. Tal escena , se repite en la cotidianeidad de las ciudades y pa\u00edses que fueron destinados a costear muertos mediante una perversa divisi\u00f3n internacional del trabajo en materia de drogas il\u00edcitas, en la cual los pa\u00edses del sur destinan recursos naturales, mano de obra esclava y ofrendas de sangre al prohibicionismo, mientras que pa\u00edses del norte, mentores de la cruzada, cuantifican beneficios de un negocio transnacional que ronda en los 320.000 millones de d\u00f3lares anuales, operativizan el 0,6% del PBI mundial destinado al lavado de dinero y exportan las armas para que \u00abla guerra contra las drogas\u00bb sea digna de recursos, balanceada entre sus bandos y mantenida lejos de casa.<!--more--><\/p>\n<p>La madre se pregunta en llanto, \u00ab\u00bfQui\u00e9n autoriz\u00f3 esta guerra? \u00bfA qui\u00e9n le pidieron permiso? \u00a1Nos est\u00e1n matando! \u00a1Est\u00e1n matando a nuestros hijos y nadie hace nada! \u00a1Nadie grita! \u00a1Me lo decapitaron vivo!, \u00a1me lo cortaron en diecis\u00e9is pedazos, animales! \u00a1Mejor me lo hubieran matado ah\u00ed! Pero me lo decapitaron vivo, eso es lo que no soporto. El dolor ese no lo soporto. \u00a1Griten todos! \u00bfPor qu\u00e9 nadie grita?\u00bb.<br \/>\nSe refiere a la \u00abguerra contra las drogas\u00bb, la cual ha multiplicado por diez la cantidad de muertos en dicha Ciudad desde que fue declarada a fin de velar por la \u00absalud p\u00fablica\u00bb. De los 320 asesinados en 2007, a\u00f1o de su declaraci\u00f3n, se pas\u00f3 a 1.623 en 2008, a 2.754 al a\u00f1o siguiente y a 3.622 en 2010. Extra\u00f1a cruzada que en el discurso viene a velar por la \u00absalud de las personas\u00bb y en la pr\u00e1ctica las termina sometiendo a una muerte anunciada. Los muertos gozan de buena salud y los victimarios de gozosa libertad, ya que el 97% de los casos ni siquiera se investigan y s\u00f3lo el 1% llegan a juicio.<br \/>\nCaminando 50 metros por un puente fronterizo, cruzando al El Paso Texas -EEUU-, situ\u00e1ndonos ya en tierra del principal consumidor de drogas il\u00edcitas del mundo, donde el producto multiplica 500 veces su valor, la seguridad se respira en el \u00abpa\u00eds de la libertad\u00bb. Mientras que en el a\u00f1o 2010 en Ciudad Ju\u00e1rez hubo 3.622 homicidios, en El Paso hubo tan s\u00f3lo 5; circunstancia que le vali\u00f3 el t\u00edtulo de la Ciudad m\u00e1s segura de Estados Unidos. A los muertos se les niega la visa, quedando del otro lado de la frontera; detr\u00e1s del muro.<br \/>\nPero el discurso instaurado afirma que las \u00abdrogas ilegales matan\u00bb; aunque, en realidad, menos que la guerra declarada contra ellas. Ello se silencia. El Gobierno de M\u00e9xico estim\u00f3 que entre diciembre de 2006 y enero de 2012 murieron alrededor de 60 mil personas en ese pa\u00eds, como resultado de la guerra (OEA, 2013). Otras fuentes, menos optimistas, estiman alrededor de 70 mil muertos y 26 mil desaparecidos durante esos 6 a\u00f1os (FES, 2013). En el mismo per\u00edodo la OMS registra 563 muertes en M\u00e9xico por sobredosis de drogas controladas. Para un a\u00f1o en particular, 2010, la misma OMS registra 137 muertes por sobredosis, en tanto la misma fuente del gobierno mexicano admite 15.273 muertes violentas presuntamente vinculadas con dicha \u00abguerra\u00bb y el crimen organizado. Podr\u00eda afirmarse as\u00ed que \u00abla guerra contra las drogas\u00bb origina 111 veces m\u00e1s muertes que las producidas por el consumo de todas las sustancias prohibidas juntas.<br \/>\nEn aquellos lugares donde la guerra no produce miles de muertos en honor a la salud p\u00fablica, la cruzada se ejerce contra los consumidores y part\u00edcipes menores del comercio y tr\u00e1fico, mediante la prisionizaci\u00f3n masiva. En Argentina, se estima que desde 1989 (a\u00f1o de sanci\u00f3n de la actual ley de drogas), unos 500.000 consumidores han sido detenidos, extorsionados y hasta prisionizados, por una conducta cuya punici\u00f3n fue declarada sucesivamente como inconstitucional por la CSJN: la tenencia para consumo personal. A ello debemos sumarle otras v\u00edctimas, como ser los encauzados por tenencia simple, producto de una cuasi imposible distinci\u00f3n normativa-interpretativa con la tenencia para consumo, y las mal llamadas \u00abmulas\u00bb, que representan el 70% de las mujeres encarceladas en prisiones federales en nuestro pa\u00eds, siendo que 9 de cada 10 mujeres extranjeras prisionizadas, se encuentran en tal situaci\u00f3n por delitos menores relacionados a las drogas. Todas ellas atravesadas por historias de exclusi\u00f3n, violencia y feminizaci\u00f3n de la pobreza.<br \/>\nTodo ello denota una decidida violencia institucional justificada por una ley represiva en materia de drogas, que revela una persecuci\u00f3n selectiva de los m\u00e1s vulnerados. Las campa\u00f1as contra la violencia institucional deber\u00edan contemplar necesariamente esta situaci\u00f3n, ya que la criminalizaci\u00f3n primaria (normas) resulta la raz\u00f3n suficiente y necesaria en la mayor\u00eda de los casos, para que la criminalizaci\u00f3n secundaria (fuerzas de seguridad, fiscal\u00edas, poder judicial, etc.) encuentre su respaldo y exculpaci\u00f3n de los actos de violencia y extorsi\u00f3n hacia tales sectores.<br \/>\nA Miguel \u00c1ngel Durrels, joven humilde de 29 a\u00f1os, oriundo de la Provincia de Entre R\u00edos, luego de ser detenido en septiembre de 2013 por supuesta tenencia de unos pocos gramos de cannabis para consumo personal, lo ahorcaron en la Comisar\u00eda 1ra de Pilar (cuyas celdas est\u00e1n inhabilitadas judicialmente para el alojamiento de detenidos) con un cable atado a su cuello, golpes en el pecho y rostro. La justificaci\u00f3n de su detenci\u00f3n, la actual ley de drogas, determin\u00f3 que Miguel no se encuentre m\u00e1s con vida y su familia, mes tras mes, reclame justicia convocando a una marcha por la Ciudad de Pilar que transcurre casi en soledad e indiferencia institucional.<br \/>\nJunto a la madre de aquel joven de M\u00e9xico, junto a miles de familiares de personas muertas, prisionizadas y desplazadas por \u00e9sta guerra absurda y fracasada, junto a la familia de Miguel y de tantos otros, podr\u00edamos exclamar \u00ab\u00bfPor qu\u00e9 nadie grita?\u00bb. La despenalizaci\u00f3n y la legalizaci\u00f3n controlada, se presentan hoy como alternativas posibles, necesarias, democr\u00e1ticas y humanitarias en nuestros pa\u00edses. Es hora de gritar.<\/p>\n<p>&nbsp;<\/p>\n<p>&nbsp;<\/p>\n<p>&nbsp;<\/p>\n<p>&nbsp;<\/p>\n<p>&nbsp;<\/p>\n<p>&nbsp;<\/p>\n<p>&nbsp;<\/p>\n<p>&nbsp;<\/p>\n<p>&nbsp;<\/p>\n<p>&nbsp;<\/p>\n<p>&nbsp;<\/p>\n<p>&nbsp;<\/p>\n<p>&nbsp;<\/p>\n<p>&nbsp;<\/p>\n<p>&nbsp;<\/p>\n<p>&nbsp;<\/p>\n<p>&nbsp;<\/p>\n<p>&nbsp;<\/p>\n<p>&nbsp;<\/p>\n<p>&nbsp;<\/p>\n<p>&nbsp;<\/p>\n<p>&nbsp;<\/p>\n<p>&nbsp;<\/p>\n<p>&nbsp;<\/p>\n<p>&nbsp;<\/p>\n","protected":false},"excerpt":{"rendered":"<p>Es el grito desgarrador de la madre de un joven de Ciudad Ju\u00e1rez, al cual decapitaron vivo y descuartizaron en 16 partes, esparciendo los restos de su cuerpo por dicha ciudad a modo de mensaje. Tal escena , se repite en la cotidianeidad de las ciudades y pa\u00edses que fueron destinados a costear muertos mediante una perversa divisi\u00f3n internacional del [&#8230;]<\/p>\n","protected":false},"author":8,"featured_media":0,"comment_status":"open","ping_status":"open","sticky":false,"template":"","format":"standard","meta":{"_jetpack_newsletter_access":"","_jetpack_dont_email_post_to_subs":false,"_jetpack_newsletter_tier_id":0,"_jetpack_memberships_contains_paywalled_content":false,"_jetpack_memberships_contains_paid_content":false,"footnotes":""},"categories":[64],"tags":[],"class_list":["post-48569","post","type-post","status-publish","format-standard","hentry","category-opinion"],"jetpack_featured_media_url":"","jetpack_shortlink":"https:\/\/wp.me\/p2JWE0-cDn","jetpack-related-posts":[{"id":83821,"url":"https:\/\/www.24baires.com\/?p=83821","url_meta":{"origin":48569,"position":0},"title":"Secuestran m\u00e1s de cien kilos de coca\u00edna que iban a ser llevados a Israel","author":"AF","date":"15\/06\/2016","format":false,"excerpt":"La droga fue secuestrada en las \u00faltimas horas y estaba oculta en muebles que ya estaban embalados dentro de contenedores en la Aduana de Buenos Aires para ser exportados a Israel. En el procedimiento, realizado por personal de la Superintendencia de Drogas Peligrosas, fueron detenidas varias personas de nacionalidad argentina,\u2026","rel":"","context":"En \u00abInternacionales\u00bb","block_context":{"text":"Internacionales","link":"https:\/\/www.24baires.com\/?cat=73"},"img":{"alt_text":"puerto bs as 1","src":"https:\/\/i0.wp.com\/www.24baires.com\/wp-content\/uploads\/2015\/08\/puerto-bs-as-1.jpg?resize=350%2C200","width":350,"height":200,"srcset":"https:\/\/i0.wp.com\/www.24baires.com\/wp-content\/uploads\/2015\/08\/puerto-bs-as-1.jpg?resize=350%2C200 1x, https:\/\/i0.wp.com\/www.24baires.com\/wp-content\/uploads\/2015\/08\/puerto-bs-as-1.jpg?resize=525%2C300 1.5x"},"classes":[]},{"id":100064,"url":"https:\/\/www.24baires.com\/?p=100064","url_meta":{"origin":48569,"position":1},"title":"Naci\u00f3n no envi\u00f3 a las provincias las drogas para tratar a pacientes con VIH","author":"AF","date":"19\/01\/2018","format":false,"excerpt":"San Luis fue la primera en denunciarlo, pero la medida afecta a todo el pa\u00eds. Se trata de la asistencia a pacientes sin obra social que se atienden en el sistema p\u00fablico de salud. Uno s\u00f3lo de los remedios cuesta 30 mil pesos. El Ministerio de Salud de la Naci\u00f3n\u2026","rel":"","context":"En \u00abSociedad\u00bb","block_context":{"text":"Sociedad","link":"https:\/\/www.24baires.com\/?cat=1"},"img":{"alt_text":"","src":"https:\/\/i0.wp.com\/www.24baires.com\/wp-content\/uploads\/2018\/01\/hiv.jpg?resize=350%2C200","width":350,"height":200,"srcset":"https:\/\/i0.wp.com\/www.24baires.com\/wp-content\/uploads\/2018\/01\/hiv.jpg?resize=350%2C200 1x, https:\/\/i0.wp.com\/www.24baires.com\/wp-content\/uploads\/2018\/01\/hiv.jpg?resize=525%2C300 1.5x"},"classes":[]},{"id":37757,"url":"https:\/\/www.24baires.com\/?p=37757","url_meta":{"origin":48569,"position":2},"title":"Moreno: detuvieron a 2 personas e incautaron 100 kilos de marihuana","author":"GB","date":"31\/12\/2013","format":false,"excerpt":"La Polic\u00eda bonaerense allan\u00f3 una vivienda en donde incaut\u00f3 una importante cantidad de marihuana que proven\u00eda del norte del pa\u00eds. La droga estaba escondida en puertas y z\u00f3calos de un veh\u00edculo que se utilizaba para transportar el cargamento. El destino de comercializaci\u00f3n era el conurbano bonaerense. Dos personas fueron detenidas.\u2026","rel":"","context":"En \u00abPoliciales\u00bb","block_context":{"text":"Policiales","link":"https:\/\/www.24baires.com\/?cat=49"},"img":{"alt_text":"","src":"","width":0,"height":0},"classes":[]},{"id":120266,"url":"https:\/\/www.24baires.com\/?p=120266","url_meta":{"origin":48569,"position":3},"title":"El Gasoducto N\u00e9stor Kirchner es la mayor obra energ\u00e9tica en 30 a\u00f1os","author":"GB","date":"10\/07\/2023","format":false,"excerpt":"Con la esperada foto de unidad, Cristina, Massa, Alberto y Rossi inauguraron la obra energ\u00e9tica m\u00e1s imponente e importante de las \u00faltimas d\u00e9cadas: el gasoducto presidente N\u00e9stor Kirchner. El presidente Alberto Fern\u00e1ndez, la vicepresidenta Cristina Fern\u00e1ndez de Kirchner y el ministro de Econom\u00eda y precandidato presidencial de Uni\u00f3n por la\u2026","rel":"","context":"En \u00abPol\u00edtica\u00bb","block_context":{"text":"Pol\u00edtica","link":"https:\/\/www.24baires.com\/?cat=51"},"img":{"alt_text":"","src":"https:\/\/i0.wp.com\/www.24baires.com\/wp-content\/uploads\/2023\/07\/gasoducto.jpeg?resize=350%2C200","width":350,"height":200,"srcset":"https:\/\/i0.wp.com\/www.24baires.com\/wp-content\/uploads\/2023\/07\/gasoducto.jpeg?resize=350%2C200 1x, https:\/\/i0.wp.com\/www.24baires.com\/wp-content\/uploads\/2023\/07\/gasoducto.jpeg?resize=525%2C300 1.5x, https:\/\/i0.wp.com\/www.24baires.com\/wp-content\/uploads\/2023\/07\/gasoducto.jpeg?resize=700%2C400 2x"},"classes":[]},{"id":104623,"url":"https:\/\/www.24baires.com\/?p=104623","url_meta":{"origin":48569,"position":4},"title":"Unos 1500 efectivos federales se sumar\u00e1n a la seguridad en la Provincia","author":"AF","date":"24\/09\/2018","format":false,"excerpt":"Los gobiernos nacional y bonaerense pusieron en marcha un programa que permitir\u00e1 un nuevo despliegue de 1.500 efectivos de fuerzas federales en la provincia de Buenos Aires, destinado a reforzar la lucha contra el delito. Esta iniciativa aumentar\u00e1 a 7.500 el n\u00famero de agentes de Gendarmer\u00eda Nacional, Polic\u00eda Federal, Prefectura\u2026","rel":"","context":"En \u00abProvincia\u00bb","block_context":{"text":"Provincia","link":"https:\/\/www.24baires.com\/?cat=40"},"img":{"alt_text":"","src":"https:\/\/i0.wp.com\/www.24baires.com\/wp-content\/uploads\/2018\/09\/vidal-ritondo-bullrich-federales.jpg?resize=350%2C200","width":350,"height":200,"srcset":"https:\/\/i0.wp.com\/www.24baires.com\/wp-content\/uploads\/2018\/09\/vidal-ritondo-bullrich-federales.jpg?resize=350%2C200 1x, https:\/\/i0.wp.com\/www.24baires.com\/wp-content\/uploads\/2018\/09\/vidal-ritondo-bullrich-federales.jpg?resize=525%2C300 1.5x"},"classes":[]},{"id":113351,"url":"https:\/\/www.24baires.com\/?p=113351","url_meta":{"origin":48569,"position":5},"title":"Mar del Plata est\u00e1 entre los destinos preferidos para las vacaciones 2020","author":"GB","date":"11\/12\/2019","format":false,"excerpt":"Las ciudades tur\u00edsticas de Mar del Plata, Carlos Paz y Villa Gesell encabezan la lista de los destinos preferidos para las pr\u00f3ximas vacaciones, seg\u00fan el estudio independiente que una reconocida plataforma de viajes y turismo realiz\u00f3 entrevistando a viajeros de todo el pa\u00eds. En el estudio elaborado por Booking.com se\u2026","rel":"","context":"En \u00abMunicipios\u00bb","block_context":{"text":"Municipios","link":"https:\/\/www.24baires.com\/?cat=44"},"img":{"alt_text":"","src":"https:\/\/i0.wp.com\/www.24baires.com\/wp-content\/uploads\/2015\/01\/turistas-mar-del-plata.jpg?resize=350%2C200","width":350,"height":200,"srcset":"https:\/\/i0.wp.com\/www.24baires.com\/wp-content\/uploads\/2015\/01\/turistas-mar-del-plata.jpg?resize=350%2C200 1x, https:\/\/i0.wp.com\/www.24baires.com\/wp-content\/uploads\/2015\/01\/turistas-mar-del-plata.jpg?resize=525%2C300 1.5x"},"classes":[]}],"jetpack_sharing_enabled":true,"jetpack_likes_enabled":true,"_links":{"self":[{"href":"https:\/\/www.24baires.com\/index.php?rest_route=\/wp\/v2\/posts\/48569","targetHints":{"allow":["GET"]}}],"collection":[{"href":"https:\/\/www.24baires.com\/index.php?rest_route=\/wp\/v2\/posts"}],"about":[{"href":"https:\/\/www.24baires.com\/index.php?rest_route=\/wp\/v2\/types\/post"}],"author":[{"embeddable":true,"href":"https:\/\/www.24baires.com\/index.php?rest_route=\/wp\/v2\/users\/8"}],"replies":[{"embeddable":true,"href":"https:\/\/www.24baires.com\/index.php?rest_route=%2Fwp%2Fv2%2Fcomments&post=48569"}],"version-history":[{"count":1,"href":"https:\/\/www.24baires.com\/index.php?rest_route=\/wp\/v2\/posts\/48569\/revisions"}],"predecessor-version":[{"id":48571,"href":"https:\/\/www.24baires.com\/index.php?rest_route=\/wp\/v2\/posts\/48569\/revisions\/48571"}],"wp:attachment":[{"href":"https:\/\/www.24baires.com\/index.php?rest_route=%2Fwp%2Fv2%2Fmedia&parent=48569"}],"wp:term":[{"taxonomy":"category","embeddable":true,"href":"https:\/\/www.24baires.com\/index.php?rest_route=%2Fwp%2Fv2%2Fcategories&post=48569"},{"taxonomy":"post_tag","embeddable":true,"href":"https:\/\/www.24baires.com\/index.php?rest_route=%2Fwp%2Fv2%2Ftags&post=48569"}],"curies":[{"name":"wp","href":"https:\/\/api.w.org\/{rel}","templated":true}]}}