{"id":4853,"date":"2012-11-09T10:45:48","date_gmt":"2012-11-09T13:45:48","guid":{"rendered":"http:\/\/www.24baires.com\/?p=4853"},"modified":"2012-11-09T18:26:47","modified_gmt":"2012-11-09T21:26:47","slug":"se-viene-la-expo-fiesta-del-dulce-de-leche-en-canuelas","status":"publish","type":"post","link":"https:\/\/www.24baires.com\/?p=4853","title":{"rendered":"Se viene la Expo-Fiesta del Dulce de Leche en Ca\u00f1uelas"},"content":{"rendered":"<p><img data-recalc-dims=\"1\" loading=\"lazy\" decoding=\"async\" class=\"aligncenter size-full wp-image-4854\" title=\"dleche_ca\u00f1uelas\" src=\"https:\/\/i0.wp.com\/www.24baires.com\/wp-content\/uploads\/2012\/11\/dleche_ca%C3%B1uelas.jpg?resize=560%2C344\" alt=\"\" width=\"560\" height=\"344\" srcset=\"https:\/\/i0.wp.com\/www.24baires.com\/wp-content\/uploads\/2012\/11\/dleche_ca%C3%B1uelas.jpg?w=560&amp;ssl=1 560w, https:\/\/i0.wp.com\/www.24baires.com\/wp-content\/uploads\/2012\/11\/dleche_ca%C3%B1uelas.jpg?resize=300%2C184&amp;ssl=1 300w\" sizes=\"auto, (max-width: 560px) 100vw, 560px\" \/><\/p>\n<p>Este s\u00e1bado 10 y domingo 11, se realizar\u00e1 la 18\u00aa edici\u00f3n \u201cExpo Ca\u00f1uelas 2012\u201d y la \u00a0XVI Fiesta Provincial del Dulce de Leche, dos encuentros de los m\u00e1s importantes de la provincia.<!--more--><\/p>\n<p>La jornada comienza oficialmente con un acto de apertura que se desarrollar\u00e1 hacia las 11 horas del d\u00eda s\u00e1bado y contar\u00e1 con la presencia de la intendenta municipal Marisa Fassi, el Ministro de asuntos Agrarios, Gustavo Arrieta, e invitados especiales de la provincia y la Naci\u00f3n.<\/p>\n<div>\n<p>Posteriormente, la muestra se abrir\u00e1 en el Predio de Exposiciones de Ca\u00f1uelas ubicado en la Ruta 205 kil\u00f3metro 65,100., donde se prev\u00e9 la participaci\u00f3n de m\u00e1s de 30 productores de dulce de leche de toda la provincia que pondr\u00e1n a consideraci\u00f3n del p\u00fablico y del jurado t\u00e9cnico, las bondades de su dulce de leche.<\/p>\n<p>Asimismo, en la \u201cExpo\u201d se contar\u00e1 con la presencia\u00a0 del sector industrial, comercial y productivo del distrito.<\/p>\n<p>De acuerdo a lo indicado por la comuna ca\u00f1uelense, se trata de la exposici\u00f3n multisectorial m\u00e1s importante de la regi\u00f3n, que incluye -entre otros productos- piezas de artesan\u00eda tradicional bonaerense en diversos materiales como soguer\u00eda, en telar, en plater\u00eda, y obras realizadas en cer\u00e1mica, cester\u00eda ecol\u00f3gica, mimbrer\u00eda, marroquiner\u00eda, asta, papel mach\u00e9 entre otras.<\/p>\n<p><strong>Reprogramaci\u00f3n de actividades<\/strong><\/p>\n<p>Vale aclarar que, ambos festivales, organizadas por el Municipio de Ca\u00f1uelas, iban a comenzar el d\u00eda 9 de noviembre, pero fueron reprogramadas hacia el fin de semana, debido a las inclemencias del tiempo.<strong><\/strong><\/p>\n<p>En este sentido, la elecci\u00f3n de la Reina Provincial del Dulce de Leche se realizar\u00e1 el domingo a las 18 horas, mientras que se prev\u00e9 la actuaci\u00f3n de distintos shows art\u00edsticos, entre los d\u00edas s\u00e1bado y domingo.<\/p>\n<p>Adem\u00e1s de m\u00fasicos locales y regionales, se destacan los cierres de Los Aut\u00e9nticos Decadentes, el Chaque\u00f1o Palavecino y Abel Pintos.<\/p>\n<p>Al igual que el a\u00f1o anterior, el valor de la entrada fue fijado en $ 5, y todo lo recaudado ser\u00e1 redistribuido a instituciones del distrito.<strong>\u00a0<\/strong><\/p>\n<\/div>\n","protected":false},"excerpt":{"rendered":"<p>Este s\u00e1bado 10 y domingo 11, se realizar\u00e1 la 18\u00aa edici\u00f3n \u201cExpo Ca\u00f1uelas 2012\u201d y la \u00a0XVI Fiesta Provincial del Dulce de Leche, dos encuentros de los m\u00e1s importantes de la provincia.<\/p>\n","protected":false},"author":11,"featured_media":0,"comment_status":"open","ping_status":"open","sticky":false,"template":"","format":"standard","meta":{"_jetpack_newsletter_access":"","_jetpack_dont_email_post_to_subs":false,"_jetpack_newsletter_tier_id":0,"_jetpack_memberships_contains_paywalled_content":false,"_jetpack_memberships_contains_paid_content":false,"footnotes":""},"categories":[38],"tags":[],"class_list":["post-4853","post","type-post","status-publish","format-standard","hentry","category-locales"],"jetpack_featured_media_url":"","jetpack_shortlink":"https:\/\/wp.me\/p2JWE0-1gh","jetpack-related-posts":[{"id":5847,"url":"https:\/\/www.24baires.com\/?p=5847","url_meta":{"origin":4853,"position":0},"title":"Se realiza la Fiesta Provincial del Dulce de Leche en Ca\u00f1uelas","author":"Grupo Sierra","date":"17\/11\/2012","format":false,"excerpt":"Productores de la provincia y el pa\u00eds exponen su trabajo en un evento que adem\u00e1s tiene ribetes culturales. Esta noche se presenta Le\u00f3n Gieco. Anoche cerraron la jornada Soledad Pastorutti y Los Aut\u00e9nticos Decadentes con m\u00e1s de 30 mil personas en el predio. \u201cFue una fiesta inclusiva y popular\u201d, manifest\u00f3\u2026","rel":"","context":"En \u00abLocales\u00bb","block_context":{"text":"Locales","link":"https:\/\/www.24baires.com\/?cat=38"},"img":{"alt_text":"","src":"https:\/\/i0.wp.com\/www.24baires.com\/wp-content\/uploads\/2012\/11\/dleche_ca%C3%B1uelas-300x184.jpg?resize=350%2C200","width":350,"height":200},"classes":[]},{"id":35239,"url":"https:\/\/www.24baires.com\/?p=35239","url_meta":{"origin":4853,"position":1},"title":"Comenz\u00f3 en Ca\u00f1uelas la 17\u00aa Fiesta del Dulce de Leche","author":"AF","date":"16\/11\/2013","format":false,"excerpt":"Uno de los organizadores, Mariano Pitarch, expres\u00f3 que cuenta con la presencia de numerosos microproductores de todo el pa\u00eds. El organizador, mencion\u00f3 que arranca este fin de semana con actividades como esta noche el recital del Chaque\u00f1o Palavecino con entrada popular de diez pesos. Tambi\u00e9n cont\u00f3 que la localidad de\u2026","rel":"","context":"En \u00abLocales\u00bb","block_context":{"text":"Locales","link":"https:\/\/www.24baires.com\/?cat=38"},"img":{"alt_text":"fiesta ddk","src":"https:\/\/i0.wp.com\/www.24baires.com\/wp-content\/uploads\/2013\/11\/fiesta-ddk.jpg?resize=350%2C200","width":350,"height":200},"classes":[]},{"id":58233,"url":"https:\/\/www.24baires.com\/?p=58233","url_meta":{"origin":4853,"position":2},"title":"Ponen en marcha el Comando de Prevenci\u00f3n Comunitaria y Rural en 3 municipios","author":"GB","date":"06\/12\/2014","format":false,"excerpt":"El ministro de Seguridad, Alejandro Granados, desarroll\u00f3 una intensa agenda de trabajo en las ciudades de Ca\u00f1uelas, Exaltaci\u00f3n de la Cruz y Navarro, que incluy\u00f3 la entrega de unidades m\u00f3viles 0 Km para la prevenci\u00f3n, la asignaci\u00f3n de personal y la puesta en marcha del Comando de Prevenci\u00f3n Comunitaria y\u2026","rel":"","context":"En \u00abProvincia\u00bb","block_context":{"text":"Provincia","link":"https:\/\/www.24baires.com\/?cat=40"},"img":{"alt_text":"","src":"","width":0,"height":0},"classes":[]},{"id":56388,"url":"https:\/\/www.24baires.com\/?p=56388","url_meta":{"origin":4853,"position":3},"title":"Crotto recorri\u00f3 stands de la Provincia en Festival Gastron\u00f3mico \u00abRa\u00edz\u00bb","author":"AF","date":"01\/11\/2014","format":false,"excerpt":"El secretario de Turismo, Ignacio Crotto, recorri\u00f3 los diferentes stands de los prestadores de las Rutas Gourmet y de los Pueblos Tur\u00edsticos de la Provincia, que participan del Festival Gastron\u00f3mico \u201cRa\u00edz\u201d, que se extender\u00e1 hasta el 2 de noviembre, en Tecn\u00f3polis. \u201cSe trata de una excelente oportunidad para que los\u2026","rel":"","context":"En \u00abProvincia\u00bb","block_context":{"text":"Provincia","link":"https:\/\/www.24baires.com\/?cat=40"},"img":{"alt_text":"crotto ra\u00edz","src":"https:\/\/i0.wp.com\/www.24baires.com\/wp-content\/uploads\/2014\/11\/crotto-ra%C3%ADz.png?resize=350%2C200","width":350,"height":200},"classes":[]},{"id":41746,"url":"https:\/\/www.24baires.com\/?p=41746","url_meta":{"origin":4853,"position":4},"title":"La Provincia en un fin de semana a puro festival","author":"Grupo Sierra","date":"08\/03\/2014","format":false,"excerpt":"Fiestas tradicionales, aniversarios y algunos cierres de carnaval son las principales propuestas tur\u00edsticas de la Provincia. Se destacan la 32\u00ba Fiesta de las tropillas y tradici\u00f3n en Lober\u00eda, la 22\u00ba Fiesta nacional de la guitarra en Dolores y el 10\u00ba Encuentro internacional de estatuas vivientes en Mercedes. Adem\u00e1s se llevar\u00e1\u2026","rel":"","context":"En \u00abCultura\u00bb","block_context":{"text":"Cultura","link":"https:\/\/www.24baires.com\/?cat=66"},"img":{"alt_text":"dolores","src":"https:\/\/i0.wp.com\/www.24baires.com\/wp-content\/uploads\/2014\/03\/dolores.jpg?resize=350%2C200","width":350,"height":200,"srcset":"https:\/\/i0.wp.com\/www.24baires.com\/wp-content\/uploads\/2014\/03\/dolores.jpg?resize=350%2C200 1x, https:\/\/i0.wp.com\/www.24baires.com\/wp-content\/uploads\/2014\/03\/dolores.jpg?resize=525%2C300 1.5x"},"classes":[]},{"id":27701,"url":"https:\/\/www.24baires.com\/?p=27701","url_meta":{"origin":4853,"position":5},"title":"Turismo acompa\u00f1a a emprendedores gastron\u00f3micos en la Feria de Caminos y Sabores","author":"AF","date":"06\/07\/2013","format":false,"excerpt":"La Secretar\u00eda de Turismo acompa\u00f1ar\u00e1 a emprendedores gastron\u00f3micos de la provincia de Buenos Aires en la 9\u00b0 edici\u00f3n de la Feria Caminos y Sabores que se realizar\u00e1 desde este s\u00e1bado hasta el 9 de julio en el predio de La Rural, en Capital Federal. El titular del organismo, Ignacio Crotto\u2026","rel":"","context":"En \u00abProvincia\u00bb","block_context":{"text":"Provincia","link":"https:\/\/www.24baires.com\/?cat=40"},"img":{"alt_text":"","src":"","width":0,"height":0},"classes":[]}],"jetpack_sharing_enabled":true,"jetpack_likes_enabled":true,"_links":{"self":[{"href":"https:\/\/www.24baires.com\/index.php?rest_route=\/wp\/v2\/posts\/4853","targetHints":{"allow":["GET"]}}],"collection":[{"href":"https:\/\/www.24baires.com\/index.php?rest_route=\/wp\/v2\/posts"}],"about":[{"href":"https:\/\/www.24baires.com\/index.php?rest_route=\/wp\/v2\/types\/post"}],"author":[{"embeddable":true,"href":"https:\/\/www.24baires.com\/index.php?rest_route=\/wp\/v2\/users\/11"}],"replies":[{"embeddable":true,"href":"https:\/\/www.24baires.com\/index.php?rest_route=%2Fwp%2Fv2%2Fcomments&post=4853"}],"version-history":[{"count":3,"href":"https:\/\/www.24baires.com\/index.php?rest_route=\/wp\/v2\/posts\/4853\/revisions"}],"predecessor-version":[{"id":4857,"href":"https:\/\/www.24baires.com\/index.php?rest_route=\/wp\/v2\/posts\/4853\/revisions\/4857"}],"wp:attachment":[{"href":"https:\/\/www.24baires.com\/index.php?rest_route=%2Fwp%2Fv2%2Fmedia&parent=4853"}],"wp:term":[{"taxonomy":"category","embeddable":true,"href":"https:\/\/www.24baires.com\/index.php?rest_route=%2Fwp%2Fv2%2Fcategories&post=4853"},{"taxonomy":"post_tag","embeddable":true,"href":"https:\/\/www.24baires.com\/index.php?rest_route=%2Fwp%2Fv2%2Ftags&post=4853"}],"curies":[{"name":"wp","href":"https:\/\/api.w.org\/{rel}","templated":true}]}}