{"id":4851,"date":"2012-11-09T18:21:15","date_gmt":"2012-11-09T21:21:15","guid":{"rendered":"http:\/\/www.24baires.com\/?p=4851"},"modified":"2012-11-09T18:21:15","modified_gmt":"2012-11-09T21:21:15","slug":"finalmente-imputaron-al-camarista-que-viajo-a-miami-financiado-por-clarin","status":"publish","type":"post","link":"https:\/\/www.24baires.com\/?p=4851","title":{"rendered":"Finalmente imputaron al camarista que viaj\u00f3 a Miami financiado por Clar\u00edn"},"content":{"rendered":"<p>El fiscal Eduardo Taiano imput\u00f3 al camarista civil y comercial federal Francisco de las Carreras. Se trata de uno de los jueces que particip\u00f3 de un congreso en Miami, que auspici\u00f3 y financi\u00f3 el Grupo Clar\u00edn.<!--more--><br \/>\nEl camarista, competente en una de las principales causas en las que el grupo Clar\u00edn es parte, fue denunciado por asistir a la III Cumbre de Medios de Comunicaci\u00f3n, auspiciada por Cablevisi\u00f3n y organizada por el Centro de Estudios para el Desarrollo de las Telecomunicaciones y el Acceso a la Sociedad de la Informaci\u00f3n en Am\u00e9rica Latina (CERTAL), que integran directivos del grupo Clar\u00edn y cuya coordinadora en Argentina es Ana In\u00e9s Recondo, hija del camarista Gustavo Recondo.<br \/>\nEn la denuncia, que cuenta con el patrocinio de la Procuradora del Tesoro de la Naci\u00f3n, Mar\u00eda Esther Abbona, se imputa al juez de la C\u00e1mara Civil y Comercial de haber recibido una d\u00e1diva para influir en la resoluci\u00f3n de un caso en el que una de las partes es el grupo Clar\u00edn.<br \/>\nLos denunciantes aseguran que \u00abla invitaci\u00f3n a un supuesto acontecimiento acad\u00e9mico no fue otra cosa que el otorgamiento de un beneficio para el magistrado De las Carreras, tanto por lo hasta aqu\u00ed realizado por su actividad jurisdiccional (otorg\u00f3 dos medidas favorables al grupo Clar\u00edn) como por lo que en lo inmediato deber\u00eda hacer, en el marco de su competencia en la causa `grupo Clar\u00edn y otros s\/medidas cautelares\u00b4\u00bb.<br \/>\n\u00abPara lograr ese cometido se habr\u00eda utilizado como pantalla la estructura de una asociaci\u00f3n sin fines de lucro, el CERTAL, el cual desarrolla bajo ese paraguas conceptual una deliberada estrategia de presi\u00f3n sobre gobiernos, dirigentes, jueces y opini\u00f3n p\u00fablica en general, con el prop\u00f3sito de mantener los privilegios de los grupos monop\u00f3licos que la financian\u00bb, se agrega.<br \/>\nLa denuncia destaca adem\u00e1s que uno de los principales financistas del CERTAL -la C\u00e1mara de Productores y Programadores de Se\u00f1ales Audiovisuales (CAPPSA) tiene como uno de sus principales asociados a la empresa del grupo Clar\u00edn ARTEAR S.A, al tiempo que hace un an\u00e1lisis comparativo entre directivos que figuran con nexos en las diversas empresas del Grupo.<br \/>\nEl fiscal considera que, en ese sentido, el escrito presentado por el Jefe de Gabinete suministra \u00abuna serie de indicios sobre la posible relaci\u00f3n entre la asociaci\u00f3n sin fines de lucro que habr\u00eda otorgado el beneficio (CERTAL), CAPPSA, y el grupo Clar\u00edn, los cuales dar\u00edan cuenta de la presencia dominante de directivos del grupo Clar\u00edn en las organizaciones que defienden intereses empresarios en materia de medios de comunicaci\u00f3n, de modo que el grupo Clar\u00edn es quien verdaderamente controla, habida cuenta de su notable poder\u00edo econ\u00f3mico\u00bb.<\/p>\n","protected":false},"excerpt":{"rendered":"<p>El fiscal Eduardo Taiano imput\u00f3 al camarista civil y comercial federal Francisco de las Carreras. Se trata de uno de los jueces que particip\u00f3 de un congreso en Miami, que auspici\u00f3 y financi\u00f3 el Grupo Clar\u00edn.<\/p>\n","protected":false},"author":11,"featured_media":0,"comment_status":"open","ping_status":"open","sticky":false,"template":"","format":"standard","meta":{"_jetpack_newsletter_access":"","_jetpack_dont_email_post_to_subs":false,"_jetpack_newsletter_tier_id":0,"_jetpack_memberships_contains_paywalled_content":false,"_jetpack_memberships_contains_paid_content":false,"footnotes":""},"categories":[54],"tags":[],"class_list":["post-4851","post","type-post","status-publish","format-standard","hentry","category-medios"],"jetpack_featured_media_url":"","jetpack_shortlink":"https:\/\/wp.me\/p2JWE0-1gf","jetpack-related-posts":[{"id":4147,"url":"https:\/\/www.24baires.com\/?p=4147","url_meta":{"origin":4851,"position":0},"title":"El juez De las Carreras fue denunciado por el Gobierno por presunta \u00abrecepci\u00f3n de d\u00e1divas\u00bb de Clar\u00edn","author":"AF","date":"02\/11\/2012","format":false,"excerpt":"En la presentaci\u00f3n solicita que se investigue el delito de \"recepci\u00f3n de d\u00e1divas\" por parte del juez, quien particip\u00f3 de un congreso en Miami organizado por una ONG que integra y financia el Grupo Clar\u00edn. En rueda de prensa, el ministro de Justicia, Julio Alak, inform\u00f3 que el jefe de\u2026","rel":"","context":"En \u00abMedios\u00bb","block_context":{"text":"Medios","link":"https:\/\/www.24baires.com\/?cat=54"},"img":{"alt_text":"","src":"https:\/\/i0.wp.com\/www.24baires.com\/wp-content\/uploads\/2012\/11\/de-las-carreras2-300x179.jpg?resize=350%2C200","width":350,"height":200},"classes":[]},{"id":3291,"url":"https:\/\/www.24baires.com\/?p=3291","url_meta":{"origin":4851,"position":1},"title":"Recusan al camarista que recibi\u00f3 un viaje a Miami del Grupo Clar\u00edn","author":"Grupo Sierra","date":"26\/10\/2012","format":false,"excerpt":"El Ejecutivo recus\u00f3 a un integrante de la Sala 1 de la C\u00e1mara Civil y Comercial, que debe decidir sobre la constitucionalidad de dos art\u00edculos, tras de detectar que el Grupo Clar\u00edn le obsequi\u00f3 un viaje a Miami. El Consejo de la Magistratura citar\u00e1 adem\u00e1s al camarista. As\u00ed lo consign\u00f3\u2026","rel":"","context":"En \u00abMedios\u00bb","block_context":{"text":"Medios","link":"https:\/\/www.24baires.com\/?cat=54"},"img":{"alt_text":"","src":"https:\/\/i0.wp.com\/www.24baires.com\/wp-content\/uploads\/2012\/10\/Miami-Beach2.jpg?resize=350%2C200","width":350,"height":200,"srcset":"https:\/\/i0.wp.com\/www.24baires.com\/wp-content\/uploads\/2012\/10\/Miami-Beach2.jpg?resize=350%2C200 1x, https:\/\/i0.wp.com\/www.24baires.com\/wp-content\/uploads\/2012\/10\/Miami-Beach2.jpg?resize=525%2C300 1.5x"},"classes":[]},{"id":4110,"url":"https:\/\/www.24baires.com\/?p=4110","url_meta":{"origin":4851,"position":2},"title":"Bocanera reconoci\u00f3 que a Tettamanti lo designaron &#8216;a dedo&#8217;","author":"AF","date":"01\/11\/2012","format":false,"excerpt":"El secretario general del fuero Civil y Comercial ofreci\u00f3 su testimonio ante la Comisi\u00f3n de Disciplina y Acusaci\u00f3n del Consejo de la Magistratura. All\u00ed asegur\u00f3 que al juez, jubilado, Ra\u00fal Tettamanti lo designaron de forma manual. El secretario general del la C\u00e1mara Civil y Comercial Federal, Gustavo Bocanera, quien prest\u00f3\u2026","rel":"","context":"En \u00abMedios\u00bb","block_context":{"text":"Medios","link":"https:\/\/www.24baires.com\/?cat=54"},"img":{"alt_text":"","src":"https:\/\/i0.wp.com\/www.24baires.com\/wp-content\/uploads\/2012\/11\/tettamanti2-300x193.jpg?resize=350%2C200","width":350,"height":200},"classes":[]},{"id":4738,"url":"https:\/\/www.24baires.com\/?p=4738","url_meta":{"origin":4851,"position":3},"title":"El fiscal que conden\u00f3 a Cuevana tambi\u00e9n viaj\u00f3 a Miami invitado por Clar\u00edn","author":"AF","date":"08\/11\/2012","format":false,"excerpt":"Ricardo S\u00e1enz, el fiscal que conden\u00f3 al portal dedicado a la distribuci\u00f3n gratuita de pel\u00edculas y series de TV, Cuevana, tambi\u00e9n particip\u00f3 de los viajes organizados por la ONG CERTAL y financiados por el Grupo Clar\u00edn. Hasta antes del fallo, Cuevana era una competencia directa de Cablevisi\u00f3n. A pesar de\u2026","rel":"","context":"En \u00abMedios\u00bb","block_context":{"text":"Medios","link":"https:\/\/www.24baires.com\/?cat=54"},"img":{"alt_text":"","src":"","width":0,"height":0},"classes":[]},{"id":3693,"url":"https:\/\/www.24baires.com\/?p=3693","url_meta":{"origin":4851,"position":4},"title":"El Juez que viaj\u00f3 a Miami invitado por Clar\u00edn tiene 20 d\u00edas para hacer su descargo","author":"AF","date":"29\/10\/2012","format":false,"excerpt":"La comisi\u00f3n de Acusaci\u00f3n y Disciplina estableci\u00f3 que el juez Francisco Horacio de las Carreras, tiene 20 d\u00edas h\u00e1biles para presentar su descargo, en relaci\u00f3n a la denuncia realizada por el Gobierno sobre su participaci\u00f3n en un seminario en Miami invitado por el grupo Clar\u00edn. La comisi\u00f3n pas\u00f3 a un\u2026","rel":"","context":"En \u00abPol\u00edtica\u00bb","block_context":{"text":"Pol\u00edtica","link":"https:\/\/www.24baires.com\/?cat=51"},"img":{"alt_text":"","src":"https:\/\/i0.wp.com\/www.24baires.com\/wp-content\/uploads\/2012\/10\/de-las-carreras-300x179.jpg?resize=350%2C200","width":350,"height":200},"classes":[]},{"id":7965,"url":"https:\/\/www.24baires.com\/?p=7965","url_meta":{"origin":4851,"position":5},"title":"\u00abEl fuero que busc\u00f3 el Grupo Clar\u00edn no es el competente\u00bb explic\u00f3 Alak","author":"Grupo Sierra","date":"05\/12\/2012","format":false,"excerpt":"El ministro de Justicia afirm\u00f3 que el Estado sufri\u00f3 una denegaci\u00f3n de justicia porque \"la causa que inici\u00f3 el Grupo Clar\u00edn es tomada por un fuero (el Civil y Comercial) que no es competente\". \"El fuero competente es el Contencioso Administrativo, pero el Grupo Clar\u00edn busc\u00f3 este fuero que se\u2026","rel":"","context":"En \u00abMedios\u00bb","block_context":{"text":"Medios","link":"https:\/\/www.24baires.com\/?cat=54"},"img":{"alt_text":"","src":"","width":0,"height":0},"classes":[]}],"jetpack_sharing_enabled":true,"jetpack_likes_enabled":true,"_links":{"self":[{"href":"https:\/\/www.24baires.com\/index.php?rest_route=\/wp\/v2\/posts\/4851","targetHints":{"allow":["GET"]}}],"collection":[{"href":"https:\/\/www.24baires.com\/index.php?rest_route=\/wp\/v2\/posts"}],"about":[{"href":"https:\/\/www.24baires.com\/index.php?rest_route=\/wp\/v2\/types\/post"}],"author":[{"embeddable":true,"href":"https:\/\/www.24baires.com\/index.php?rest_route=\/wp\/v2\/users\/11"}],"replies":[{"embeddable":true,"href":"https:\/\/www.24baires.com\/index.php?rest_route=%2Fwp%2Fv2%2Fcomments&post=4851"}],"version-history":[{"count":1,"href":"https:\/\/www.24baires.com\/index.php?rest_route=\/wp\/v2\/posts\/4851\/revisions"}],"predecessor-version":[{"id":4852,"href":"https:\/\/www.24baires.com\/index.php?rest_route=\/wp\/v2\/posts\/4851\/revisions\/4852"}],"wp:attachment":[{"href":"https:\/\/www.24baires.com\/index.php?rest_route=%2Fwp%2Fv2%2Fmedia&parent=4851"}],"wp:term":[{"taxonomy":"category","embeddable":true,"href":"https:\/\/www.24baires.com\/index.php?rest_route=%2Fwp%2Fv2%2Fcategories&post=4851"},{"taxonomy":"post_tag","embeddable":true,"href":"https:\/\/www.24baires.com\/index.php?rest_route=%2Fwp%2Fv2%2Ftags&post=4851"}],"curies":[{"name":"wp","href":"https:\/\/api.w.org\/{rel}","templated":true}]}}