{"id":4841,"date":"2012-11-09T15:07:33","date_gmt":"2012-11-09T18:07:33","guid":{"rendered":"http:\/\/www.24baires.com\/?p=4841"},"modified":"2012-11-09T15:07:33","modified_gmt":"2012-11-09T18:07:33","slug":"otra-vez-la-iglesia-pide-perdon-e-investigara-mas-a-fondo-los-anos-de-plomo-y-su-rol","status":"publish","type":"post","link":"https:\/\/www.24baires.com\/?p=4841","title":{"rendered":"Otra vez la Iglesia pide perd\u00f3n e \u00abinvestigar\u00e1\u00bb m\u00e1s a fondo los a\u00f1os de plomo y su rol"},"content":{"rendered":"<p>La Conferencia Episcopal Argentina (CEA) reiter\u00f3 su pedido de perd\u00f3n por el rol de algunos de sus integrantes durante la \u00faltima dictadura c\u00edvico militar y se propuso encarar \u00abun estudio m\u00e1s completo de los acontecimientos\u00bb que ocurrieron durante esos a\u00f1os.<!--more--><br \/>\nAs\u00ed lo expresaron en una \u00abCarta al pueblo de Dios\u00bb titulada \u00abLa fe en Jesucristo nos mueve a la verdad, la justicia y la paz\u00bb, difundida en medio de las deliberaciones de la asamblea plenaria que se encuentra reunida desde el lunes en Pilar, presidida por Jos\u00e9 Mar\u00eda Arancedo.<br \/>\n\u00abNo podemos ni queremos eludir la responsabilidad de avanzar en el conocimiento de esa verdad dolorosa y comprometedora para todos\u00bb, dijeron los prelados en el texto, en el que reiteraron el pedido de perd\u00f3n a \u00abquienes hayamos defraudado o no acompa\u00f1ado como debimos\u00bb.<br \/>\n\u00abNos sentimos comprometidos a promover un estudio m\u00e1s completo de esos acontecimientos, a fin de seguir buscando la verdad, en la certeza de que ella nos har\u00e1 libres\u00bb, a\u00f1adieron, y precisaron que est\u00e1n abocados a \u00abrevisar todos los antecedentes\u00bb a su alcance.<br \/>\nEn ese sentido, el Episcopado alent\u00f3 a \u00abotros interesados e investigadores, a realizarlo en los \u00e1mbitos que corresponda\u00bb y exhort\u00f3 a \u00abquienes tengan datos sobre el paradero de ni\u00f1os robados, o conozcan lugares de sepultura clandestina, que se reconozcan moralmente obligados a acudir a las autoridades pertinentes\u00bb.<br \/>\n\u00abDe nuestra parte, hemos colaborado con la justicia, cuando se nos solicit\u00f3 informaci\u00f3n, de la cual pod\u00edamos disponer\u00bb, agrega el texto de los obispos, en el que se definen como \u00abservidores de la reconociliaci\u00f3n\u00bb.<br \/>\n\u00abConocemos los sufrimientos y reclamos de la Iglesia, por tantos desaparecidos, torturados, ejecutados sin juicio, ni\u00f1os quitados a sus madres, a causa del terrorismo de Estado. Como tambi\u00e9n sabemos de la muerte y desolaci\u00f3n, causada por la violencia guerrillera\u00bb, agregaron en la carta.<br \/>\nLos obispos sostuvieron que \u00aba pesar de que la historia vivida no se deja desentra\u00f1ar f\u00e1cilmente, y tampoco la responsabilidad que cabe a cada persona, nos queda la preocupaci\u00f3n por completar un estudio demorado pero necesario\u00bb.<br \/>\n\u00abQueremos estar cerca de cuantos sufren todav\u00eda por hechos no esclarecidos ni reparados. Cuando la justicia es demasiado largamente esperada, deja de ser justicia, y agrega dolor y escepticismo. Sabemos que en miles de familias hay heridas abiertas y angustiosas, por lo acontecido despu\u00e9s del secuestro, detenci\u00f3n o desaparici\u00f3n de un ser querido\u00bb, dijeron.<br \/>\nEn el documento, tambi\u00e9n se refieren a afirmaciones recientes de Jorge Rafael Videla, en las que atribuy\u00f3 a \u00abquienes entonces conduc\u00edan el Episcopado, alguna complicidad con hechos delictivos\u00bb y reiteraron conceptos de monse\u00f1or Arancedo, quien -meses atr\u00e1s- respondi\u00f3 que \u00abuna suerte de connivencia es totalmente alejado de la verdad de lo que hicieron los obispos involucrados en ese momento\u00bb.<br \/>\nSobre el modo de actuar de sus predecesores, los obispos indican que no conocen \u00aba fondo cu\u00e1nto supieron personalmente de lo que estaba sucediendo\u00bb y destacan que \u00abintentaron hacer cuanto estaba a su alcance por el bien de todos, de acuerdo con su conciencia y juicio prudencial\u00bb.<br \/>\nReconocen asimismo que no todos los miembros de la Iglesia \u00abpensaron y actuaron con id\u00e9nticos criterios\u00bb.<br \/>\nLuego, rese\u00f1an varias declaraciones y publicaciones de la Iglesia sobre el tema, como el documento \u00abIglesia y Comunidad Nacional\u00bb de 1981 que conden\u00f3 \u00abtoda forma de violencia\u00bb, y el pedido de perd\u00f3n que se hizo -en el marco del jubileo del a\u00f1o 2000- en el Encuentro Eucar\u00edstico de C\u00f3rdoba.<br \/>\n\u00abLa reconciliaci\u00f3n no es `borr\u00f3n y cuenta nueva\u00b4, y menos impunidad. Es necesario: el empe\u00f1o en la b\u00fasqueda de la verdad, el reconocimiento de cuanto sea deplorable, el arrepentimiento de quienes sean culpables, y la reparaci\u00f3n en justicia de los da\u00f1os causados\u00bb, concluyen el documento.<br \/>\nHasta el momento, el \u00fanico miembro de la Iglesia que fue sentenciado por violaciones a los derechos humanos fue el ex capell\u00e1n de la polic\u00eda bonaerense, Christian Von Wernich.<br \/>\nEn octubre de 2007, el Tribunal Oral Federal 1 de La Plata conden\u00f3 a reclusi\u00f3n perpetua \u00aben el marco del genocidio\u00bb al ex capell\u00e1n de la Polic\u00eda bonaerense por siete cr\u00edmenes, privaciones ilegales de la libertad y torturas.<\/p>\n","protected":false},"excerpt":{"rendered":"<p>La Conferencia Episcopal Argentina (CEA) reiter\u00f3 su pedido de perd\u00f3n por el rol de algunos de sus integrantes durante la \u00faltima dictadura c\u00edvico militar y se propuso encarar \u00abun estudio m\u00e1s completo de los acontecimientos\u00bb que ocurrieron durante esos a\u00f1os.<\/p>\n","protected":false},"author":11,"featured_media":0,"comment_status":"open","ping_status":"open","sticky":false,"template":"","format":"standard","meta":{"_jetpack_newsletter_access":"","_jetpack_dont_email_post_to_subs":false,"_jetpack_newsletter_tier_id":0,"_jetpack_memberships_contains_paywalled_content":false,"_jetpack_memberships_contains_paid_content":false,"footnotes":""},"categories":[1],"tags":[],"class_list":["post-4841","post","type-post","status-publish","format-standard","hentry","category-sociedad"],"jetpack_featured_media_url":"","jetpack_shortlink":"https:\/\/wp.me\/p2JWE0-1g5","jetpack-related-posts":[{"id":22482,"url":"https:\/\/www.24baires.com\/?p=22482","url_meta":{"origin":4841,"position":0},"title":"Miles de vecinos se movilizaron en La Plata para pedir verdad y justicia","author":"Grupo Sierra","date":"02\/05\/2013","format":false,"excerpt":"Centenares de platenses participaron este jueves en una impresionante marcha que se convoc\u00f3 v\u00eda redes sociales a la puerta del palacio municipal, donde criticaron duramente al intendente Pablo Bruera y lo se\u00f1alaron como responsable de las m\u00e1s de 50 muertes que se produjeron como consecuencia de la inundaci\u00f3n que afect\u00f3\u2026","rel":"","context":"En \u00abLocales\u00bb","block_context":{"text":"Locales","link":"https:\/\/www.24baires.com\/?cat=38"},"img":{"alt_text":"marcha paraguas","src":"https:\/\/i0.wp.com\/www.24baires.com\/wp-content\/uploads\/2013\/05\/marcha-paraguas.jpg?resize=350%2C200","width":350,"height":200,"srcset":"https:\/\/i0.wp.com\/www.24baires.com\/wp-content\/uploads\/2013\/05\/marcha-paraguas.jpg?resize=350%2C200 1x, https:\/\/i0.wp.com\/www.24baires.com\/wp-content\/uploads\/2013\/05\/marcha-paraguas.jpg?resize=525%2C300 1.5x"},"classes":[]},{"id":43672,"url":"https:\/\/www.24baires.com\/?p=43672","url_meta":{"origin":4841,"position":1},"title":"El Papa Francisco pidi\u00f3 perd\u00f3n por los curas abusadores","author":"Grupo Sierra","date":"11\/04\/2014","format":false,"excerpt":"El Sumo Pont\u00edfice expres\u00f3 hoy su dolor por los abusos contra menores cometidos por miembros de la Iglesia, pidi\u00f3 perd\u00f3n y asegur\u00f3 que no se dar\u00e1 un \"paso atr\u00e1s\" en el tratamiento y las sanciones de esos casos. \"Me siento interpelado a hacerme cargo de todo el mal que algunos\u2026","rel":"","context":"En \u00abGeneral\u00bb","block_context":{"text":"General","link":"https:\/\/www.24baires.com\/?cat=67"},"img":{"alt_text":"francisco tumba san pedro","src":"https:\/\/i0.wp.com\/www.24baires.com\/wp-content\/uploads\/2013\/04\/francisco-tumba-san-pedro-300x201.jpg?resize=350%2C200","width":350,"height":200},"classes":[]},{"id":44627,"url":"https:\/\/www.24baires.com\/?p=44627","url_meta":{"origin":4841,"position":2},"title":"Mor\u00f3n: piden 45 a\u00f1os de prisi\u00f3n para el hombre acusado de violar a su hija","author":"GB","date":"24\/04\/2014","format":false,"excerpt":"Lo solicit\u00f3 una fiscal de Mor\u00f3n, en coincidencia con el abogado de las v\u00edctimas. El hombre est\u00e1 acusado de haber violado a su hija de 11 a\u00f1os -a causa de lo cual la ni\u00f1a qued\u00f3 embarazada y dio a luz una beba- y a otras dos j\u00f3venes en el partido\u2026","rel":"","context":"En \u00abJUDICIALES\u00bb","block_context":{"text":"JUDICIALES","link":"https:\/\/www.24baires.com\/?cat=68"},"img":{"alt_text":"poli","src":"https:\/\/i0.wp.com\/www.24baires.com\/wp-content\/uploads\/2013\/09\/poli-300x225.jpg?resize=350%2C200","width":350,"height":200},"classes":[]},{"id":18904,"url":"https:\/\/www.24baires.com\/?p=18904","url_meta":{"origin":4841,"position":3},"title":"\u00abHay que terminar con el kirchnerismo\u00bb, asegur\u00f3 Chiche Duhalde","author":"AF","date":"20\/03\/2013","format":false,"excerpt":"La ex senadora afirm\u00f3 que ni ella ni su marido ser\u00e1n candidatos a las elecciones legislativas de octubre: \"La intenci\u00f3n de mi marido es muy clara, el cree que hay hombres con posibilidades de ocupar esos cargos\" y sostuvo \"las ideolog\u00edas hoy no est\u00e1n claras, hoy nadie puede decir 'mi\u2026","rel":"","context":"En \u00abPol\u00edtica\u00bb","block_context":{"text":"Pol\u00edtica","link":"https:\/\/www.24baires.com\/?cat=51"},"img":{"alt_text":"Hilda Chiche Duhalde","src":"https:\/\/i0.wp.com\/www.24baires.com\/wp-content\/uploads\/2013\/03\/Hilda-Chiche-Duhalde.jpg?resize=350%2C200","width":350,"height":200,"srcset":"https:\/\/i0.wp.com\/www.24baires.com\/wp-content\/uploads\/2013\/03\/Hilda-Chiche-Duhalde.jpg?resize=350%2C200 1x, https:\/\/i0.wp.com\/www.24baires.com\/wp-content\/uploads\/2013\/03\/Hilda-Chiche-Duhalde.jpg?resize=525%2C300 1.5x"},"classes":[]},{"id":92578,"url":"https:\/\/www.24baires.com\/?p=92578","url_meta":{"origin":4841,"position":4},"title":"Aguad consider\u00f3 que \u00abno hay conflictos de intereses en el acuerdo por el Correo\u00bb","author":"GB","date":"21\/02\/2017","format":false,"excerpt":"El ministro de Comunicaciones de la Naci\u00f3n, Oscar Aguad, intenta explicar el acuerdo por el cual el gobierno de Mauricio Macri intent\u00f3 perdonarle, hasta que estall\u00f3 el esc\u00e1ndalo, a la familia Macri una deuda al a\u00f1o 2033 de 70 mil millones de pesos. El ministro de Comunicaciones, Oscar Aguad, defiende\u2026","rel":"","context":"En \u00abPol\u00edtica\u00bb","block_context":{"text":"Pol\u00edtica","link":"https:\/\/www.24baires.com\/?cat=51"},"img":{"alt_text":"","src":"https:\/\/i0.wp.com\/www.24baires.com\/wp-content\/uploads\/2017\/02\/aguad.jpg?resize=350%2C200","width":350,"height":200,"srcset":"https:\/\/i0.wp.com\/www.24baires.com\/wp-content\/uploads\/2017\/02\/aguad.jpg?resize=350%2C200 1x, https:\/\/i0.wp.com\/www.24baires.com\/wp-content\/uploads\/2017\/02\/aguad.jpg?resize=525%2C300 1.5x"},"classes":[]},{"id":106442,"url":"https:\/\/www.24baires.com\/?p=106442","url_meta":{"origin":4841,"position":5},"title":"Lagomarsino, sobre Nisman: \u00abSigo pensando que se suicid\u00f3\u00bb","author":"AF","date":"18\/01\/2019","format":false,"excerpt":"\"Alberto me traicion\u00f3, me meti\u00f3 en una situaci\u00f3n para nada agradable. Pero a pesar de eso lo perdon\u00e9. Si tuvo que matarse con mi arma, lo perdono, le perdono que me haya metido en este problema\", resalt\u00f3 adem\u00e1s Diego Lagomarsino. Al cumplirse cuatro a\u00f1os de la muerte del fiscal Alberto\u2026","rel":"","context":"En \u00abSociedad\u00bb","block_context":{"text":"Sociedad","link":"https:\/\/www.24baires.com\/?cat=1"},"img":{"alt_text":"","src":"https:\/\/i0.wp.com\/www.24baires.com\/wp-content\/uploads\/2015\/01\/lagomarsino-11.jpg?resize=350%2C200","width":350,"height":200,"srcset":"https:\/\/i0.wp.com\/www.24baires.com\/wp-content\/uploads\/2015\/01\/lagomarsino-11.jpg?resize=350%2C200 1x, https:\/\/i0.wp.com\/www.24baires.com\/wp-content\/uploads\/2015\/01\/lagomarsino-11.jpg?resize=525%2C300 1.5x"},"classes":[]}],"jetpack_sharing_enabled":true,"jetpack_likes_enabled":true,"_links":{"self":[{"href":"https:\/\/www.24baires.com\/index.php?rest_route=\/wp\/v2\/posts\/4841","targetHints":{"allow":["GET"]}}],"collection":[{"href":"https:\/\/www.24baires.com\/index.php?rest_route=\/wp\/v2\/posts"}],"about":[{"href":"https:\/\/www.24baires.com\/index.php?rest_route=\/wp\/v2\/types\/post"}],"author":[{"embeddable":true,"href":"https:\/\/www.24baires.com\/index.php?rest_route=\/wp\/v2\/users\/11"}],"replies":[{"embeddable":true,"href":"https:\/\/www.24baires.com\/index.php?rest_route=%2Fwp%2Fv2%2Fcomments&post=4841"}],"version-history":[{"count":3,"href":"https:\/\/www.24baires.com\/index.php?rest_route=\/wp\/v2\/posts\/4841\/revisions"}],"predecessor-version":[{"id":4844,"href":"https:\/\/www.24baires.com\/index.php?rest_route=\/wp\/v2\/posts\/4841\/revisions\/4844"}],"wp:attachment":[{"href":"https:\/\/www.24baires.com\/index.php?rest_route=%2Fwp%2Fv2%2Fmedia&parent=4841"}],"wp:term":[{"taxonomy":"category","embeddable":true,"href":"https:\/\/www.24baires.com\/index.php?rest_route=%2Fwp%2Fv2%2Fcategories&post=4841"},{"taxonomy":"post_tag","embeddable":true,"href":"https:\/\/www.24baires.com\/index.php?rest_route=%2Fwp%2Fv2%2Ftags&post=4841"}],"curies":[{"name":"wp","href":"https:\/\/api.w.org\/{rel}","templated":true}]}}