{"id":4831,"date":"2012-11-09T12:39:29","date_gmt":"2012-11-09T15:39:29","guid":{"rendered":"http:\/\/www.24baires.com\/?p=4831"},"modified":"2012-11-09T12:39:29","modified_gmt":"2012-11-09T15:39:29","slug":"la-municipalidad-de-la-plata-homenajea-a-manuel-garcia-ferre","status":"publish","type":"post","link":"https:\/\/www.24baires.com\/?p=4831","title":{"rendered":"La Municipalidad de la Plata homenajea a Manuel Garc\u00eda Ferr\u00e9"},"content":{"rendered":"<p>Este s\u00e1bado, a las 17, en la Rep\u00fablica de los Ni\u00f1os impondr\u00e1n su nombre al Paseo de la Historieta y colocar\u00e1n una escultura de los tradicionales personajes \u201cHijitus\u201d y \u201cPichichus\u201d.<!--more--><\/p>\n<p>La Municipalidad de La Plata realizar\u00e1 en la Rep\u00fablica de los Ni\u00f1os un reconocimiento al artista pl\u00e1stico e historietista Manuel Garc\u00eda Ferr\u00e9, que consistir\u00e1 en la imposici\u00f3n de su nombre al Paseo de la Historieta y en la colocaci\u00f3n de una escultura de los tradicionales personajes \u201cHijitus\u201d y \u201cPichichus\u201d.<\/p>\n<p>La cita ser\u00e1 el s\u00e1bado 10, a las 17, en ese predio de Gonnet ubicado sobre Camino General Belgrano y calle 501. All\u00ed, el artista recibir\u00e1 un merecido y c\u00e1lido agasajo por parte del intendente Pablo Bruera y de todos los ni\u00f1os que visiten la Repu.<\/p>\n<p>En esa oportunidad, el Jefe Comunal de La Plata declarar\u00e1 a Garc\u00eda Ferr\u00e9 como Hu\u00e9sped de Honor de nuestra ciudad y tambi\u00e9n se le entregar\u00e1 una plaqueta de reconocimiento proveniente del Instituto de Estudios Almerienses de la diputaci\u00f3n de Almer\u00eda, lugar donde naci\u00f3 un 8 de octubre de 1929.<\/p>\n<p>Radicado en Argentina desde los 17 a\u00f1os, su arte ha sido orientado plenamente a los ni\u00f1os, siendo el creador de famosos personajes infantiles como Anteojito, Hijitus, Larguirucho, Petete y Calcul\u00edn, as\u00ed como de tiras animadas televisivas, largometrajes animados y la revista Anteojito.<\/p>\n<p>La escultura que ser\u00e1 colocada mide 150 cent\u00edmetros y fue dise\u00f1ada por el artista platense, Pedro Milani.<\/p>\n","protected":false},"excerpt":{"rendered":"<p>Este s\u00e1bado, a las 17, en la Rep\u00fablica de los Ni\u00f1os impondr\u00e1n su nombre al Paseo de la Historieta y colocar\u00e1n una escultura de los tradicionales personajes \u201cHijitus\u201d y \u201cPichichus\u201d.<\/p>\n","protected":false},"author":11,"featured_media":0,"comment_status":"open","ping_status":"open","sticky":false,"template":"","format":"standard","meta":{"_jetpack_newsletter_access":"","_jetpack_dont_email_post_to_subs":false,"_jetpack_newsletter_tier_id":0,"_jetpack_memberships_contains_paywalled_content":false,"_jetpack_memberships_contains_paid_content":false,"footnotes":""},"categories":[38],"tags":[],"class_list":["post-4831","post","type-post","status-publish","format-standard","hentry","category-locales"],"jetpack_featured_media_url":"","jetpack_shortlink":"https:\/\/wp.me\/p2JWE0-1fV","jetpack-related-posts":[{"id":19570,"url":"https:\/\/www.24baires.com\/?p=19570","url_meta":{"origin":4831,"position":0},"title":"Muri\u00f3 a los 83 a\u00f1os Manuel Garc\u00eda Ferr\u00e9","author":"AF","date":"28\/03\/2013","format":false,"excerpt":"El artista gr\u00e1fico Manuel Garc\u00eda Ferr\u00e9, creador de personajes de historietas infantiles como Hijitus, Anteojito y Petete, falleci\u00f3 hoy a los 83 a\u00f1os durante una intervenci\u00f3n card\u00edaca, seg\u00fan informaron sus familiares. Garc\u00eda Ferr\u00e9 muri\u00f3 durante una operaci\u00f3n del coraz\u00f3n que se le practic\u00f3 en el Hospital Alem\u00e1n de la Capital\u2026","rel":"","context":"En \u00abSociedad\u00bb","block_context":{"text":"Sociedad","link":"https:\/\/www.24baires.com\/?cat=1"},"img":{"alt_text":"garc\u00eda ferr\u00e9 manuelita","src":"https:\/\/i0.wp.com\/www.24baires.com\/wp-content\/uploads\/2013\/03\/garc%C3%ADa-ferr%C3%A9-manuelita-300x224.jpg?resize=350%2C200","width":350,"height":200},"classes":[]},{"id":29520,"url":"https:\/\/www.24baires.com\/?p=29520","url_meta":{"origin":4831,"position":1},"title":"Aseguran \u00ab\u00e9xito total\u00bb de la agenda de actividades del Instituto Cultural","author":"AF","date":"05\/08\/2013","format":false,"excerpt":"El Instituto Cultural present\u00f3 una agenda de vacaciones de invierno que convoc\u00f3 a miles de chicos y familias en sus distintos espacios. Las principales atracciones art\u00edsticas y culturales se ofrecieron en el Teatro Argentino de La Plata, el Teatro Auditorium de Mar del Plata, el Museo Provincial de Bellas Artes,\u2026","rel":"","context":"En \u00abSociedad\u00bb","block_context":{"text":"Sociedad","link":"https:\/\/www.24baires.com\/?cat=1"},"img":{"alt_text":"","src":"","width":0,"height":0},"classes":[]},{"id":52959,"url":"https:\/\/www.24baires.com\/?p=52959","url_meta":{"origin":4831,"position":2},"title":"Argentina tendr\u00e1 \u00abLa historieta m\u00e1s larga del mundo\u00bb","author":"Grupo Sierra","date":"02\/09\/2014","format":false,"excerpt":"El Ministerio de Cultura de la Naci\u00f3n impulsar\u00e1 este jueves la creaci\u00f3n del proyecto, que se realizar\u00e1 en la Plaza del Congreso de la Ciudad de Buenos Aires como parte de las celebraciones por el D\u00eda Nacional de la Historieta. La conmemoraci\u00f3n, inaugurada en 2009, es en homenaje a la\u2026","rel":"","context":"En \u00abCultura\u00bb","block_context":{"text":"Cultura","link":"https:\/\/www.24baires.com\/?cat=66"},"img":{"alt_text":"","src":"","width":0,"height":0},"classes":[]},{"id":59651,"url":"https:\/\/www.24baires.com\/?p=59651","url_meta":{"origin":4831,"position":3},"title":"Desarrollo Social inicia un ciclo de promoci\u00f3n de derechos en el Unzu\u00e9 de Mar del Plata","author":"GB","date":"06\/01\/2015","format":false,"excerpt":"De \u201cjudicializar la pobreza\u201d a \"espacio promotor de derechos\u201d es el largo trayecto que recorri\u00f3 el edificio Unzu\u00e9 en Mar del Plata, antes un orfanato y en la actualidad el palacio cultural donde el Ministerio de Desarrollo Social de la Naci\u00f3n organiza desde ma\u00f1ana un nuevo verano lleno de propuestas\u2026","rel":"","context":"En \u00abSociedad\u00bb","block_context":{"text":"Sociedad","link":"https:\/\/www.24baires.com\/?cat=1"},"img":{"alt_text":"","src":"","width":0,"height":0},"classes":[]},{"id":1734,"url":"https:\/\/www.24baires.com\/?p=1734","url_meta":{"origin":4831,"position":4},"title":"Proponen derogar ley de la Dictadura y declarar patrimonio bonaerense a la Rep\u00fablica de los ni\u00f1os","author":"AF","date":"12\/10\/2012","format":false,"excerpt":"Un proyecto de Ley que fue presentado el pasado jueves en el Senado de la provincia\u00a0de Buenos Aires, propone derogar una ley de la dictadura que fija las\u00a0funciones y servicios de la Rep\u00fablica de los Ni\u00f1os, al mismo tiempo\u00a0que solicita declarar al paseo como bien del Patrimonio Cultural de la\u00a0Provincia\u2026","rel":"","context":"En \u00abSociedad\u00bb","block_context":{"text":"Sociedad","link":"https:\/\/www.24baires.com\/?cat=1"},"img":{"alt_text":"","src":"","width":0,"height":0},"classes":[]},{"id":1294,"url":"https:\/\/www.24baires.com\/?p=1294","url_meta":{"origin":4831,"position":5},"title":"Historietas para todos los gustos en Tecn\u00f3polis","author":"Grupo Sierra","date":"07\/10\/2012","format":false,"excerpt":"En el Cuarto Festival Internacional de Historietas \"Vi\u00f1etas Sueltas\", los realizadores del Suplemento de Aventuras \"Historietas Nacionales\" de la agencia T\u00e9lam ofrecieron una charla en el predio de Villa Martelli. Una amplia agenda de muestras, conferencias y presentaciones con invitados de todo el mundo. En el espacio de muestras de\u2026","rel":"","context":"En \u00abSociedad\u00bb","block_context":{"text":"Sociedad","link":"https:\/\/www.24baires.com\/?cat=1"},"img":{"alt_text":"","src":"","width":0,"height":0},"classes":[]}],"jetpack_sharing_enabled":true,"jetpack_likes_enabled":true,"_links":{"self":[{"href":"https:\/\/www.24baires.com\/index.php?rest_route=\/wp\/v2\/posts\/4831","targetHints":{"allow":["GET"]}}],"collection":[{"href":"https:\/\/www.24baires.com\/index.php?rest_route=\/wp\/v2\/posts"}],"about":[{"href":"https:\/\/www.24baires.com\/index.php?rest_route=\/wp\/v2\/types\/post"}],"author":[{"embeddable":true,"href":"https:\/\/www.24baires.com\/index.php?rest_route=\/wp\/v2\/users\/11"}],"replies":[{"embeddable":true,"href":"https:\/\/www.24baires.com\/index.php?rest_route=%2Fwp%2Fv2%2Fcomments&post=4831"}],"version-history":[{"count":2,"href":"https:\/\/www.24baires.com\/index.php?rest_route=\/wp\/v2\/posts\/4831\/revisions"}],"predecessor-version":[{"id":4833,"href":"https:\/\/www.24baires.com\/index.php?rest_route=\/wp\/v2\/posts\/4831\/revisions\/4833"}],"wp:attachment":[{"href":"https:\/\/www.24baires.com\/index.php?rest_route=%2Fwp%2Fv2%2Fmedia&parent=4831"}],"wp:term":[{"taxonomy":"category","embeddable":true,"href":"https:\/\/www.24baires.com\/index.php?rest_route=%2Fwp%2Fv2%2Fcategories&post=4831"},{"taxonomy":"post_tag","embeddable":true,"href":"https:\/\/www.24baires.com\/index.php?rest_route=%2Fwp%2Fv2%2Ftags&post=4831"}],"curies":[{"name":"wp","href":"https:\/\/api.w.org\/{rel}","templated":true}]}}