{"id":4828,"date":"2012-11-09T11:00:23","date_gmt":"2012-11-09T14:00:23","guid":{"rendered":"http:\/\/www.24baires.com\/?p=4828"},"modified":"2012-11-09T12:28:39","modified_gmt":"2012-11-09T15:28:39","slug":"tandil-cortos-comienza-la-competencia-oficial","status":"publish","type":"post","link":"https:\/\/www.24baires.com\/?p=4828","title":{"rendered":"Tandil Cortos: Comienza la competencia oficial"},"content":{"rendered":"<p>En la novena edici\u00f3n del ya cl\u00e1sico encuentro en Tandil, 49 cortos competir\u00e1n por \u00abEl Ojo de Piedra\u00bb. Muestras, actividades especiales y distinciones a importantes personalidades del cine ser\u00e1n parte de Tandil Cortos 2012.<!--more--><br \/>\nEste viernes a las 20, se llevar\u00e1 a cabo la ceremonia de apertura del 9\u00ba TANDIL CORTOS, en el Teatro del Fuerte (Fuerte Independencia 360). En la oportunidad se entregar\u00e1 el premio \u201cOjo de Piedra\u201d a la Trayectoria a la actriz Betiana Blum.<br \/>\nA lo largo del Festival, que se desarrollar\u00e1 hasta el domingo 11 de noviembre inclusive en el Teatro Municipal del Fuerte, cuarenta y nueve producciones competir\u00e1n por el \u00abOjo de Piedra\u00bb en las categor\u00edas de animaci\u00f3n, videominuto, videoclip, documental y ficci\u00f3n.<br \/>\nEntre las actividades especiales a desarrollarse se destaca una retrospectiva de cortos hist\u00f3ricos de la ENERC, Panoramas de la Asociaci\u00f3n de Cortometrajistas de Chile y del Festival de Cine de Huesca de Espa\u00f1a (organizado por el CCEBA). Se presentar\u00e1 el libro \u00abEstado Transitorio. La cinefilia en el siglo XXI\u00bb de Lorena Cancela y se distinguir\u00e1 con el \u00abOjo de Piedra a la Trayectoria\u00bb al escen\u00f3grafo y director argentino ganador de un Oscar, Eugenio Zanetti, a la actriz Betiana Blum, al sonidista Jos\u00e9 \u00abPepe\u00bb Gramm\u00e1tico y al cineasta chileno Tomas Welss.<br \/>\nEl corto ganador del \u00abOjo de piedra de Oro\u00bb al mejor cortometraje de la novena edici\u00f3n de \u00abTandil Cortos 2012\u00bb clasificar\u00e1 directamente a la competencia oficial en los \u00abPremios C\u00f3ndor de Plata\u00bb que entrega la Asociaci\u00f3n de Cronistas Cinematogr\u00e1ficos de la Argentina, en la categor\u00eda Mejor Cortometraje; como as\u00ed tambi\u00e9n participar\u00e1 en la pr\u00f3xima edici\u00f3n de \u00abLa Noche del Cortometraje\u00bb, organizada por el INCAA.<br \/>\nTodas las actividades y proyecciones son con acceso libre y gratuito.<br \/>\nProgramaci\u00f3n viernes 9 de noviembre<br \/>\n20:00 hs: (puntual) &#8211; Sala Teatro del Fuerte<br \/>\nCeremonia de apertura del Tandil Cortos<br \/>\n\u201cOjo de piedra a la trayectoria\u201d a Betiana Blum<br \/>\nUna de las protagonistas de \u201cEsperando la carroza\u201d de Alejandro Doria,ese \u00e9xito del cine nacional que como confirman los casi 30 mil espectadores que reuni\u00f3 en sus primeras funciones, hace escasos d\u00edas, en el reestreno en copia resmateurizada digital, y llegando al cine 15 d\u00edas despu\u00e9s con otra pel\u00edcula, \u201cOtro coraz\u00f3n\u201d de Tom\u00e1s S\u00e1nchez a horas de su estreno, estar\u00e1 presente en Tandil.<br \/>\nDurante cinco d\u00e9cadas de exitosa carrera, el cine, el teatro y la televisi\u00f3n se engalanaron con su virtuosa composici\u00f3n tanto para la comedia como para el drama. Betiana Blum es la actriz que forj\u00f3 con su trabajo varios \u00e9xitos del espect\u00e1culo argentino.<br \/>\n20:30 hs: 1\u00b0 Funci\u00f3n Competitiva Argentina (1 hora y 30 min)<br \/>\n22 hs. 1\u00b0 Panorama Chile (30 min.)<br \/>\nCortometrajes de la Asociaci\u00f3n de Cortometrajistas de Chile<br \/>\n22.30 hs. 2\u00b0 Funci\u00f3n Competitiva Argentina (1 hora)<\/p>\n","protected":false},"excerpt":{"rendered":"<p>En la novena edici\u00f3n del ya cl\u00e1sico encuentro en Tandil, 49 cortos competir\u00e1n por \u00abEl Ojo de Piedra\u00bb. Muestras, actividades especiales y distinciones a importantes personalidades del cine ser\u00e1n parte de Tandil Cortos 2012.<\/p>\n","protected":false},"author":11,"featured_media":0,"comment_status":"open","ping_status":"open","sticky":false,"template":"","format":"standard","meta":{"_jetpack_newsletter_access":"","_jetpack_dont_email_post_to_subs":false,"_jetpack_newsletter_tier_id":0,"_jetpack_memberships_contains_paywalled_content":false,"_jetpack_memberships_contains_paid_content":false,"footnotes":""},"categories":[38],"tags":[],"class_list":["post-4828","post","type-post","status-publish","format-standard","hentry","category-locales"],"jetpack_featured_media_url":"","jetpack_shortlink":"https:\/\/wp.me\/p2JWE0-1fS","jetpack-related-posts":[{"id":105111,"url":"https:\/\/www.24baires.com\/?p=105111","url_meta":{"origin":4828,"position":0},"title":"Tandil: buscan a un joven cuyo auto apareci\u00f3 incendiado y con restos de sangre","author":"AF","date":"25\/10\/2018","format":false,"excerpt":"Jorge Bustamante sali\u00f3 el mi\u00e9rcoles por la madrugada hacia la Ciudad de Buenos Aires pero el coche apareci\u00f3 apuntando hacia otra direcci\u00f3n. Tandil es escenario de un fuerte operativo de b\u00fasqueda de un joven de 24 a\u00f1os que sali\u00f3 el mi\u00e9rcoles a la 1.30 de la madrugada hacia la Ciudad\u2026","rel":"","context":"En \u00abPoliciales\u00bb","block_context":{"text":"Policiales","link":"https:\/\/www.24baires.com\/?cat=49"},"img":{"alt_text":"","src":"https:\/\/i0.wp.com\/www.24baires.com\/wp-content\/uploads\/2018\/10\/b%C3%BAsqueda.jpeg?resize=350%2C200","width":350,"height":200,"srcset":"https:\/\/i0.wp.com\/www.24baires.com\/wp-content\/uploads\/2018\/10\/b%C3%BAsqueda.jpeg?resize=350%2C200 1x, https:\/\/i0.wp.com\/www.24baires.com\/wp-content\/uploads\/2018\/10\/b%C3%BAsqueda.jpeg?resize=525%2C300 1.5x"},"classes":[]},{"id":117337,"url":"https:\/\/www.24baires.com\/?p=117337","url_meta":{"origin":4828,"position":1},"title":"Se realiz\u00f3 el primer aborto legal en Tandil","author":"GB","date":"22\/03\/2021","format":false,"excerpt":"En el Hospital Municipal \u201cRam\u00f3n Santamarina\u201d de Tandil se realiz\u00f3 la primera Interrupci\u00f3n Voluntaria del Embarazo (IVE), luego de la entrada en vigencia la Ley 27.610, que legaliza el aborto en todo el pa\u00eds. El procedimiento estuvo a cargo de un especialista que recientemente se incorpor\u00f3 al equipo y que\u2026","rel":"","context":"En \u00abSociedad\u00bb","block_context":{"text":"Sociedad","link":"https:\/\/www.24baires.com\/?cat=1"},"img":{"alt_text":"","src":"https:\/\/i0.wp.com\/www.24baires.com\/wp-content\/uploads\/2021\/03\/0003264515.jpg?resize=350%2C200","width":350,"height":200,"srcset":"https:\/\/i0.wp.com\/www.24baires.com\/wp-content\/uploads\/2021\/03\/0003264515.jpg?resize=350%2C200 1x, https:\/\/i0.wp.com\/www.24baires.com\/wp-content\/uploads\/2021\/03\/0003264515.jpg?resize=525%2C300 1.5x"},"classes":[]},{"id":50345,"url":"https:\/\/www.24baires.com\/?p=50345","url_meta":{"origin":4828,"position":2},"title":"Lunghi, intendente de Tandil: \u00abLa gente elige vacaciones de 3 o 4 d\u00edas\u00bb","author":"AF","date":"22\/07\/2014","format":false,"excerpt":"El jefe comunal de dicha localidad serrana explic\u00f3 que \"esperamos una buena temporada pero notamos que la gente no se queda siete d\u00edas sino que son per\u00edodos cortos\". Un destino muy elegido en las vacaciones de invierno es Tandil y en ese sentido, el Intendente de dicha localidad, Miguel Lunghi,\u2026","rel":"","context":"En \u00abLocales\u00bb","block_context":{"text":"Locales","link":"https:\/\/www.24baires.com\/?cat=38"},"img":{"alt_text":"turismo tandil","src":"https:\/\/i0.wp.com\/www.24baires.com\/wp-content\/uploads\/2014\/01\/turismo-tandil.jpg?resize=350%2C200","width":350,"height":200,"srcset":"https:\/\/i0.wp.com\/www.24baires.com\/wp-content\/uploads\/2014\/01\/turismo-tandil.jpg?resize=350%2C200 1x, https:\/\/i0.wp.com\/www.24baires.com\/wp-content\/uploads\/2014\/01\/turismo-tandil.jpg?resize=525%2C300 1.5x"},"classes":[]},{"id":105411,"url":"https:\/\/www.24baires.com\/?p=105411","url_meta":{"origin":4828,"position":3},"title":"Confirmaron el cierre definitivo de la Metal\u00fargica Tandil","author":"GB","date":"13\/11\/2018","format":false,"excerpt":"En la \u00faltima reuni\u00f3n de conciliaci\u00f3n obligatoria realizada el lunes, la empresa Matal\u00fargica Tandil comunic\u00f3 oficialmente su cierre tras llegar a un acuerdo por las indemnizaciones con los m\u00e1s de 100 trabajadores que se desempe\u00f1aban en la planta. As\u00ed, finaliza una etapa para Tandil, caracterizada por la industria metal\u00fargica. Es\u2026","rel":"","context":"En \u00abSociedad\u00bb","block_context":{"text":"Sociedad","link":"https:\/\/www.24baires.com\/?cat=1"},"img":{"alt_text":"","src":"https:\/\/i0.wp.com\/www.24baires.com\/wp-content\/uploads\/2018\/11\/metalurgica.jpg?resize=350%2C200","width":350,"height":200,"srcset":"https:\/\/i0.wp.com\/www.24baires.com\/wp-content\/uploads\/2018\/11\/metalurgica.jpg?resize=350%2C200 1x, https:\/\/i0.wp.com\/www.24baires.com\/wp-content\/uploads\/2018\/11\/metalurgica.jpg?resize=525%2C300 1.5x"},"classes":[]},{"id":39736,"url":"https:\/\/www.24baires.com\/?p=39736","url_meta":{"origin":4828,"position":4},"title":"Enfrentamiento entre vecinos y polic\u00edas de Tandil dej\u00f3 varios heridos","author":"Grupo Sierra","date":"03\/02\/2014","format":false,"excerpt":"Los incidentes se potenciaron esta madrugada. Un adolescente sufri\u00f3 un impacto de bala, en tanto que hay polic\u00edas heridos. Los ambulancieros fueron atacados al ingresar a la zona del conflicto. Ribetes grav\u00edsimos tom\u00f3 en horas de la madrugada el enfrentamiento iniciado anoche entre j\u00f3venes que apedreaban a la custodia del\u2026","rel":"","context":"En \u00abPoliciales\u00bb","block_context":{"text":"Policiales","link":"https:\/\/www.24baires.com\/?cat=49"},"img":{"alt_text":"","src":"","width":0,"height":0},"classes":[]},{"id":104901,"url":"https:\/\/www.24baires.com\/?p=104901","url_meta":{"origin":4828,"position":5},"title":"Tandil: cerr\u00f3 la hist\u00f3rica metal\u00fargica y despidi\u00f3 a m\u00e1s de 100 trabajadores","author":"GB","date":"12\/10\/2018","format":false,"excerpt":"Con 70 a\u00f1os, era una de las f\u00e1bricas tradicionales de la ciudad. El cierre cal\u00f3 hondo en la sociedad tandilense. Un golpe duro para la gesti\u00f3n del intendente Miguel Lunghi. El 16 de octubre se espera una multitudinaria marcha. Cerr\u00f3 \u201cMetal\u00fargica Tandil\u201d, la hist\u00f3rica f\u00e1brica serrana de autopartes. La decisi\u00f3n\u2026","rel":"","context":"En \u00abMunicipios\u00bb","block_context":{"text":"Municipios","link":"https:\/\/www.24baires.com\/?cat=44"},"img":{"alt_text":"","src":"https:\/\/i0.wp.com\/www.24baires.com\/wp-content\/uploads\/2018\/10\/tandil-fabrica.jpg?resize=350%2C200","width":350,"height":200,"srcset":"https:\/\/i0.wp.com\/www.24baires.com\/wp-content\/uploads\/2018\/10\/tandil-fabrica.jpg?resize=350%2C200 1x, https:\/\/i0.wp.com\/www.24baires.com\/wp-content\/uploads\/2018\/10\/tandil-fabrica.jpg?resize=525%2C300 1.5x"},"classes":[]}],"jetpack_sharing_enabled":true,"jetpack_likes_enabled":true,"_links":{"self":[{"href":"https:\/\/www.24baires.com\/index.php?rest_route=\/wp\/v2\/posts\/4828","targetHints":{"allow":["GET"]}}],"collection":[{"href":"https:\/\/www.24baires.com\/index.php?rest_route=\/wp\/v2\/posts"}],"about":[{"href":"https:\/\/www.24baires.com\/index.php?rest_route=\/wp\/v2\/types\/post"}],"author":[{"embeddable":true,"href":"https:\/\/www.24baires.com\/index.php?rest_route=\/wp\/v2\/users\/11"}],"replies":[{"embeddable":true,"href":"https:\/\/www.24baires.com\/index.php?rest_route=%2Fwp%2Fv2%2Fcomments&post=4828"}],"version-history":[{"count":2,"href":"https:\/\/www.24baires.com\/index.php?rest_route=\/wp\/v2\/posts\/4828\/revisions"}],"predecessor-version":[{"id":4830,"href":"https:\/\/www.24baires.com\/index.php?rest_route=\/wp\/v2\/posts\/4828\/revisions\/4830"}],"wp:attachment":[{"href":"https:\/\/www.24baires.com\/index.php?rest_route=%2Fwp%2Fv2%2Fmedia&parent=4828"}],"wp:term":[{"taxonomy":"category","embeddable":true,"href":"https:\/\/www.24baires.com\/index.php?rest_route=%2Fwp%2Fv2%2Fcategories&post=4828"},{"taxonomy":"post_tag","embeddable":true,"href":"https:\/\/www.24baires.com\/index.php?rest_route=%2Fwp%2Fv2%2Ftags&post=4828"}],"curies":[{"name":"wp","href":"https:\/\/api.w.org\/{rel}","templated":true}]}}