{"id":4824,"date":"2012-11-09T12:07:02","date_gmt":"2012-11-09T15:07:02","guid":{"rendered":"http:\/\/www.24baires.com\/?p=4824"},"modified":"2012-11-09T12:07:02","modified_gmt":"2012-11-09T15:07:02","slug":"elevan-a-juicio-la-causa-contra-10-represores-en-bahia-blanca","status":"publish","type":"post","link":"https:\/\/www.24baires.com\/?p=4824","title":{"rendered":"Elevan a juicio la causa contra 10 represores en Bah\u00eda Blanca"},"content":{"rendered":"<p><img data-recalc-dims=\"1\" loading=\"lazy\" decoding=\"async\" class=\"aligncenter size-full wp-image-4825\" title=\"enrique-miguel\" src=\"https:\/\/i0.wp.com\/www.24baires.com\/wp-content\/uploads\/2012\/11\/enrique-miguel.jpg?resize=560%2C259\" alt=\"\" width=\"560\" height=\"259\" srcset=\"https:\/\/i0.wp.com\/www.24baires.com\/wp-content\/uploads\/2012\/11\/enrique-miguel.jpg?w=560&amp;ssl=1 560w, https:\/\/i0.wp.com\/www.24baires.com\/wp-content\/uploads\/2012\/11\/enrique-miguel.jpg?resize=300%2C138&amp;ssl=1 300w\" sizes=\"auto, (max-width: 560px) 100vw, 560px\" \/><\/p>\n<p>El fiscal, Abel C\u00f3rdoba de ese distrito, solicit\u00f3 a la Justicia Federal la elevaci\u00f3n a juicio de una causa contra diez integrantes de las fuerzas armadas, en el marco de una investigaci\u00f3n por cr\u00edmenes de lesa humanidad cometidos en la dictadura.<!--more--><\/p>\n<p>El pedido ante el Juzgado Federal 1 abarca a un total de 48 v\u00edctimas, entre las que se encuentran los casos de los obreros gr\u00e1ficos Enrique Heinrich y Miguel Angel Loyola, quienes trabajaban en el diario La Nueva Provincia, y cuyos cuerpos fueron encontrados en las afueras de Bah\u00eda Blanca el 4 de julio de 1976.<\/p>\n<p>Desde la Unidad de Asistencia para causas por Violaciones a los Derechos Humanos se inform\u00f3 que \u201cal momento de los hechos, ambas v\u00edctimas desarrollaban actividad sindical en el gremio de gr\u00e1ficos\u201d.<\/p>\n<p>\u201cEn funci\u00f3n de ello, en la elevaci\u00f3n formulada se valor\u00f3 que sus privaciones ilegales de libertad, torturas y homicidios calificados tienen como denominador com\u00fan esa actividad sindical y en la relaci\u00f3n laboral\u201d, agregaron desde la Unidad.<\/p>\n<p>Seg\u00fan la investigaci\u00f3n judicial las v\u00edctimas, excepto los obreros gr\u00e1ficos, permanecieron en los centros clandestinos de detenci\u00f3n de la Base Naval de Puerto Belgrano y Base de Infanter\u00eda de Marina Bater\u00edas, ambas dependientes de la Armada.<\/p>\n","protected":false},"excerpt":{"rendered":"<p>El fiscal, Abel C\u00f3rdoba de ese distrito, solicit\u00f3 a la Justicia Federal la elevaci\u00f3n a juicio de una causa contra diez integrantes de las fuerzas armadas, en el marco de una investigaci\u00f3n por cr\u00edmenes de lesa humanidad cometidos en la dictadura.<\/p>\n","protected":false},"author":11,"featured_media":0,"comment_status":"open","ping_status":"open","sticky":false,"template":"","format":"standard","meta":{"_jetpack_newsletter_access":"","_jetpack_dont_email_post_to_subs":false,"_jetpack_newsletter_tier_id":0,"_jetpack_memberships_contains_paywalled_content":false,"_jetpack_memberships_contains_paid_content":false,"footnotes":""},"categories":[50],"tags":[],"class_list":["post-4824","post","type-post","status-publish","format-standard","hentry","category-memoria"],"jetpack_featured_media_url":"","jetpack_shortlink":"https:\/\/wp.me\/p2JWE0-1fO","jetpack-related-posts":[{"id":10332,"url":"https:\/\/www.24baires.com\/?p=10332","url_meta":{"origin":4824,"position":0},"title":"Elevan a Juicio Oral causa contra nueve imputados por delitos de Lesa Humanidad","author":"AF","date":"25\/12\/2012","format":false,"excerpt":"BAH\u00cdA BLANCA - Lo dispuso el juez federal ad hoc Eduardo Tentoni. Es en el marco de una investigaci\u00f3n por violaciones a los derechos humanos cometidas durante la \u00faltima dictadura militar en jurisdicci\u00f3n de la Armada Argentina. El juez federal ad hoc Eduardo Tentoni, a cargo del Juzgado Federal N\u00b01\u2026","rel":"","context":"En \u00abMemoria\u00bb","block_context":{"text":"Memoria","link":"https:\/\/www.24baires.com\/?cat=50"},"img":{"alt_text":"","src":"","width":0,"height":0},"classes":[]},{"id":120140,"url":"https:\/\/www.24baires.com\/?p=120140","url_meta":{"origin":4824,"position":1},"title":"Sobreseyeron a Vicente Massot en la causa por cr\u00edmenes de lesa humanidad","author":"AF","date":"31\/05\/2023","format":false,"excerpt":"Hab\u00eda sido indagado en 2014 y ahora el juez de Bah\u00eda Blanca Walter L\u00f3pez da Silva dice que no hay evidencia de su participaci\u00f3n en el secuestro y asesinato de dos obreros gr\u00e1ficos de La Nueva Provincia. La fiscal\u00eda confirm\u00f3 que recurrir\u00e1 la decisi\u00f3n. Una vez m\u00e1s, Vicente Massot, due\u00f1o\u2026","rel":"","context":"En \u00abJUDICIALES\u00bb","block_context":{"text":"JUDICIALES","link":"https:\/\/www.24baires.com\/?cat=68"},"img":{"alt_text":"","src":"https:\/\/i0.wp.com\/www.24baires.com\/wp-content\/uploads\/2023\/05\/massot.jpeg?resize=350%2C200","width":350,"height":200,"srcset":"https:\/\/i0.wp.com\/www.24baires.com\/wp-content\/uploads\/2023\/05\/massot.jpeg?resize=350%2C200 1x, https:\/\/i0.wp.com\/www.24baires.com\/wp-content\/uploads\/2023\/05\/massot.jpeg?resize=525%2C300 1.5x, https:\/\/i0.wp.com\/www.24baires.com\/wp-content\/uploads\/2023\/05\/massot.jpeg?resize=700%2C400 2x"},"classes":[]},{"id":120175,"url":"https:\/\/www.24baires.com\/?p=120175","url_meta":{"origin":4824,"position":2},"title":"Capuchetti elev\u00f3 a juicio oral la causa por el atentado contra Cristina","author":"AF","date":"12\/06\/2023","format":false,"excerpt":"La medida fue dispuesta despu\u00e9s que ninguna de las defensas de los detenidos presentara alguna objeci\u00f3n. La querella de la vicepresidenta hab\u00eda solicitado m\u00e1s medidas de prueba sobre la llamada \"pista Milman\", pero igual participar\u00e1 como parte acusadora. La jueza federal Mar\u00eda Eugenia Capuchetti dispuso este lunes la elevaci\u00f3n a\u2026","rel":"","context":"En \u00abJUDICIALES\u00bb","block_context":{"text":"JUDICIALES","link":"https:\/\/www.24baires.com\/?cat=68"},"img":{"alt_text":"","src":"https:\/\/i0.wp.com\/www.24baires.com\/wp-content\/uploads\/2022\/08\/todos-con-cristina.jpg?resize=350%2C200","width":350,"height":200,"srcset":"https:\/\/i0.wp.com\/www.24baires.com\/wp-content\/uploads\/2022\/08\/todos-con-cristina.jpg?resize=350%2C200 1x, https:\/\/i0.wp.com\/www.24baires.com\/wp-content\/uploads\/2022\/08\/todos-con-cristina.jpg?resize=525%2C300 1.5x, https:\/\/i0.wp.com\/www.24baires.com\/wp-content\/uploads\/2022\/08\/todos-con-cristina.jpg?resize=700%2C400 2x"},"classes":[]},{"id":61113,"url":"https:\/\/www.24baires.com\/?p=61113","url_meta":{"origin":4824,"position":3},"title":"Se reanuda el tercer juicio por delitos de lesa humanidad cometidos en Bah\u00eda Blanca","author":"AF","date":"02\/02\/2015","format":false,"excerpt":"El Tribunal Oral Federal de Bah\u00eda Blanca reanudar\u00e1 este martes el tercer juicio por delitos de lesa humanidad cometidos durante la \u00faltima dictadura, que juzga a 25 imputados por cr\u00edmenes en perjuicio de 66 v\u00edctimas en jurisdicci\u00f3n de la Armada y el Ej\u00e9rcito. Entre los 66 casos considerados en esta\u2026","rel":"","context":"En \u00abJUDICIALES\u00bb","block_context":{"text":"JUDICIALES","link":"https:\/\/www.24baires.com\/?cat=68"},"img":{"alt_text":"juicio lesa humanidad","src":"https:\/\/i0.wp.com\/www.24baires.com\/wp-content\/uploads\/2012\/11\/juicio-lesa-humanidad.jpg?resize=350%2C200","width":350,"height":200,"srcset":"https:\/\/i0.wp.com\/www.24baires.com\/wp-content\/uploads\/2012\/11\/juicio-lesa-humanidad.jpg?resize=350%2C200 1x, https:\/\/i0.wp.com\/www.24baires.com\/wp-content\/uploads\/2012\/11\/juicio-lesa-humanidad.jpg?resize=525%2C300 1.5x"},"classes":[]},{"id":48461,"url":"https:\/\/www.24baires.com\/?p=48461","url_meta":{"origin":4824,"position":4},"title":"Habr\u00e1 nueve juicios por cr\u00edmenes de Lesa Humanidad en el segundo semestre","author":"AF","date":"21\/06\/2014","format":false,"excerpt":"As\u00ed lo inform\u00f3 la Procuradur\u00eda de Cr\u00edmenes contra la Humanidad. El 2 de julio empieza el primero. El 8 de julio se dar\u00e1 inicio a tres juicios: uno sobre los cr\u00edmenes de Campo de Mayo, otro en Bah\u00eda Blanca y otro en Capital Federal. En agosto y septiembre hay otros\u2026","rel":"","context":"En \u00abMemoria\u00bb","block_context":{"text":"Memoria","link":"https:\/\/www.24baires.com\/?cat=50"},"img":{"alt_text":"juicio lesa humanidad","src":"https:\/\/i0.wp.com\/www.24baires.com\/wp-content\/uploads\/2012\/11\/juicio-lesa-humanidad.jpg?resize=350%2C200","width":350,"height":200,"srcset":"https:\/\/i0.wp.com\/www.24baires.com\/wp-content\/uploads\/2012\/11\/juicio-lesa-humanidad.jpg?resize=350%2C200 1x, https:\/\/i0.wp.com\/www.24baires.com\/wp-content\/uploads\/2012\/11\/juicio-lesa-humanidad.jpg?resize=525%2C300 1.5x"},"classes":[]},{"id":75677,"url":"https:\/\/www.24baires.com\/?p=75677","url_meta":{"origin":4824,"position":5},"title":"Bah\u00eda Blanca: Prisi\u00f3n perpetua a 18 ex integrantes de la Armada","author":"GB","date":"26\/11\/2015","format":false,"excerpt":"Adem\u00e1s, se hizo lugar al pedido de los fiscales de que todos los delitos sean declarados de lesa humanidad y que el veredicto sea publicado en La Nueva Provincia. La Unidad Fiscal de Derechos Humanos hab\u00eda pedido las penas que dispuso el tribunal. Los represores estaban acusados por privaci\u00f3n ilegal\u2026","rel":"","context":"En \u00abMemoria\u00bb","block_context":{"text":"Memoria","link":"https:\/\/www.24baires.com\/?cat=50"},"img":{"alt_text":"causa bahia","src":"https:\/\/i0.wp.com\/www.24baires.com\/wp-content\/uploads\/2015\/11\/causa-bahia-300x300.jpg?resize=350%2C200","width":350,"height":200},"classes":[]}],"jetpack_sharing_enabled":true,"jetpack_likes_enabled":true,"_links":{"self":[{"href":"https:\/\/www.24baires.com\/index.php?rest_route=\/wp\/v2\/posts\/4824","targetHints":{"allow":["GET"]}}],"collection":[{"href":"https:\/\/www.24baires.com\/index.php?rest_route=\/wp\/v2\/posts"}],"about":[{"href":"https:\/\/www.24baires.com\/index.php?rest_route=\/wp\/v2\/types\/post"}],"author":[{"embeddable":true,"href":"https:\/\/www.24baires.com\/index.php?rest_route=\/wp\/v2\/users\/11"}],"replies":[{"embeddable":true,"href":"https:\/\/www.24baires.com\/index.php?rest_route=%2Fwp%2Fv2%2Fcomments&post=4824"}],"version-history":[{"count":2,"href":"https:\/\/www.24baires.com\/index.php?rest_route=\/wp\/v2\/posts\/4824\/revisions"}],"predecessor-version":[{"id":4827,"href":"https:\/\/www.24baires.com\/index.php?rest_route=\/wp\/v2\/posts\/4824\/revisions\/4827"}],"wp:attachment":[{"href":"https:\/\/www.24baires.com\/index.php?rest_route=%2Fwp%2Fv2%2Fmedia&parent=4824"}],"wp:term":[{"taxonomy":"category","embeddable":true,"href":"https:\/\/www.24baires.com\/index.php?rest_route=%2Fwp%2Fv2%2Fcategories&post=4824"},{"taxonomy":"post_tag","embeddable":true,"href":"https:\/\/www.24baires.com\/index.php?rest_route=%2Fwp%2Fv2%2Ftags&post=4824"}],"curies":[{"name":"wp","href":"https:\/\/api.w.org\/{rel}","templated":true}]}}