{"id":4822,"date":"2012-11-09T11:58:06","date_gmt":"2012-11-09T14:58:06","guid":{"rendered":"http:\/\/www.24baires.com\/?p=4822"},"modified":"2012-11-09T11:58:06","modified_gmt":"2012-11-09T14:58:06","slug":"intervinieron-judicialmente-la-concesion-de-la-autopista-buenos-aires-la-plata","status":"publish","type":"post","link":"https:\/\/www.24baires.com\/?p=4822","title":{"rendered":"Intervinieron judicialmente la concesi\u00f3n de la Autopista Buenos Aires-La Plata"},"content":{"rendered":"<p>Mediante un fallo \u00a0que fue firmado por el juez federal de Quilmes, Luis Armella, tambi\u00e9n se prev\u00e9 la realizaci\u00f3n de una auditoria a la empresa Coviares, raz\u00f3n por la cual fue designado un interventor para que confeccione un informo t\u00e9cnico-financiero para verificar el estado contable de la empresa y sus recursos.<!--more--><\/p>\n<p>Un fallo judicial, firmado por el juez federal de Quilmes, Luis Armella dispuso que los peajes de la Autopista aumentar\u00edan a los valores de diciembre pasado. Asimismo, el fallo tambi\u00e9n prev\u00e9 la realizaci\u00f3n de una auditor\u00eda a la empresa concesionaria Coviares, en el marco de la causa que impulsan desde hace varios meses legisladores de la Regi\u00f3n y entidades de defensa de los consumidores con el objetivo de lograr la concreci\u00f3n de tareas de mantenimiento y obras de infraestructura inconclusas.<\/p>\n<p>El documento, designa un interventor que confeccionar\u00e1 un informe t\u00e9cnico-financiero con miras a verificar el estado contable de Coviares y sus recursos, y que adem\u00e1s programar\u00e1 \u201cla efectiva ejecuci\u00f3n, en el menor tiempo posible y de conformidad con los requisitos t\u00e9cnicos de calidad exigidos por la autoridad de aplicaci\u00f3n\u201d de un conjunto de trabajos pendientes a los que la firma, se subraya, \u201cest\u00e1 obligada conforme el contrato de concesi\u00f3n\u201d.<\/p>\n<p>En esa n\u00f3mina se incluyen, entre otros, el tercer y cuarto carril de los tramos Debenedetti-Quilmes, Quilmes-Hudson y Hudson-La Plata; el distribuidor de 520 y 120, en la \u00a0ciudad capital de la provincia; el distribuidor de Villa Elisa, a la altura del Parque Ecol\u00f3gico; la carpeta asf\u00e1ltica de banquina externa en el tramo Hudson-La Plata; y la repavimentaci\u00f3n y se\u00f1alizaci\u00f3n de diferentes sectores caracterizados como \u201cen estado de abandono\u201d.<\/p>\n<p>En tanto se asegur\u00f3 que los incrementos fueron suspendidos oportunamente por Armella, quien retrotrajo el cuadro tarifario a octubre de 2010. Ahora, el magistrado supedita la eventual liberaci\u00f3n total y progresiva de las tarifas al \u201cgrado de cumplimiento en la ejecuci\u00f3n de las obras y lo informado por el interventor\u201d.<\/p>\n<p>Y fij\u00f3 el punto de partida de ese proceso en el momento en que veedor nombrado, Humberto Fernando Ferrarini, presente su primer estudio. Entonces, consigna el magistrado, \u201cse aumentar\u00e1 la tarifa de peaje a los valores previstos en el cuadro tarifario que como anexo IV acompa\u00f1a a la Resoluci\u00f3n OCCOVI N\u00ba 344\/2011, de fecha 1\u00ba de diciembre de 2011\u201d.<\/p>\n","protected":false},"excerpt":{"rendered":"<p>Mediante un fallo \u00a0que fue firmado por el juez federal de Quilmes, Luis Armella, tambi\u00e9n se prev\u00e9 la realizaci\u00f3n de una auditoria a la empresa Coviares, raz\u00f3n por la cual fue designado un interventor para que confeccione un informo t\u00e9cnico-financiero para verificar el estado contable de la empresa y sus recursos.<\/p>\n","protected":false},"author":11,"featured_media":0,"comment_status":"open","ping_status":"open","sticky":false,"template":"","format":"standard","meta":{"_jetpack_newsletter_access":"","_jetpack_dont_email_post_to_subs":false,"_jetpack_newsletter_tier_id":0,"_jetpack_memberships_contains_paywalled_content":false,"_jetpack_memberships_contains_paid_content":false,"footnotes":""},"categories":[40],"tags":[],"class_list":["post-4822","post","type-post","status-publish","format-standard","hentry","category-provincia"],"jetpack_featured_media_url":"","jetpack_shortlink":"https:\/\/wp.me\/p2JWE0-1fM","jetpack-related-posts":[{"id":4533,"url":"https:\/\/www.24baires.com\/?p=4533","url_meta":{"origin":4822,"position":0},"title":"Denunciaron penalmente al Juez que deb\u00eda remediar la cuenca Matanza-Riachuelo","author":"Grupo Sierra","date":"05\/11\/2012","format":false,"excerpt":"El Gobierno denunci\u00f3 al juez y pidi\u00f3 su juicio pol\u00edtico por \"mal desempe\u00f1o de sus funciones\", debido a las irregularidades en contrataciones de las obras de saneamiento de la cuenca Matanza-Riachuelo. Armella, titular del Juzgado Federal de Primera Instancia de Quilmes, fue designado por la Corte Suprema de Justicia en\u2026","rel":"","context":"En \u00abPol\u00edtica\u00bb","block_context":{"text":"Pol\u00edtica","link":"https:\/\/www.24baires.com\/?cat=51"},"img":{"alt_text":"","src":"","width":0,"height":0},"classes":[]},{"id":8675,"url":"https:\/\/www.24baires.com\/?p=8675","url_meta":{"origin":4822,"position":1},"title":"Avanzan las negociaciones para el traspaso de la autopista La Plata-Buenos Aires","author":"AF","date":"11\/12\/2012","format":false,"excerpt":"La posibilidad de que el gobierno bonaerense cuente con el respaldo necesario para hacerse cargo de la Autopista La Plata-Buenos Aires, dio este lunes un paso clave en la Legislatura. Si bien reclamaron una serie de condiciones, sectores de la oposici\u00f3n anunciaron que estar\u00edan dispuestos a acompa\u00f1ar al Frente para\u2026","rel":"","context":"En \u00abPol\u00edtica\u00bb","block_context":{"text":"Pol\u00edtica","link":"https:\/\/www.24baires.com\/?cat=51"},"img":{"alt_text":"","src":"https:\/\/i0.wp.com\/www.24baires.com\/wp-content\/uploads\/2012\/12\/autopista-bs-lp-300x209.jpg?resize=350%2C200","width":350,"height":200},"classes":[]},{"id":11763,"url":"https:\/\/www.24baires.com\/?p=11763","url_meta":{"origin":4822,"position":2},"title":"Arl\u00eda: \u00abdesde hace a\u00f1os, Coviares nos boludea a todos: usuarios, trabajadores y Estado\u00bb","author":"AF","date":"10\/01\/2013","format":false,"excerpt":"El ministro de Infraestructura bonaerense responsabiliz\u00f3 a la empresa por el paro que los trabajadores de peaje realizan desde el martes en Hudson y Dock Sud. \"Me voy a encargar de que cumplan con sus obligaciones o rescindirles el contrato\u201d, advirti\u00f3 el funcionario. Al cumplirse la tercera jornada de paro\u2026","rel":"","context":"En \u00abSociedad\u00bb","block_context":{"text":"Sociedad","link":"https:\/\/www.24baires.com\/?cat=1"},"img":{"alt_text":"","src":"","width":0,"height":0},"classes":[]},{"id":98057,"url":"https:\/\/www.24baires.com\/?p=98057","url_meta":{"origin":4822,"position":3},"title":"Procesaron con prisi\u00f3n preventiva al \u00abPata\u00bb Medina","author":"GB","date":"13\/10\/2017","format":false,"excerpt":"El dirigente sindicales sum\u00f3 otro procesamiento en su contra. Lo dispuso el juez federal de Quilmes, Luis Armella, por asociaci\u00f3n il\u00edcita, lavado de dinero y extorsi\u00f3n. La medida tambi\u00e9n alcanz\u00f3 a su testaferro, uno de sus hijos y a su cu\u00f1ado. El dirigente sindical Juan Pablo \"Pata\" Medina fue nuevamente\u2026","rel":"","context":"En \u00abPol\u00edtica\u00bb","block_context":{"text":"Pol\u00edtica","link":"https:\/\/www.24baires.com\/?cat=51"},"img":{"alt_text":"","src":"https:\/\/i0.wp.com\/www.24baires.com\/wp-content\/uploads\/2017\/10\/pata-medina.jpg?resize=350%2C200","width":350,"height":200,"srcset":"https:\/\/i0.wp.com\/www.24baires.com\/wp-content\/uploads\/2017\/10\/pata-medina.jpg?resize=350%2C200 1x, https:\/\/i0.wp.com\/www.24baires.com\/wp-content\/uploads\/2017\/10\/pata-medina.jpg?resize=525%2C300 1.5x"},"classes":[]},{"id":8998,"url":"https:\/\/www.24baires.com\/?p=8998","url_meta":{"origin":4822,"position":4},"title":"Se aprob\u00f3 el traspaso de la Autopista La Plata-Buenos Aires a la Provincia","author":"Grupo Sierra","date":"13\/12\/2012","format":false,"excerpt":"LA PLATA- La C\u00e1mara de Diputados bonaerense aprob\u00f3 este jueves el traspaso de la Autopista La Plata-Buenos Aires a la \u00f3rbita provincial, que era gestionada por Naci\u00f3n a trav\u00e9s de la empresa Coviares. Antes de aprobar la norma, se produjo un acalorado debate entre diputados oficialistas y de la oposici\u00f3n.\u2026","rel":"","context":"En \u00abProvincia\u00bb","block_context":{"text":"Provincia","link":"https:\/\/www.24baires.com\/?cat=40"},"img":{"alt_text":"","src":"https:\/\/i0.wp.com\/www.24baires.com\/wp-content\/uploads\/2012\/12\/autopista_bs_as_la_plata.jpg?resize=350%2C200","width":350,"height":200,"srcset":"https:\/\/i0.wp.com\/www.24baires.com\/wp-content\/uploads\/2012\/12\/autopista_bs_as_la_plata.jpg?resize=350%2C200 1x, https:\/\/i0.wp.com\/www.24baires.com\/wp-content\/uploads\/2012\/12\/autopista_bs_as_la_plata.jpg?resize=525%2C300 1.5x"},"classes":[]},{"id":1631,"url":"https:\/\/www.24baires.com\/?p=1631","url_meta":{"origin":4822,"position":5},"title":"Traspaso a Provincia de Autopista Buenos Aires-La Plata tras incumplimiento de concesionaria","author":"AF","date":"10\/10\/2012","format":false,"excerpt":"El convenio se suscribi\u00f3 en la sede del Palacio de Hacienda de la Naci\u00f3n. \"El traspaso nos permitir\u00e1 seguir redise\u00f1ando la red vial de Buenos Aires con obras como la ruta 6 y la autopista Presidente Per\u00f3n\u201d, dijo el gobernador Daniel Scioli. Construir\u00e1n nuevos carriles en el tramo de Quilmes\u2026","rel":"","context":"En \u00abProvincia\u00bb","block_context":{"text":"Provincia","link":"https:\/\/www.24baires.com\/?cat=40"},"img":{"alt_text":"","src":"","width":0,"height":0},"classes":[]}],"jetpack_sharing_enabled":true,"jetpack_likes_enabled":true,"_links":{"self":[{"href":"https:\/\/www.24baires.com\/index.php?rest_route=\/wp\/v2\/posts\/4822","targetHints":{"allow":["GET"]}}],"collection":[{"href":"https:\/\/www.24baires.com\/index.php?rest_route=\/wp\/v2\/posts"}],"about":[{"href":"https:\/\/www.24baires.com\/index.php?rest_route=\/wp\/v2\/types\/post"}],"author":[{"embeddable":true,"href":"https:\/\/www.24baires.com\/index.php?rest_route=\/wp\/v2\/users\/11"}],"replies":[{"embeddable":true,"href":"https:\/\/www.24baires.com\/index.php?rest_route=%2Fwp%2Fv2%2Fcomments&post=4822"}],"version-history":[{"count":1,"href":"https:\/\/www.24baires.com\/index.php?rest_route=\/wp\/v2\/posts\/4822\/revisions"}],"predecessor-version":[{"id":4823,"href":"https:\/\/www.24baires.com\/index.php?rest_route=\/wp\/v2\/posts\/4822\/revisions\/4823"}],"wp:attachment":[{"href":"https:\/\/www.24baires.com\/index.php?rest_route=%2Fwp%2Fv2%2Fmedia&parent=4822"}],"wp:term":[{"taxonomy":"category","embeddable":true,"href":"https:\/\/www.24baires.com\/index.php?rest_route=%2Fwp%2Fv2%2Fcategories&post=4822"},{"taxonomy":"post_tag","embeddable":true,"href":"https:\/\/www.24baires.com\/index.php?rest_route=%2Fwp%2Fv2%2Ftags&post=4822"}],"curies":[{"name":"wp","href":"https:\/\/api.w.org\/{rel}","templated":true}]}}