{"id":4819,"date":"2012-11-09T11:45:22","date_gmt":"2012-11-09T14:45:22","guid":{"rendered":"http:\/\/www.24baires.com\/?p=4819"},"modified":"2012-11-09T11:45:22","modified_gmt":"2012-11-09T14:45:22","slug":"incaa-tv-360-tv-y-argentinisima-satelital-deberan-estar-en-la-grilla-de-los-cables","status":"publish","type":"post","link":"https:\/\/www.24baires.com\/?p=4819","title":{"rendered":"INCAA TV, 360 TV y Argentin\u00edsima Satelital deber\u00e1n estar en la grilla de los cables"},"content":{"rendered":"<div class=\"alignleft\"><object width=\"280\" height=\"210\" classid=\"clsid:d27cdb6e-ae6d-11cf-96b8-444553540000\" codebase=\"http:\/\/download.macromedia.com\/pub\/shockwave\/cabs\/flash\/swflash.cab#version=6,0,40,0\"><param name=\"allowFullScreen\" value=\"true\" \/><param name=\"allowscriptaccess\" value=\"always\" \/><param name=\"src\" value=\"http:\/\/www.youtube.com\/v\/AUunSDPkK7Y?version=3&amp;hl=es_ES;rel=0;showinfo=0;controls=0\" \/><param name=\"allowfullscreen\" value=\"true\" \/><\/object><\/div>\n<p>La Autoridad Federal de Servicios de Comunicaci\u00f3n Audiovisual (AFSCA) dispuso ampliar la grilla de canales de TV por cable, incluyendo las se\u00f1ales 360TV y Argentin\u00edsima Satelital, a continuaci\u00f3n de CN23, y a Incaa TV primera en el bloque de su g\u00e9nero por ser producida por el Estado Nacional.<!--more--><br \/>\nLa AFSCA, a traves de la resoluci\u00f3n 1675 publicada hoy en el Bolet\u00edn Oficial, dispuso ampliar la grilla de canales de TV incluyendo las se\u00f1ales G360TV y Argentin\u00edsima Satelital, a continuaci\u00f3n de la se\u00f1al CN23; y a Incaa TV, primera en el bloque de su g\u00e9nero por ser producida por el Estado Nacional.<br \/>\nLos resolvi\u00f3 en los t\u00e9rminos del Art\u00edculo 65 de la Ley de Medios que establece que \u00ablos servicios de televisi\u00f3n por suscripci\u00f3n de recepci\u00f3n fija deber\u00e1n incluir sin codificar las emisiones y se\u00f1ales de Radio Televisi\u00f3n Argentina Sociedad del Estado, todas las emisoras y se\u00f1ales p\u00fablicas del Estado nacional y en todas aquellas en las que el Estado nacional tenga participaci\u00f3n\u00bb.<br \/>\nAdem\u00e1s deber\u00e1n ordenar su grilla de programaci\u00f3n de forma tal que todas las se\u00f1ales correspondientes al mismo g\u00e9nero se encuentren ubicadas en forma correlativa y ordenar su presentaci\u00f3n en la grilla conforme la reglamentaci\u00f3n que a tal efecto se dicte, dando prioridad a las se\u00f1ales locales, regionales y nacionales.<br \/>\nLa resoluci\u00f3n lleva la firma del titular de la Afsca, Mart\u00edn Sabbatella, y en los considerandos explica que el director ejecutivo de la se\u00f1al Incaa TV solicit\u00f3 el dictado de una medida que haga menci\u00f3n expresa de la obligatoriedad de los servicios de recepci\u00f3n fija de incluir al canal INCAA TV en la grilla de los programadores.<br \/>\nDestaca que \u00abla se\u00f1al de cine y series del Instituto Nacional de Cine y Artes Audiovisuales (Incaa), ente p\u00fablico no estatal, tiene como objetivo prioritario la difusi\u00f3n de pel\u00edculas de la cinematograf\u00eda nacional en sus distintos g\u00e9neros y formatos, as\u00ed como la inclusi\u00f3n de ciclos de cine latinoamericano y presentaciones especiales de filmes relevantes de producci\u00f3n mundial\u00bb.<br \/>\nAgrega que \u00abla Direcci\u00f3n Nacional de Gesti\u00f3n, Administraci\u00f3n y Desarrollo de Servicios Audiovisuales inform\u00f3 que la se\u00f1al \u201cIncaa TV\u201d se encuentra debidamente inscripta en el Registro P\u00fablico de Se\u00f1ales y Productoras de conformidad con lo normado por Decreto N\u00ba 904\/10\u00bb.<br \/>\nAsimismo inform\u00f3 \u00abque \u201cG360\u201d y \u201cArgentin\u00edsima Satelital\u201d deben considerarse se\u00f1ales de noticias nacionales, susceptibles de ser incorporadas en las grillas de programaci\u00f3n de los servicios de comunicaci\u00f3n audiovisual por suscripci\u00f3n\u00bb.<br \/>\nLa Direcci\u00f3n Nacional de Gesti\u00f3n inform\u00f3 que dichas se\u00f1ales se encuentran debidamente inscriptas en el Registro P\u00fablico de Se\u00f1ales y Productoras, de conformidad con lo normado por Decreto N\u00ba 904\/10.<br \/>\nDestaca que, a fin de garantizar la pluralidad de opiniones y el derecho a la libre expresi\u00f3n, que surgen no solamente del texto de la Ley de Medios, sino que tambi\u00e9n se encuentran amparados por la Constituci\u00f3n Nacional, resulta necesario incorporar se\u00f1ales de noticias nacionales, que reflejen el acontecer diario de la Rep\u00fablica Argentina.<\/p>\n","protected":false},"excerpt":{"rendered":"<p>La Autoridad Federal de Servicios de Comunicaci\u00f3n Audiovisual (AFSCA) dispuso ampliar la grilla de canales de TV por cable, incluyendo las se\u00f1ales 360TV y Argentin\u00edsima Satelital, a continuaci\u00f3n de CN23, y a Incaa TV primera en el bloque de su g\u00e9nero por ser producida por el Estado Nacional.<\/p>\n","protected":false},"author":11,"featured_media":0,"comment_status":"open","ping_status":"open","sticky":false,"template":"","format":"standard","meta":{"_jetpack_newsletter_access":"","_jetpack_dont_email_post_to_subs":false,"_jetpack_newsletter_tier_id":0,"_jetpack_memberships_contains_paywalled_content":false,"_jetpack_memberships_contains_paid_content":false,"footnotes":""},"categories":[54],"tags":[],"class_list":["post-4819","post","type-post","status-publish","format-standard","hentry","category-medios"],"jetpack_featured_media_url":"","jetpack_shortlink":"https:\/\/wp.me\/p2JWE0-1fJ","jetpack-related-posts":[{"id":39480,"url":"https:\/\/www.24baires.com\/?p=39480","url_meta":{"origin":4819,"position":0},"title":"Afsca reiter\u00f3 los criterios de la adecuaci\u00f3n de las grillas de televisi\u00f3n","author":"GB","date":"29\/01\/2014","format":false,"excerpt":"La Autoridad Federal de Servicios de Comunicaci\u00f3n Audiovisual reiter\u00f3 que todos los operadores de televisi\u00f3n por cable de Argentina deben realizar la totalidad de los cambios necesarios para adecuar sus grillas de canales. En consecuencia, las operadoras deben incluir de forma obligatoria en sus programaciones -tanto en el sistema anal\u00f3gico\u2026","rel":"","context":"En \u00abMedios\u00bb","block_context":{"text":"Medios","link":"https:\/\/www.24baires.com\/?cat=54"},"img":{"alt_text":"","src":"","width":0,"height":0},"classes":[]},{"id":62312,"url":"https:\/\/www.24baires.com\/?p=62312","url_meta":{"origin":4819,"position":1},"title":"DirecTV sum\u00f3 canales a su grilla tras el reclamo de la audiencia","author":"AF","date":"26\/02\/2015","format":false,"excerpt":"La Defensor\u00eda del P\u00fablico recibi\u00f3 80 presentaciones que reclamaban la incorporaci\u00f3n de se\u00f1ales. La empresa DirecTV agreg\u00f3 a su grilla PakaPaka, INCAA TV, DeporTV y 360TV. La empresa DirecTV incorpor\u00f3 a su grilla las se\u00f1ales de PakaPaka, INCAA TV, DeporTV y 360TV. Lo hizo luego de que las audiencias presentaran\u2026","rel":"","context":"En \u00abSociedad\u00bb","block_context":{"text":"Sociedad","link":"https:\/\/www.24baires.com\/?cat=1"},"img":{"alt_text":"ZAMBA PAKA","src":"https:\/\/i0.wp.com\/www.24baires.com\/wp-content\/uploads\/2015\/02\/ZAMBA-PAKA.jpg?resize=350%2C200","width":350,"height":200,"srcset":"https:\/\/i0.wp.com\/www.24baires.com\/wp-content\/uploads\/2015\/02\/ZAMBA-PAKA.jpg?resize=350%2C200 1x, https:\/\/i0.wp.com\/www.24baires.com\/wp-content\/uploads\/2015\/02\/ZAMBA-PAKA.jpg?resize=525%2C300 1.5x"},"classes":[]},{"id":38937,"url":"https:\/\/www.24baires.com\/?p=38937","url_meta":{"origin":4819,"position":2},"title":"El d\u00eda esperado: Clar\u00edn anunci\u00f3 que por fin reordenar\u00e1 la grilla","author":"Grupo Sierra","date":"21\/01\/2014","format":false,"excerpt":"Mart\u00edn Sabbatella confirm\u00f3 que el Grupo organizar\u00e1 la grilla con la inclusi\u00f3n de los actores a los que el multimedio hab\u00eda decidido excluir de Cablevisi\u00f3n. El Grupo Clar\u00edn present\u00f3 dos notas a la Autoridad Federal de Servicios de Comunicaci\u00f3n Audiovisual (AFSCA) en la que se comprometi\u00f3 a incluir en la\u2026","rel":"","context":"En \u00abGeneral\u00bb","block_context":{"text":"General","link":"https:\/\/www.24baires.com\/?cat=67"},"img":{"alt_text":"sabatella locura","src":"https:\/\/i0.wp.com\/www.24baires.com\/wp-content\/uploads\/2012\/11\/sabatella-locura.jpg?resize=350%2C200","width":350,"height":200,"srcset":"https:\/\/i0.wp.com\/www.24baires.com\/wp-content\/uploads\/2012\/11\/sabatella-locura.jpg?resize=350%2C200 1x, https:\/\/i0.wp.com\/www.24baires.com\/wp-content\/uploads\/2012\/11\/sabatella-locura.jpg?resize=525%2C300 1.5x"},"classes":[]},{"id":37222,"url":"https:\/\/www.24baires.com\/?p=37222","url_meta":{"origin":4819,"position":3},"title":"Sabbatella dijo sobre Clar\u00edn: \u00abno se puede cumplir con un pedacito de la ley\u00bb","author":"GB","date":"20\/12\/2013","format":false,"excerpt":"El titular de la Autoridad Federal de Servicios de Comunicaci\u00f3n Audiovisual (AFSCA), Mart\u00edn Sabbatella, dijo hoy que \u201cno se puede presentar un plan de adecuaci\u00f3n mostrando voluntad de cumplir la ley cuando no lo est\u00e1n haciendo en otros aspectos de esa misma norma\u201d, y grafic\u00f3 que \u201cno se puede cumplir\u2026","rel":"","context":"En \u00abMedios\u00bb","block_context":{"text":"Medios","link":"https:\/\/www.24baires.com\/?cat=54"},"img":{"alt_text":"sabbatella post fallo","src":"https:\/\/i0.wp.com\/www.24baires.com\/wp-content\/uploads\/2012\/12\/sabbatella-post-fallo-300x200.jpg?resize=350%2C200","width":350,"height":200},"classes":[]},{"id":31575,"url":"https:\/\/www.24baires.com\/?p=31575","url_meta":{"origin":4819,"position":4},"title":"\u201cAlg\u00fan d\u00eda, Clar\u00edn va a tener que cumplir con la ley\u201d","author":"GB","date":"09\/09\/2013","format":false,"excerpt":"As\u00ed lo afirm\u00f3 Carlos Vicente al referirse al fallo que obliga a Cablevisi\u00f3n a incluir en su grilla de programaci\u00f3n a la se\u00f1al cba24n de los Servicios de Radio y Televisi\u00f3n (SRT) de la Universidad Nacional de C\u00f3rdoba (UNC). El titular local de la Afsca, Carlos Vicente, afirm\u00f3 que \u201calg\u00fan\u2026","rel":"","context":"En \u00abPol\u00edtica\u00bb","block_context":{"text":"Pol\u00edtica","link":"https:\/\/www.24baires.com\/?cat=51"},"img":{"alt_text":"","src":"","width":0,"height":0},"classes":[]},{"id":54454,"url":"https:\/\/www.24baires.com\/?p=54454","url_meta":{"origin":4819,"position":5},"title":"Cablevisi\u00f3n incorpor\u00f3 a Cba24n a la grilla de programaci\u00f3n de C\u00f3rdoba","author":"GB","date":"29\/09\/2014","format":false,"excerpt":"Tras tres a\u00f1os y medio de reclamos judiciales, la empresa de cable del Grupo Clar\u00edn acat\u00f3 finalmente la orden del juez federal S\u00e1nchez Freytes y subi\u00f3 la se\u00f1al de la Universidad de C\u00f3rdoba al canal 16 de la grilla. De incumplir la medida, la Justicia hab\u00eda ordenado \u201callanar dependencias\u201d y\u2026","rel":"","context":"En \u00abMedios\u00bb","block_context":{"text":"Medios","link":"https:\/\/www.24baires.com\/?cat=54"},"img":{"alt_text":"","src":"","width":0,"height":0},"classes":[]}],"jetpack_sharing_enabled":true,"jetpack_likes_enabled":true,"_links":{"self":[{"href":"https:\/\/www.24baires.com\/index.php?rest_route=\/wp\/v2\/posts\/4819","targetHints":{"allow":["GET"]}}],"collection":[{"href":"https:\/\/www.24baires.com\/index.php?rest_route=\/wp\/v2\/posts"}],"about":[{"href":"https:\/\/www.24baires.com\/index.php?rest_route=\/wp\/v2\/types\/post"}],"author":[{"embeddable":true,"href":"https:\/\/www.24baires.com\/index.php?rest_route=\/wp\/v2\/users\/11"}],"replies":[{"embeddable":true,"href":"https:\/\/www.24baires.com\/index.php?rest_route=%2Fwp%2Fv2%2Fcomments&post=4819"}],"version-history":[{"count":2,"href":"https:\/\/www.24baires.com\/index.php?rest_route=\/wp\/v2\/posts\/4819\/revisions"}],"predecessor-version":[{"id":4821,"href":"https:\/\/www.24baires.com\/index.php?rest_route=\/wp\/v2\/posts\/4819\/revisions\/4821"}],"wp:attachment":[{"href":"https:\/\/www.24baires.com\/index.php?rest_route=%2Fwp%2Fv2%2Fmedia&parent=4819"}],"wp:term":[{"taxonomy":"category","embeddable":true,"href":"https:\/\/www.24baires.com\/index.php?rest_route=%2Fwp%2Fv2%2Fcategories&post=4819"},{"taxonomy":"post_tag","embeddable":true,"href":"https:\/\/www.24baires.com\/index.php?rest_route=%2Fwp%2Fv2%2Ftags&post=4819"}],"curies":[{"name":"wp","href":"https:\/\/api.w.org\/{rel}","templated":true}]}}