{"id":4816,"date":"2012-11-09T11:35:13","date_gmt":"2012-11-09T14:35:13","guid":{"rendered":"http:\/\/www.24baires.com\/?p=4816"},"modified":"2012-11-09T11:35:13","modified_gmt":"2012-11-09T14:35:13","slug":"la-provincia-adhirio-a-la-ley-nacional-de-desarmaderos","status":"publish","type":"post","link":"https:\/\/www.24baires.com\/?p=4816","title":{"rendered":"La Provincia adhiri\u00f3 a la ley nacional de desarmaderos"},"content":{"rendered":"<p>La C\u00e1mara de Diputados bonaerense aprob\u00f3 ayer un proyecto por el que la Provincia adhiere a las disposiciones de la Ley Nacional sobre Desarmado de Automotores y Venta de sus Autopartes, que establece una fuerte regulaci\u00f3n a esa actividad. Ahora, la iniciativa fue enviada al Senado para su sanci\u00f3n final.<!--more--><\/p>\n<p>Los fundamentos del proyecto enviado por Scioli a la Legislatura contiene cr\u00edticas al Poder Judicial, al sostener que \u201calgunos jueces y fiscales provinciales han entendido que la ley nacional resulta parcialmente aplicable al territorio bonaerense, en especial en aquellos aspectos vinculados a lo que podr\u00eda entenderse como derecho penal\u201d.<\/p>\n<p>La Ley Nacional sancionada en 2003 regula el desarmado de veh\u00edculos y venta de autopartes usadas. La norma establece que todos los locales que se dediquen a la venta o comercializaci\u00f3n de autopartes usadas deben estar previamente habilitados por la Autoridad Nacional de Aplicaci\u00f3n y se exige asimismo que cada una de las autopartes cuente con un sticker identificatorio que entrega la autoridad nacional previa demostraci\u00f3n del origen del repuesto o pieza que se trate.<\/p>\n<p>Es decir, se proh\u00edbe la venta de autopartes usadas, salvo en locales debidamente registrados y respecto de repuestos cuyo origen leg\u00edtimo se encuentre suficientemente acreditado.<\/p>\n","protected":false},"excerpt":{"rendered":"<p>La C\u00e1mara de Diputados bonaerense aprob\u00f3 ayer un proyecto por el que la Provincia adhiere a las disposiciones de la Ley Nacional sobre Desarmado de Automotores y Venta de sus Autopartes, que establece una fuerte regulaci\u00f3n a esa actividad. Ahora, la iniciativa fue enviada al Senado para su sanci\u00f3n final.<\/p>\n","protected":false},"author":11,"featured_media":0,"comment_status":"open","ping_status":"open","sticky":false,"template":"","format":"standard","meta":{"_jetpack_newsletter_access":"","_jetpack_dont_email_post_to_subs":false,"_jetpack_newsletter_tier_id":0,"_jetpack_memberships_contains_paywalled_content":false,"_jetpack_memberships_contains_paid_content":false,"footnotes":""},"categories":[40],"tags":[],"class_list":["post-4816","post","type-post","status-publish","format-standard","hentry","category-provincia"],"jetpack_featured_media_url":"","jetpack_shortlink":"https:\/\/wp.me\/p2JWE0-1fG","jetpack-related-posts":[{"id":105828,"url":"https:\/\/www.24baires.com\/?p=105828","url_meta":{"origin":4816,"position":0},"title":"A partir de enero, Arba clausurar\u00e1 comercios que no tengan posnet","author":"AF","date":"09\/12\/2018","format":false,"excerpt":"La Agencia de Recaudaci\u00f3n de Buenos Aires (ARBA) estar\u00e1 facultada, a partir del a\u00f1o entrante, para aplicar sanciones que llegan hasta la clausura a los comercios de la provincia que no tengan disponible el sistema de posnet para sus clientes, que es obligatorio desde este a\u00f1o. Aunque a\u00fan no se\u2026","rel":"","context":"En \u00abSociedad\u00bb","block_context":{"text":"Sociedad","link":"https:\/\/www.24baires.com\/?cat=1"},"img":{"alt_text":"","src":"https:\/\/i0.wp.com\/www.24baires.com\/wp-content\/uploads\/2014\/07\/tarjeta-de-credito-post-net.jpg?resize=350%2C200","width":350,"height":200,"srcset":"https:\/\/i0.wp.com\/www.24baires.com\/wp-content\/uploads\/2014\/07\/tarjeta-de-credito-post-net.jpg?resize=350%2C200 1x, https:\/\/i0.wp.com\/www.24baires.com\/wp-content\/uploads\/2014\/07\/tarjeta-de-credito-post-net.jpg?resize=525%2C300 1.5x"},"classes":[]},{"id":4796,"url":"https:\/\/www.24baires.com\/?p=4796","url_meta":{"origin":4816,"position":1},"title":"Se aprob\u00f3 la creaci\u00f3n de la Polic\u00eda Judicial bonaerense","author":"AF","date":"08\/11\/2012","format":false,"excerpt":"La C\u00e1mara baja bonaerense aprob\u00f3 el nuevo cuerpo que reemplazar\u00e1 a la Polic\u00eda Bonaerense en la investigaci\u00f3n de determinados delitos, fundamentalmente aquellos considerados graves o que sean cometidos por funcionarios p\u00fablicos o miembros de fuerzas de seguridad. Los legisladores destacaron el amplio consenso de la norma a partir de los\u2026","rel":"","context":"En \u00abSociedad\u00bb","block_context":{"text":"Sociedad","link":"https:\/\/www.24baires.com\/?cat=1"},"img":{"alt_text":"","src":"https:\/\/i0.wp.com\/www.24baires.com\/wp-content\/uploads\/2012\/11\/diputados3-300x195.jpg?resize=350%2C200","width":350,"height":200},"classes":[]},{"id":120510,"url":"https:\/\/www.24baires.com\/?p=120510","url_meta":{"origin":4816,"position":2},"title":"El Congreso cre\u00f3 tres universidades nacionales en la Provincia del Buenos Aires","author":"GB","date":"29\/09\/2023","format":false,"excerpt":"La C\u00e1mara de Senadores de la Naci\u00f3n le dio sanci\u00f3n definitiva a la creaci\u00f3n de tres universidades en la provincia de Buenos Aires. Tras casi un a\u00f1o de tr\u00e1mite legislativo, el Congreso de la Naci\u00f3n aprob\u00f3 la creaci\u00f3n de tres universidades emplazadas en la provincia de Buenos Aires. El gobernador\u2026","rel":"","context":"En \u00abSociedad\u00bb","block_context":{"text":"Sociedad","link":"https:\/\/www.24baires.com\/?cat=1"},"img":{"alt_text":"","src":"https:\/\/i0.wp.com\/www.24baires.com\/wp-content\/uploads\/2023\/09\/voto-congreso.webp?resize=350%2C200","width":350,"height":200,"srcset":"https:\/\/i0.wp.com\/www.24baires.com\/wp-content\/uploads\/2023\/09\/voto-congreso.webp?resize=350%2C200 1x, https:\/\/i0.wp.com\/www.24baires.com\/wp-content\/uploads\/2023\/09\/voto-congreso.webp?resize=525%2C300 1.5x, https:\/\/i0.wp.com\/www.24baires.com\/wp-content\/uploads\/2023\/09\/voto-congreso.webp?resize=700%2C400 2x"},"classes":[]},{"id":118804,"url":"https:\/\/www.24baires.com\/?p=118804","url_meta":{"origin":4816,"position":3},"title":"Provincia avanza con la ley de alcohol cero al volante","author":"GB","date":"29\/04\/2022","format":false,"excerpt":"Se intensificar\u00e1n las sanciones para quienes inclumplan la normativa de alcohol cero, donde depende el caso se penar\u00e1 con arresto, multas e inhabilitaci\u00f3n para la conducci\u00f3n de veh\u00edculos Desde el Gobierno bonaerense se envi\u00f3 este lunes a la Legislatura bonaerense, un proyecto de ley elaborado por el ministro de Transporte,\u2026","rel":"","context":"En \u00abProvincia\u00bb","block_context":{"text":"Provincia","link":"https:\/\/www.24baires.com\/?cat=40"},"img":{"alt_text":"","src":"https:\/\/i0.wp.com\/www.24baires.com\/wp-content\/uploads\/2018\/09\/alcoholemia.jpg?resize=350%2C200","width":350,"height":200,"srcset":"https:\/\/i0.wp.com\/www.24baires.com\/wp-content\/uploads\/2018\/09\/alcoholemia.jpg?resize=350%2C200 1x, https:\/\/i0.wp.com\/www.24baires.com\/wp-content\/uploads\/2018\/09\/alcoholemia.jpg?resize=525%2C300 1.5x, https:\/\/i0.wp.com\/www.24baires.com\/wp-content\/uploads\/2018\/09\/alcoholemia.jpg?resize=700%2C400 2x"},"classes":[]},{"id":100161,"url":"https:\/\/www.24baires.com\/?p=100161","url_meta":{"origin":4816,"position":4},"title":"Luego de 13 a\u00f1os, la Provincia adhiri\u00f3 al D\u00eda Nacional del Derecho a la Identidad","author":"AF","date":"25\/01\/2018","format":false,"excerpt":"La provincia de Buenos Aires formaliz\u00f3 hoy su adhesi\u00f3n a la ley nacional 26.001, sancionada en 2005 y que estableci\u00f3 el 22 de octubre de cada a\u00f1o como D\u00eda Nacional del Derecho a la Identidad en conmemoraci\u00f3n al inicio de la lucha emprendida por las Abuelas de Plaza de Mayo.\u2026","rel":"","context":"En \u00abProvincia\u00bb","block_context":{"text":"Provincia","link":"https:\/\/www.24baires.com\/?cat=40"},"img":{"alt_text":"","src":"https:\/\/i0.wp.com\/www.24baires.com\/wp-content\/uploads\/2016\/10\/gobernaci%C3%B3n.jpg?resize=350%2C200","width":350,"height":200,"srcset":"https:\/\/i0.wp.com\/www.24baires.com\/wp-content\/uploads\/2016\/10\/gobernaci%C3%B3n.jpg?resize=350%2C200 1x, https:\/\/i0.wp.com\/www.24baires.com\/wp-content\/uploads\/2016\/10\/gobernaci%C3%B3n.jpg?resize=525%2C300 1.5x"},"classes":[]},{"id":17017,"url":"https:\/\/www.24baires.com\/?p=17017","url_meta":{"origin":4816,"position":5},"title":"El gobierno provincial promulg\u00f3 la Ley de Grabado de Autopartes","author":"Grupo Sierra","date":"28\/02\/2013","format":false,"excerpt":"A trav\u00e9s de la ley que lleva el n\u00famero 14.497 y que fue publicada en el Bolet\u00edn Oficial, el gobierno bonaerense promulg\u00f3 la ley de grabado de patentes, que consiste en un registro en el que deber\u00e1n inscribirse las personas f\u00edsicas o jur\u00eddicas que realicen actividad comercial de compra y\/o\u2026","rel":"","context":"En \u00abProvincia\u00bb","block_context":{"text":"Provincia","link":"https:\/\/www.24baires.com\/?cat=40"},"img":{"alt_text":"","src":"","width":0,"height":0},"classes":[]}],"jetpack_sharing_enabled":true,"jetpack_likes_enabled":true,"_links":{"self":[{"href":"https:\/\/www.24baires.com\/index.php?rest_route=\/wp\/v2\/posts\/4816","targetHints":{"allow":["GET"]}}],"collection":[{"href":"https:\/\/www.24baires.com\/index.php?rest_route=\/wp\/v2\/posts"}],"about":[{"href":"https:\/\/www.24baires.com\/index.php?rest_route=\/wp\/v2\/types\/post"}],"author":[{"embeddable":true,"href":"https:\/\/www.24baires.com\/index.php?rest_route=\/wp\/v2\/users\/11"}],"replies":[{"embeddable":true,"href":"https:\/\/www.24baires.com\/index.php?rest_route=%2Fwp%2Fv2%2Fcomments&post=4816"}],"version-history":[{"count":2,"href":"https:\/\/www.24baires.com\/index.php?rest_route=\/wp\/v2\/posts\/4816\/revisions"}],"predecessor-version":[{"id":4818,"href":"https:\/\/www.24baires.com\/index.php?rest_route=\/wp\/v2\/posts\/4816\/revisions\/4818"}],"wp:attachment":[{"href":"https:\/\/www.24baires.com\/index.php?rest_route=%2Fwp%2Fv2%2Fmedia&parent=4816"}],"wp:term":[{"taxonomy":"category","embeddable":true,"href":"https:\/\/www.24baires.com\/index.php?rest_route=%2Fwp%2Fv2%2Fcategories&post=4816"},{"taxonomy":"post_tag","embeddable":true,"href":"https:\/\/www.24baires.com\/index.php?rest_route=%2Fwp%2Fv2%2Ftags&post=4816"}],"curies":[{"name":"wp","href":"https:\/\/api.w.org\/{rel}","templated":true}]}}