{"id":4802,"date":"2012-11-08T20:15:43","date_gmt":"2012-11-08T23:15:43","guid":{"rendered":"http:\/\/www.24baires.com\/?p=4802"},"modified":"2012-11-09T11:26:19","modified_gmt":"2012-11-09T14:26:19","slug":"la-muerte-digna-ya-tiene-media-sancion","status":"publish","type":"post","link":"https:\/\/www.24baires.com\/?p=4802","title":{"rendered":"La \u00abmuerte digna\u00bb ya tiene media sanci\u00f3n"},"content":{"rendered":"<p>El proyecto de ley que ya fue girado al Senado se aprob\u00f3 en conjunto con la adhesi\u00f3n a la ley nacional 26.529 sobre derechos del paciente en relaci\u00f3n con los profesionales de la salud. \u201cCon esta iniciativa, estamos respetando la autonom\u00eda y la voluntad de cada persona para decidir sobre su vida\u201d, sostuvo el diputado Marcelo Feli\u00fa.<!--more--><\/p>\n<p>Quien padezca una enfermedad irreversible, incurable y se encuentre en estado terminal o de agon\u00eda, seg\u00fan diagn\u00f3stico cient\u00edfico indubitable, o haya sufrido un accidente que la coloque en igual situaci\u00f3n, tendr\u00e1 el derecho de solicitar la \u201cmuerte digna\u201d si finalmente se convierte en ley en el Senado un proyecto del diputado del bloque del FPV, Marcelo Feli\u00fa.<\/p>\n<p>Hoy la iniciativa obtuvo media sanci\u00f3n en la C\u00e1mara baja en conjunto con la adhesi\u00f3n a la ley nacional 26.529 sobre derechos del paciente en relaci\u00f3n con los profesionales de la salud, promovida por el legislador del FAP, Marcelo D\u00edaz.<\/p>\n<p>El proyecto de \u201cmuerte digna\u201d establece que la declaraci\u00f3n de voluntad decidida por el paciente deber\u00e1 constar por escrito, ser suscripta por \u00e9ste e incorporarse a su historia cl\u00ednica. Si no pudiere firmar, lo har\u00e1 su representante legal o c\u00f3nyuge, descendientes, ascendientes o parientes consangu\u00edneos hasta el segundo grado, en este orden, quienes actuar\u00e1n como testigos, dejando constancia de su identificaci\u00f3n y del motivo que impide la firma del paciente.<\/p>\n<p>\u201cCon esta iniciativa, estamos respetando la autonom\u00eda y la voluntad de cada persona para decidir sobre su vida\u201d, sostuvo Feli\u00fa, quien aclar\u00f3 que \u201cesta norma no obliga a nadie sino que solo permite una libre elecci\u00f3n\u201d.<\/p>\n<p>Por su parte, el diputado Juan de Jes\u00fas sostuvo que la \u201cmuerte digna\u201d constituye \u201cun avance no solo en la ampliaci\u00f3n de derechos individuales para los pacientes, sino para la protecci\u00f3n de los m\u00e9dicos y al equipo que lo acompa\u00f1a\u201d, ya que prev\u00e9 que ning\u00fan profesional que haya obrado de acuerdo a las disposiciones de la ley estar\u00e1 sujeto a responsabilidad civil, penal o administrativa, derivada del cumplimiento de la misma.<\/p>\n<p>Tambi\u00e9n establece que ante objeci\u00f3n de conciencia planteada por parte del personal m\u00e9dico, el establecimiento debe reemplazarlo por otro profesional.<\/p>\n<p>\u201cCon esta ley, la Provincia de Buenos Aires sigue sum\u00e1ndose al nuevo paradigma en materia de derechos que vive la Argentina\u201d, concluy\u00f3 De Jes\u00fas.<\/p>\n<p>En el recinto de la C\u00e1mara de Diputados estuvieron presentes Selva Herb\u00f3n y Susana Bustamante, madres de Camilia y Melina respectivamente, quienes impulsaron una campa\u00f1a para la sanci\u00f3n de la ley nacional de \u201cmuerte digna\u201d, ante los casos irreversibles y de sufrimiento de sus hijas.<\/p>\n","protected":false},"excerpt":{"rendered":"<p>El proyecto de ley que ya fue girado al Senado se aprob\u00f3 en conjunto con la adhesi\u00f3n a la ley nacional 26.529 sobre derechos del paciente en relaci\u00f3n con los profesionales de la salud. \u201cCon esta iniciativa, estamos respetando la autonom\u00eda y la voluntad de cada persona para decidir sobre su vida\u201d, sostuvo el diputado Marcelo Feli\u00fa.<\/p>\n","protected":false},"author":4,"featured_media":0,"comment_status":"open","ping_status":"open","sticky":false,"template":"","format":"standard","meta":{"_jetpack_newsletter_access":"","_jetpack_dont_email_post_to_subs":false,"_jetpack_newsletter_tier_id":0,"_jetpack_memberships_contains_paywalled_content":false,"_jetpack_memberships_contains_paid_content":false,"footnotes":""},"categories":[1],"tags":[],"class_list":["post-4802","post","type-post","status-publish","format-standard","hentry","category-sociedad"],"jetpack_featured_media_url":"","jetpack_shortlink":"https:\/\/wp.me\/p2JWE0-1fs","jetpack-related-posts":[{"id":8995,"url":"https:\/\/www.24baires.com\/?p=8995","url_meta":{"origin":4802,"position":0},"title":"El Senado le dio sanci\u00f3n definitiva a la Muerte Digna en la Provincia","author":"AF","date":"13\/12\/2012","format":false,"excerpt":"Un proyecto elaborado por el diputado del Frente para la Victoria-Partido Justicialista Marcelo Feli\u00fa sobre el derecho de los pacientes terminales a morir con dignidad se convirti\u00f3 en ley este jueves, luego de que el Senado le diera sanci\u00f3n definitiva, por unanimidad, tal cual ocurri\u00f3 con su tratamiento en la\u2026","rel":"","context":"En \u00abSociedad\u00bb","block_context":{"text":"Sociedad","link":"https:\/\/www.24baires.com\/?cat=1"},"img":{"alt_text":"","src":"","width":0,"height":0},"classes":[]},{"id":14389,"url":"https:\/\/www.24baires.com\/?p=14389","url_meta":{"origin":4802,"position":1},"title":"La Ley de Muerte Digna fue promulgada en la Provincia","author":"AF","date":"02\/02\/2013","format":false,"excerpt":"El gobernador Daniel Scioli promulg\u00f3 la Ley de Muerte Digna que permitir\u00e1 a los enfermos terminales rechazar tratamientos que no sirvan para mejorar su estado de salud. La normativa impulsada por el diputado Marcelo Feli\u00fa (FpV-PJ) y aprobada por unanimidad en ambas c\u00e1maras, tendr\u00e1 al ministerio de Salud de la\u2026","rel":"","context":"En \u00abSociedad\u00bb","block_context":{"text":"Sociedad","link":"https:\/\/www.24baires.com\/?cat=1"},"img":{"alt_text":"manos","src":"https:\/\/i0.wp.com\/www.24baires.com\/wp-content\/uploads\/2013\/02\/manos-300x187.jpg?resize=350%2C200","width":350,"height":200},"classes":[]},{"id":8137,"url":"https:\/\/www.24baires.com\/?p=8137","url_meta":{"origin":4802,"position":2},"title":"Aprobar\u00e1n la adhesi\u00f3n de la Provincia a la Ley Nacional de Muerte Digna","author":"AF","date":"06\/12\/2012","format":false,"excerpt":"Ya tiene media sanci\u00f3n de Diputados y esperan que antes de fin de a\u00f1o la apruebe el Senado. El ministerio de Salud ser\u00e1 la autoridad de aplicaci\u00f3n. El viceministro de Salud de la Provincia, Sergio Alejandre, anunci\u00f3 que antes de fin de a\u00f1o se aprobar\u00e1 la adhesi\u00f3n de la provincia\u2026","rel":"","context":"En \u00abSociedad\u00bb","block_context":{"text":"Sociedad","link":"https:\/\/www.24baires.com\/?cat=1"},"img":{"alt_text":"","src":"https:\/\/i0.wp.com\/www.24baires.com\/wp-content\/uploads\/2012\/12\/muerte-digna-300x198.jpg?resize=350%2C200","width":350,"height":200},"classes":[]},{"id":122765,"url":"https:\/\/www.24baires.com\/?p=122765","url_meta":{"origin":4802,"position":3},"title":"Diputados aprob\u00f3 la reforma de la ley de Adopci\u00f3n bonaerense","author":"GB","date":"17\/12\/2025","format":false,"excerpt":"Entre otros cambios, se incorpora la asistencia de un letrado especializado para el ni\u00f1o o adolescente. Tambi\u00e9n otorga licencias especiales en el sector p\u00fablico para los adoptantes. La C\u00e1mara de Diputados bonaerense aprob\u00f3 la reforma de la Ley de Adopci\u00f3n 14.528, que busca agilizar y mejorar varios puntos del proceso\u2026","rel":"","context":"En \u00abProvincia\u00bb","block_context":{"text":"Provincia","link":"https:\/\/www.24baires.com\/?cat=40"},"img":{"alt_text":"","src":"https:\/\/i0.wp.com\/www.24baires.com\/wp-content\/uploads\/2025\/12\/adopcion.webp?resize=350%2C200","width":350,"height":200,"srcset":"https:\/\/i0.wp.com\/www.24baires.com\/wp-content\/uploads\/2025\/12\/adopcion.webp?resize=350%2C200 1x, https:\/\/i0.wp.com\/www.24baires.com\/wp-content\/uploads\/2025\/12\/adopcion.webp?resize=525%2C300 1.5x, https:\/\/i0.wp.com\/www.24baires.com\/wp-content\/uploads\/2025\/12\/adopcion.webp?resize=700%2C400 2x"},"classes":[]},{"id":4796,"url":"https:\/\/www.24baires.com\/?p=4796","url_meta":{"origin":4802,"position":4},"title":"Se aprob\u00f3 la creaci\u00f3n de la Polic\u00eda Judicial bonaerense","author":"AF","date":"08\/11\/2012","format":false,"excerpt":"La C\u00e1mara baja bonaerense aprob\u00f3 el nuevo cuerpo que reemplazar\u00e1 a la Polic\u00eda Bonaerense en la investigaci\u00f3n de determinados delitos, fundamentalmente aquellos considerados graves o que sean cometidos por funcionarios p\u00fablicos o miembros de fuerzas de seguridad. Los legisladores destacaron el amplio consenso de la norma a partir de los\u2026","rel":"","context":"En \u00abSociedad\u00bb","block_context":{"text":"Sociedad","link":"https:\/\/www.24baires.com\/?cat=1"},"img":{"alt_text":"","src":"https:\/\/i0.wp.com\/www.24baires.com\/wp-content\/uploads\/2012\/11\/diputados3-300x195.jpg?resize=350%2C200","width":350,"height":200},"classes":[]},{"id":119583,"url":"https:\/\/www.24baires.com\/?p=119583","url_meta":{"origin":4802,"position":5},"title":"Diputados dio media sanci\u00f3n al proyecto de ley de Alcohol Cero al volante","author":"GB","date":"25\/11\/2022","format":false,"excerpt":"Ahora pasar\u00e1 al Senado nacional y en caso de ser aprobado esperar\u00e1 la promulgaci\u00f3n por parte del Ejecutivo. En Mar del Plata y otros casi 50 municipios del pa\u00eds ya rige este l\u00edmite m\u00e1ximo para los conductores. C\u00e1mara de Diputados de la Naci\u00f3n dio media sanci\u00f3n al proyecto de ley\u2026","rel":"","context":"En \u00abSociedad\u00bb","block_context":{"text":"Sociedad","link":"https:\/\/www.24baires.com\/?cat=1"},"img":{"alt_text":"","src":"https:\/\/i0.wp.com\/www.24baires.com\/wp-content\/uploads\/2013\/09\/control-alcoholemia.jpg?resize=350%2C200","width":350,"height":200,"srcset":"https:\/\/i0.wp.com\/www.24baires.com\/wp-content\/uploads\/2013\/09\/control-alcoholemia.jpg?resize=350%2C200 1x, https:\/\/i0.wp.com\/www.24baires.com\/wp-content\/uploads\/2013\/09\/control-alcoholemia.jpg?resize=525%2C300 1.5x, https:\/\/i0.wp.com\/www.24baires.com\/wp-content\/uploads\/2013\/09\/control-alcoholemia.jpg?resize=700%2C400 2x"},"classes":[]}],"jetpack_sharing_enabled":true,"jetpack_likes_enabled":true,"_links":{"self":[{"href":"https:\/\/www.24baires.com\/index.php?rest_route=\/wp\/v2\/posts\/4802","targetHints":{"allow":["GET"]}}],"collection":[{"href":"https:\/\/www.24baires.com\/index.php?rest_route=\/wp\/v2\/posts"}],"about":[{"href":"https:\/\/www.24baires.com\/index.php?rest_route=\/wp\/v2\/types\/post"}],"author":[{"embeddable":true,"href":"https:\/\/www.24baires.com\/index.php?rest_route=\/wp\/v2\/users\/4"}],"replies":[{"embeddable":true,"href":"https:\/\/www.24baires.com\/index.php?rest_route=%2Fwp%2Fv2%2Fcomments&post=4802"}],"version-history":[{"count":3,"href":"https:\/\/www.24baires.com\/index.php?rest_route=\/wp\/v2\/posts\/4802\/revisions"}],"predecessor-version":[{"id":4804,"href":"https:\/\/www.24baires.com\/index.php?rest_route=\/wp\/v2\/posts\/4802\/revisions\/4804"}],"wp:attachment":[{"href":"https:\/\/www.24baires.com\/index.php?rest_route=%2Fwp%2Fv2%2Fmedia&parent=4802"}],"wp:term":[{"taxonomy":"category","embeddable":true,"href":"https:\/\/www.24baires.com\/index.php?rest_route=%2Fwp%2Fv2%2Fcategories&post=4802"},{"taxonomy":"post_tag","embeddable":true,"href":"https:\/\/www.24baires.com\/index.php?rest_route=%2Fwp%2Fv2%2Ftags&post=4802"}],"curies":[{"name":"wp","href":"https:\/\/api.w.org\/{rel}","templated":true}]}}