{"id":4796,"date":"2012-11-08T20:42:25","date_gmt":"2012-11-08T23:42:25","guid":{"rendered":"http:\/\/www.24baires.com\/?p=4796"},"modified":"2012-11-09T11:26:07","modified_gmt":"2012-11-09T14:26:07","slug":"se-aprobo-la-creacion-de-la-policia-judicial-bonaerense","status":"publish","type":"post","link":"https:\/\/www.24baires.com\/?p=4796","title":{"rendered":"Se aprob\u00f3 la creaci\u00f3n de la Polic\u00eda Judicial bonaerense"},"content":{"rendered":"<p><img data-recalc-dims=\"1\" loading=\"lazy\" decoding=\"async\" class=\"alignleft size-medium wp-image-4799\" title=\"diputados3\" src=\"https:\/\/i0.wp.com\/www.24baires.com\/wp-content\/uploads\/2012\/11\/diputados3.jpg?resize=300%2C195\" alt=\"\" width=\"300\" height=\"195\" srcset=\"https:\/\/i0.wp.com\/www.24baires.com\/wp-content\/uploads\/2012\/11\/diputados3.jpg?resize=300%2C195&amp;ssl=1 300w, https:\/\/i0.wp.com\/www.24baires.com\/wp-content\/uploads\/2012\/11\/diputados3.jpg?w=560&amp;ssl=1 560w\" sizes=\"auto, (max-width: 300px) 100vw, 300px\" \/>La C\u00e1mara baja bonaerense aprob\u00f3 el nuevo cuerpo que reemplazar\u00e1 a la Polic\u00eda Bonaerense en la investigaci\u00f3n de determinados delitos, fundamentalmente aquellos considerados graves o que sean cometidos por funcionarios p\u00fablicos o miembros de fuerzas de seguridad. Los legisladores destacaron el amplio consenso de la norma a partir de los foros impulsados por Gabriel Mariotto.<!--more--><\/p>\n<p>Los diputados convirtieron en ley esta tarde en el recinto de la C\u00e1mara baja la iniciativa que crea el Cuerpo de Investigaciones Judiciales, que ya contaba con media sanci\u00f3n del Senado bonaerense desde el 4 de octubre \u00faltimo.<\/p>\n<p>El nuevo cuerpo reemplazar\u00e1 a la Bonaerense en la investigaci\u00f3n de delitos complejos, homicidios e il\u00edcitos cometidos por funcionarios y polic\u00edas, aunque a medida que se avance en su implementaci\u00f3n se ir\u00e1 ampliando a otras figuras.<\/p>\n<p>\u00abLa investigaci\u00f3n judicial en los procesos penales en manos de la Polic\u00eda no garantiza un buen final, un buen t\u00e9rmino, porque desnaturaliza uno de los ejes fundamentales: que la polic\u00eda tiene que estar para la prevenci\u00f3n y el Poder Judicial esencialmente para investigar con un criterio de independencia\u00bb, fundament\u00f3 el diputado Marcelo Feli\u00fa durante el debate.<\/p>\n<p>Feli\u00fa tambi\u00e9n destac\u00f3 el amplio consenso del proyecto tras su discusi\u00f3n en los Foros para una Seguridad Democr\u00e1tica impuslados por el vicegobernador Gabriel Mariotto en todas las secciones electorales de la provincia de Buenos Aires.<\/p>\n<p>\u00abEsto es mucho m\u00e1s que una simple ley\u00bb, dijo el diputado del FPV y record\u00f3 que su gestaci\u00f3n \u00abtuvo un mecanismo que le otorga a\u00fan m\u00e1s legitimidad, como fue el que le imparti\u00f3 el vicegobernador a trav\u00e9s de ocho foros en toda la Provincia para que los actores involucrados, de cara a la sociedad, pudieran decir lo que pensaban sobre el tema\u00bb.<\/p>\n<p>\u00abUna de las conclusiones m\u00e1s importantes de esos foros de participaci\u00f3n ciudadana fue que ten\u00edamos que terminar con el problema estructural de confundir a la polic\u00eda con la investigaci\u00f3n de ciertos delitos\u00bb, apunt\u00f3.<\/p>\n<p>Por su parte, el diputado Marcelo Sa\u00edn (Nuevo Encuentro) si bien acompa\u00f1\u00f3 el proyecto en general, plante\u00f3 algunas divergencias en cuanto a la competencia del Cuerpo de Investigaci\u00f3n Judicial.<\/p>\n<p>Para Sa\u00edn la Polic\u00eda Judicial \u201cdeber\u00eda concentrarse en la investigaci\u00f3n solamente de delitos complejos\u201d de tres tipos: los cometidos por organizaciones criminales estructuradas, por funcionarios y por funcionarios penitenciarios o policiales.<\/p>\n<p>A su turno, el presidente del bloque del FPV, Juan de Jes\u00fas, consider\u00f3 que \u201cestamos cumpliendo con una demanda constitucional que va a permitirle a la provincia de Buenos Aires mejorar las herramientas de investigaci\u00f3n para delitos graves\u201d.<\/p>\n<p>La norma establece que la Procuraci\u00f3n General de la Suprema Corte de Justicia de la Provincia tiene a su cargo la administraci\u00f3n general del Cuerpo de Investigadores Judiciales.<\/p>\n<p>Adem\u00e1s, otorga al Poder Ejecutivo un plazo de 6 meses a partir de la sanci\u00f3n de la norma para la conformaci\u00f3n de la nueva fuerza y prev\u00e9 que a partir del a\u00f1o pr\u00f3ximo comience como prueba piloto en el departamento judicial de Mar del Plata.<\/p>\n<p>Organismo de derechos humanos, como la Comisi\u00f3n Provincial por la Memoria, el Centro de Estudios Legales y Sociales (CELS) y la Central de Trabajadores Argentinos (CTA) expresaron su apoyo a la iniciativa que significa \u00abun avance significativo en la democratizaci\u00f3n de la justicia y un cambio de paradigma en la investigaci\u00f3n criminal\u00bb.<\/p>\n<p>\u00abDesde la reforma constitucional del 94 y con la instalaci\u00f3n parcial del sistema acusatorio en la Provincia, la modificaci\u00f3n integral del \u00f3rgano de investigaci\u00f3n de delitos complejos que postula el proyecto constituye una de las reformas m\u00e1s importantes, tendiente a fortalecer la calidad institucional y afianzar el estado democr\u00e1tico de derecho\u00bb, aseguraron cuando el proyecto obtuvo media sanci\u00f3n en la C\u00e1mara alta.<\/p>\n<p>Desarmaderos<\/p>\n<p>En la sesi\u00f3n de este jueves, los diputados bonaerenses tambi\u00e9n aprobaron la adhesi\u00f3n a la ley nacional 25.761, que regula el funcionamiento de los desarmaderos de autom\u00f3viles y la venta de autopartes usadas a fin de evitar la comercializaci\u00f3n ilegal de estas piezas provenientes del delito.<\/p>\n<p>La normativa, sancionada en el 2003 por el Congreso Nacional, establece que todos los locales que se dediquen a la venta de autopartes usadas deben estar previamente habilitados por el Registro \u00danico de Desarmaderos y Actividades Conexas. Adem\u00e1s, exige que cada una de ellas cuente con un sticker identificatorio entregado por dicha autoridad previa demostraci\u00f3n del origen legal del repuesto.<\/p>\n<p>Mediante la modificaci\u00f3n del art\u00edculo 33 del Decreto Ley N\u00ba 7543\/69, se indica que las autopartes o restos de veh\u00edculos, considerados no aptos para rodar, ser\u00e1n destruidos cumpliendo con los procedimientos ambientales vigentes. La potestad de esta decisi\u00f3n estar\u00e1 a cargo de la Secretar\u00eda General de Gobernaci\u00f3n y la Direcci\u00f3n de Automotores.<\/p>\n","protected":false},"excerpt":{"rendered":"<p>La C\u00e1mara baja bonaerense aprob\u00f3 el nuevo cuerpo que reemplazar\u00e1 a la Polic\u00eda Bonaerense en la investigaci\u00f3n de determinados delitos, fundamentalmente aquellos considerados graves o que sean cometidos por funcionarios p\u00fablicos o miembros de fuerzas de seguridad. Los legisladores destacaron el amplio consenso de la norma a partir de los foros impulsados por Gabriel Mariotto.<\/p>\n","protected":false},"author":4,"featured_media":0,"comment_status":"open","ping_status":"open","sticky":false,"template":"","format":"standard","meta":{"_jetpack_newsletter_access":"","_jetpack_dont_email_post_to_subs":false,"_jetpack_newsletter_tier_id":0,"_jetpack_memberships_contains_paywalled_content":false,"_jetpack_memberships_contains_paid_content":false,"footnotes":""},"categories":[1],"tags":[],"class_list":["post-4796","post","type-post","status-publish","format-standard","hentry","category-sociedad"],"jetpack_featured_media_url":"","jetpack_shortlink":"https:\/\/wp.me\/p2JWE0-1fm","jetpack-related-posts":[{"id":104083,"url":"https:\/\/www.24baires.com\/?p=104083","url_meta":{"origin":4796,"position":0},"title":"Detuvieron a un juez acusado de integrar una banda que robaba casas y autos","author":"GB","date":"24\/08\/2018","format":false,"excerpt":"Se trata del platense C\u00e9sar Melazo. El grupo de delincuentes estaba conformado por polic\u00edas, presos y barrabravas. El ex juez de Garant\u00edas de La Plata C\u00e9sar Melazo fue detenido este viernes en su casa de la localidad de Gorina, acusado de integrar una banda \"mixta\" compuesta por polic\u00edas, presos y\u2026","rel":"","context":"En \u00abPoliciales\u00bb","block_context":{"text":"Policiales","link":"https:\/\/www.24baires.com\/?cat=49"},"img":{"alt_text":"","src":"https:\/\/i0.wp.com\/www.24baires.com\/wp-content\/uploads\/2018\/08\/juez-melazo.jpg?resize=350%2C200","width":350,"height":200,"srcset":"https:\/\/i0.wp.com\/www.24baires.com\/wp-content\/uploads\/2018\/08\/juez-melazo.jpg?resize=350%2C200 1x, https:\/\/i0.wp.com\/www.24baires.com\/wp-content\/uploads\/2018\/08\/juez-melazo.jpg?resize=525%2C300 1.5x"},"classes":[]},{"id":106731,"url":"https:\/\/www.24baires.com\/?p=106731","url_meta":{"origin":4796,"position":1},"title":"Denuncian a Vidal por malversaci\u00f3n de fondos p\u00fablicos","author":"AF","date":"07\/02\/2019","format":false,"excerpt":"Los ejes son: malversaci\u00f3n por gastos de transporte a\u00e9reo por m\u00e1s de 30 millones de pesos, refacciones de su casa de Mor\u00f3n a cargo de la Provincia, y violaci\u00f3n del art\u00edculo 130 de la Constituci\u00f3n Provincial, que dice que la Gobernadora debe vivir en La Plata. La gobernadora de la\u2026","rel":"","context":"En \u00abJUDICIALES\u00bb","block_context":{"text":"JUDICIALES","link":"https:\/\/www.24baires.com\/?cat=68"},"img":{"alt_text":"","src":"https:\/\/i0.wp.com\/www.24baires.com\/wp-content\/uploads\/2018\/03\/vidal-1.jpg?resize=350%2C200","width":350,"height":200,"srcset":"https:\/\/i0.wp.com\/www.24baires.com\/wp-content\/uploads\/2018\/03\/vidal-1.jpg?resize=350%2C200 1x, https:\/\/i0.wp.com\/www.24baires.com\/wp-content\/uploads\/2018\/03\/vidal-1.jpg?resize=525%2C300 1.5x"},"classes":[]},{"id":100320,"url":"https:\/\/www.24baires.com\/?p=100320","url_meta":{"origin":4796,"position":2},"title":"El Jefe de la Bonaerense denunci\u00f3 a su hermano por corrupci\u00f3n","author":"GB","date":"02\/02\/2018","format":false,"excerpt":"Fabi\u00e1n Perroni detuvo a su hermano Fabio por haber ofrecido seguros en comisar\u00edas a cambio de una comisi\u00f3n. Est\u00e1 imputado por \"tr\u00e1fico de influencias\" y \"tentativa de estafa\". El jefe de la Polic\u00eda Bonaerense, Fabi\u00e1n Perroni, denunci\u00f3 y detuvo a su hermano por \"tr\u00e1fico de influencias\" y \"tentativa de estafa\".\u2026","rel":"","context":"En \u00abProvincia\u00bb","block_context":{"text":"Provincia","link":"https:\/\/www.24baires.com\/?cat=40"},"img":{"alt_text":"","src":"https:\/\/i0.wp.com\/www.24baires.com\/wp-content\/uploads\/2018\/02\/perroni.jpg?resize=350%2C200","width":350,"height":200,"srcset":"https:\/\/i0.wp.com\/www.24baires.com\/wp-content\/uploads\/2018\/02\/perroni.jpg?resize=350%2C200 1x, https:\/\/i0.wp.com\/www.24baires.com\/wp-content\/uploads\/2018\/02\/perroni.jpg?resize=525%2C300 1.5x"},"classes":[]},{"id":118810,"url":"https:\/\/www.24baires.com\/?p=118810","url_meta":{"origin":4796,"position":3},"title":"Qued\u00f3 registrada la coima cobrada por polic\u00edas mediante una app","author":"AF","date":"02\/05\/2022","format":false,"excerpt":"\u200cLa fiscal que investiga a dos polic\u00edas bonaerenses acusados de cobrar una coima a trav\u00e9s de un medio de pago digital confirm\u00f3 este lunes que la \"operaci\u00f3n il\u00edcita\" qued\u00f3 registrada y que analiza agravar la imputaci\u00f3n luego de que esta ma\u00f1ana declararan las v\u00edctimas y confirmaran que les pidieron dinero\u2026","rel":"","context":"En \u00abSociedad\u00bb","block_context":{"text":"Sociedad","link":"https:\/\/www.24baires.com\/?cat=1"},"img":{"alt_text":"","src":"https:\/\/i0.wp.com\/www.24baires.com\/wp-content\/uploads\/2022\/05\/5ecbfbda43136_900.jpg?resize=350%2C200","width":350,"height":200,"srcset":"https:\/\/i0.wp.com\/www.24baires.com\/wp-content\/uploads\/2022\/05\/5ecbfbda43136_900.jpg?resize=350%2C200 1x, https:\/\/i0.wp.com\/www.24baires.com\/wp-content\/uploads\/2022\/05\/5ecbfbda43136_900.jpg?resize=525%2C300 1.5x, https:\/\/i0.wp.com\/www.24baires.com\/wp-content\/uploads\/2022\/05\/5ecbfbda43136_900.jpg?resize=700%2C400 2x"},"classes":[]},{"id":4726,"url":"https:\/\/www.24baires.com\/?p=4726","url_meta":{"origin":4796,"position":4},"title":"En la pr\u00f3xima sesi\u00f3n de Diputados ir\u00e1n por la Polic\u00eda Judicial","author":"AF","date":"07\/11\/2012","format":false,"excerpt":"Sobre el cierre del a\u00f1o la C\u00e1mara de Diputados se prepara para tratar una serie de leyes estructurales para el territorio bonaerense; de esta manera en la pr\u00f3xima sesi\u00f3n de la C\u00e1mara Baja se convertir\u00e1 en Ley el proyecto de Polic\u00eda Judicial que ya cuenta con media sanci\u00f3n en el\u2026","rel":"","context":"En \u00abPol\u00edtica\u00bb","block_context":{"text":"Pol\u00edtica","link":"https:\/\/www.24baires.com\/?cat=51"},"img":{"alt_text":"","src":"https:\/\/i0.wp.com\/www.24baires.com\/wp-content\/uploads\/2012\/11\/Diputados2-300x198.jpg?resize=350%2C200","width":350,"height":200},"classes":[]},{"id":107680,"url":"https:\/\/www.24baires.com\/?p=107680","url_meta":{"origin":4796,"position":5},"title":"Procesaron al fiscal Fern\u00e1ndez Garello por delitos de lesa humanidad","author":"AF","date":"15\/04\/2019","format":false,"excerpt":"El fiscal general de Mar del Plata, Fabi\u00e1n Fern\u00e1ndez Garello, qued\u00f3 procesado por participar del secuestro y tortura de tres militantes del Partido Comunista durante la \u00faltima dictadura c\u00edvico-militar, cuando era agente de la Delegaci\u00f3n Regional de Inteligencia III (DIPPBA). La jueza federal de San Mart\u00edn Alicia Vence lo proces\u00f3\u2026","rel":"","context":"En \u00abJUDICIALES\u00bb","block_context":{"text":"JUDICIALES","link":"https:\/\/www.24baires.com\/?cat=68"},"img":{"alt_text":"","src":"https:\/\/i0.wp.com\/www.24baires.com\/wp-content\/uploads\/2019\/04\/fern%C3%A1ndez-garello.jpg?resize=350%2C200","width":350,"height":200,"srcset":"https:\/\/i0.wp.com\/www.24baires.com\/wp-content\/uploads\/2019\/04\/fern%C3%A1ndez-garello.jpg?resize=350%2C200 1x, https:\/\/i0.wp.com\/www.24baires.com\/wp-content\/uploads\/2019\/04\/fern%C3%A1ndez-garello.jpg?resize=525%2C300 1.5x"},"classes":[]}],"jetpack_sharing_enabled":true,"jetpack_likes_enabled":true,"_links":{"self":[{"href":"https:\/\/www.24baires.com\/index.php?rest_route=\/wp\/v2\/posts\/4796","targetHints":{"allow":["GET"]}}],"collection":[{"href":"https:\/\/www.24baires.com\/index.php?rest_route=\/wp\/v2\/posts"}],"about":[{"href":"https:\/\/www.24baires.com\/index.php?rest_route=\/wp\/v2\/types\/post"}],"author":[{"embeddable":true,"href":"https:\/\/www.24baires.com\/index.php?rest_route=\/wp\/v2\/users\/4"}],"replies":[{"embeddable":true,"href":"https:\/\/www.24baires.com\/index.php?rest_route=%2Fwp%2Fv2%2Fcomments&post=4796"}],"version-history":[{"count":3,"href":"https:\/\/www.24baires.com\/index.php?rest_route=\/wp\/v2\/posts\/4796\/revisions"}],"predecessor-version":[{"id":4810,"href":"https:\/\/www.24baires.com\/index.php?rest_route=\/wp\/v2\/posts\/4796\/revisions\/4810"}],"wp:attachment":[{"href":"https:\/\/www.24baires.com\/index.php?rest_route=%2Fwp%2Fv2%2Fmedia&parent=4796"}],"wp:term":[{"taxonomy":"category","embeddable":true,"href":"https:\/\/www.24baires.com\/index.php?rest_route=%2Fwp%2Fv2%2Fcategories&post=4796"},{"taxonomy":"post_tag","embeddable":true,"href":"https:\/\/www.24baires.com\/index.php?rest_route=%2Fwp%2Fv2%2Ftags&post=4796"}],"curies":[{"name":"wp","href":"https:\/\/api.w.org\/{rel}","templated":true}]}}