{"id":47944,"date":"2014-06-13T13:00:14","date_gmt":"2014-06-13T16:00:14","guid":{"rendered":"http:\/\/www.24baires.com\/?p=47944"},"modified":"2014-06-13T12:31:17","modified_gmt":"2014-06-13T15:31:17","slug":"un-estado-provincial-verdugo","status":"publish","type":"post","link":"https:\/\/www.24baires.com\/?p=47944","title":{"rendered":"Un Estado Provincial Verdugo"},"content":{"rendered":"<p><img data-recalc-dims=\"1\" loading=\"lazy\" decoding=\"async\" class=\"aligncenter size-full wp-image-47953\" src=\"https:\/\/i0.wp.com\/www.24baires.com\/wp-content\/uploads\/2014\/06\/inst-menores.jpg?resize=560%2C374\" alt=\"inst menores\" width=\"560\" height=\"374\" srcset=\"https:\/\/i0.wp.com\/www.24baires.com\/wp-content\/uploads\/2014\/06\/inst-menores.jpg?w=560&amp;ssl=1 560w, https:\/\/i0.wp.com\/www.24baires.com\/wp-content\/uploads\/2014\/06\/inst-menores.jpg?resize=300%2C200&amp;ssl=1 300w\" sizes=\"auto, (max-width: 560px) 100vw, 560px\" \/>Un joven de 21 a\u00f1os, a qui\u00e9n llamaremos SA, se fug\u00f3 el pasado 29 de abril del Instituto Virrey del Pino perteneciente a la Unidad Penitenciaria de La Matanza. Hasta el momento, ning\u00fan representante del Estado se ha comunicado con la familia, pero esa no es la \u00fanica ausencia estatal que han padecido.<!--more--><\/p>\n<p>A la licenciada en Servicio Social, Mar\u00eda Paz Torres, le asignaron el seguimiento de SA en 2009 cuando el menor de 17 a\u00f1os se encontraba en el Instituto Cerrado de Bat\u00e1n a la espera del juicio por estar involucrado en una causa caratulada como \u201chomicidio agravado por uso de arma de fuego\u201d. La ausencia prolongada del Defensor Oficial, la golpiza y el maltrato de los guardias, la poca atenci\u00f3n de los trabajadores sociales, la inacci\u00f3n del grupo interdisciplinario encargado de la asistencia de los menores y el incumplimiento de toda una lista de derechos llevaron a Mar\u00eda Paz a criticar el rol de sus colegas y del propio sistema. Esa cr\u00edtica form\u00f3 parte de la tesis de grado de la licenciada, donde se pregunta \u201cSi se los trata como animalitos, \u00bfc\u00f3mo pretender que no reproduzcan afuera ese papel que se les ha asignado?\u201d.<br \/>\n\u201cSA es uno de los tantos menores que se encuentran en instituciones de encierro que demuestran la perversidad del propio sistema y la contradicci\u00f3n de que no cumplan los objetivos por los cuales se supone que han sido creadas\u201d afirma Mar\u00eda Paz. \u201cTiene una condena por transgredir la ley, y a la vez, es v\u00edctima de una instituci\u00f3n que tampoco la cumple\u201d.<br \/>\nDurante su paso por Bat\u00e1n \u201clo dejaron pegado\u201d en una causa. Hubo un mot\u00edn, del que no particip\u00f3, pero el fiscal quiso obligarlo a dar los nombres de sus compa\u00f1eros implicados, amenazando con trasladarlo a la unidad de adultos. SA hab\u00eda cumplido los 18 a\u00f1os y estaba con menores por su buena conducta. Por negarse a delatar fue trasladado a la Unidad de Adultos n\u00b0 15 y luego a la n\u00b044. En ese periodo de traslados continuos le sacaron todas sus pertenencias, incluso los certificados necesarios para que le reconocieran el medio a\u00f1o de escuela que le permit\u00eda seguir estudiando. Dos veces le hicieron lo mismo. Dos veces tuvo que empezar el \u00faltimo a\u00f1o del secundario. A pesar de que el menor manifest\u00f3 querer terminar el secundario para poder seguir estudiando durante su condena, nadie se lo garantiz\u00f3.<br \/>\nEstos sujetos tambi\u00e9n son ciudadanos pero padecen una serie de inseguridades, producto de la violencia estatal ejercida sobre ellos, desde la detenci\u00f3n policial, pasando por la justicia, hasta el \u00faltimo eslab\u00f3n custodial. Esa violencia estatal es una violencia que lastima y que mata, degrada, humilla, sojuzga, somete y subordina. \u201cSi no nos preguntamos por estas violencias y por estas inseguridades somos quienes nos estamos transformando en \u201cpeligrosos\u201d\u201d plantea Mar\u00eda Paz. \u201cEs dif\u00edcil aceptar, como dice Foucault en \u201cVigilar y Castigar\u201d, que esos delincuentes pueden ser v\u00edctimas, porque m\u00e1s dif\u00edcil es aceptar que los custodios del Estado sean los verdugos\u201d.<br \/>\nAnalizar la situaci\u00f3n de los j\u00f3venes desde el derecho y posteriormente desde la pr\u00e1ctica, demuestra que existe una gran cantidad de puentes entre lo que se escribe y se discute, y entre lo que realmente se vive desde la experiencia. El paso de un adolescente por estas instituciones provoca marcas, es decir, que el encierro marca un estigma adicional de peligrosidad que se adosa a la peligrosidad previamente asociada a lo \u201cjuvenil precario\u201d; el joven pobre-precarizado-encerrado: delincuente.<br \/>\nEn \u201cLa violencia en los m\u00e1rgenes\u201del soci\u00f3logo Javier Auyero plantea \u201c a los habitantes de los m\u00e1rgenes urbanos, no se los suele escuchar hablar p\u00fablicamente de la inseguridad. Ellos la viven a diario, pero el discurso de la inseguridad pertenece a (es fabricado y manipulado por) otros. As\u00ed, la experiencia de la violencia interpersonal (y del miedo a \u00e9sta) entre los m\u00e1s pobres se vuelve algo indecible; y el trauma que se vive a diario en los territorios de relegaci\u00f3n en los que ellos habitan se torna en una experiencia negada.<br \/>\nSe entiende que SA se ha excluido con su conducta antisocial pero no se puede dejar de lado el hecho de que es producto de una exclusi\u00f3n mayor de la que todos somos c\u00f3mplices. Si no somos capaces de visibilizar la violencia depositada en los j\u00f3venes como \u00e9l y de hacer algo al respecto, seguiremos padeciendo violencia, pero social. \u00bfCu\u00e1l es el objetivo de estas instituciones: castigar o reinsertar?. Mientras la pr\u00e1ctica no est\u00e9 clara, las c\u00e1rceles se llenar\u00e1n de muchos SA que har\u00e1n lo posible por escaparse.<\/p>\n<p>&nbsp;<\/p>\n<p>&nbsp;<\/p>\n<p>&nbsp;<\/p>\n<p>&nbsp;<\/p>\n<p>&nbsp;<\/p>\n<p>&nbsp;<\/p>\n<p>&nbsp;<\/p>\n<p>&nbsp;<\/p>\n<p>&nbsp;<\/p>\n<p>&nbsp;<\/p>\n<p>&nbsp;<\/p>\n<p>&nbsp;<\/p>\n<p>&nbsp;<\/p>\n<p>&nbsp;<\/p>\n<p>&nbsp;<\/p>\n<p>&nbsp;<\/p>\n<p>&nbsp;<\/p>\n<p>&nbsp;<\/p>\n<p>&nbsp;<\/p>\n<p>&nbsp;<\/p>\n<p>&nbsp;<\/p>\n","protected":false},"excerpt":{"rendered":"<p>Un joven de 21 a\u00f1os, a qui\u00e9n llamaremos SA, se fug\u00f3 el pasado 29 de abril del Instituto Virrey del Pino perteneciente a la Unidad Penitenciaria de La Matanza. Hasta el momento, ning\u00fan representante del Estado se ha comunicado con la familia, pero esa no es la \u00fanica ausencia estatal que han padecido.<\/p>\n","protected":false},"author":8,"featured_media":0,"comment_status":"open","ping_status":"open","sticky":false,"template":"","format":"standard","meta":{"_jetpack_newsletter_access":"","_jetpack_dont_email_post_to_subs":false,"_jetpack_newsletter_tier_id":0,"_jetpack_memberships_contains_paywalled_content":false,"_jetpack_memberships_contains_paid_content":false,"footnotes":""},"categories":[64],"tags":[],"class_list":["post-47944","post","type-post","status-publish","format-standard","hentry","category-opinion"],"jetpack_featured_media_url":"","jetpack_shortlink":"https:\/\/wp.me\/p2JWE0-cti","jetpack-related-posts":[{"id":115529,"url":"https:\/\/www.24baires.com\/?p=115529","url_meta":{"origin":47944,"position":0},"title":"La Provincia compr\u00f3 respiradores que nunca llegaron y recurre a la Justicia","author":"AF","date":"02\/07\/2020","format":false,"excerpt":"Desde el Ejecutivo bonaerense se pagaron 124 millones de pesos por los equipos m\u00e9dicos que no fueron entregados. El Ministerio de Salud de la provincia de Buenos Aires hab\u00eda encargado 200 respiradores de alta complejidad a la empresa Aeromedical SA, sin embargo, la compa\u00f1\u00eda envi\u00f3 equipos de otra marca a\u2026","rel":"","context":"En \u00abProvincia\u00bb","block_context":{"text":"Provincia","link":"https:\/\/www.24baires.com\/?cat=40"},"img":{"alt_text":"","src":"https:\/\/i0.wp.com\/www.24baires.com\/wp-content\/uploads\/2020\/07\/kici.jpeg?resize=350%2C200","width":350,"height":200,"srcset":"https:\/\/i0.wp.com\/www.24baires.com\/wp-content\/uploads\/2020\/07\/kici.jpeg?resize=350%2C200 1x, https:\/\/i0.wp.com\/www.24baires.com\/wp-content\/uploads\/2020\/07\/kici.jpeg?resize=525%2C300 1.5x"},"classes":[]},{"id":63022,"url":"https:\/\/www.24baires.com\/?p=63022","url_meta":{"origin":47944,"position":1},"title":"La Corte orden\u00f3 una multa millonaria para Telef\u00f3nica","author":"Grupo Sierra","date":"11\/03\/2015","format":false,"excerpt":"Se confirm\u00f3 este mi\u00e9rcoles una multa aplicada Telef\u00f3nica y otras empresas que participaron de la denominada \"Operaci\u00f3n Telco\", con la que conformaron un grupo societario que hab\u00eda pasado a controlar a Telecom. En su fallo, el m\u00e1ximo tribunal del pa\u00eds se remiti\u00f3 a los fundamentos expuestos por la Procuradora General\u2026","rel":"","context":"En \u00abJUDICIALES\u00bb","block_context":{"text":"JUDICIALES","link":"https:\/\/www.24baires.com\/?cat=68"},"img":{"alt_text":"telefnica","src":"https:\/\/i0.wp.com\/www.24baires.com\/wp-content\/uploads\/2013\/12\/telefnica.jpg?resize=350%2C200","width":350,"height":200,"srcset":"https:\/\/i0.wp.com\/www.24baires.com\/wp-content\/uploads\/2013\/12\/telefnica.jpg?resize=350%2C200 1x, https:\/\/i0.wp.com\/www.24baires.com\/wp-content\/uploads\/2013\/12\/telefnica.jpg?resize=525%2C300 1.5x"},"classes":[]},{"id":81231,"url":"https:\/\/www.24baires.com\/?p=81231","url_meta":{"origin":47944,"position":2},"title":"Siete funcionarios de Cambiemos aparecen con cuentas offshore","author":"GB","date":"10\/04\/2016","format":false,"excerpt":"Luego de la filtraci\u00f3n de los Panama Papers y la pol\u00e9mica por la creaci\u00f3n de empresas en para\u00edsos fiscales, ahora se supo que distintos funcionarios del nuevo Gobierno tienen sociedades offshore. La soci\u00f3loga econ\u00f3mica e investigadora del CONICET, Ana Castellani, nuevos funcionarios del gabinete nacional de Cambiemos tendr\u00edan cuentas offshore\u2026","rel":"","context":"En \u00abPol\u00edtica\u00bb","block_context":{"text":"Pol\u00edtica","link":"https:\/\/www.24baires.com\/?cat=51"},"img":{"alt_text":"cambiemos","src":"https:\/\/i0.wp.com\/www.24baires.com\/wp-content\/uploads\/2016\/04\/cambiemos.jpg?resize=350%2C200","width":350,"height":200,"srcset":"https:\/\/i0.wp.com\/www.24baires.com\/wp-content\/uploads\/2016\/04\/cambiemos.jpg?resize=350%2C200 1x, https:\/\/i0.wp.com\/www.24baires.com\/wp-content\/uploads\/2016\/04\/cambiemos.jpg?resize=525%2C300 1.5x"},"classes":[]},{"id":115506,"url":"https:\/\/www.24baires.com\/?p=115506","url_meta":{"origin":47944,"position":3},"title":"Proh\u00edben la salida del pa\u00eds a Dietrich, Dujovne, Iguacel y Saravia Fr\u00edas","author":"AF","date":"30\/06\/2020","format":false,"excerpt":"El juez Rodolfo Canicoba Corral ya orden\u00f3 las indagatorias. Los exminisros est\u00e1n involucrados en la causa por las irregularidades en la concesi\u00f3n de la Panamerica, cuyo accionista era el Grupo Socma, y el Acceso Oeste. Tras un a\u00f1o de investigaci\u00f3n, finalmente los exfuncionarios del gobierno de Mauricio Macri imputados por\u2026","rel":"","context":"En \u00abJUDICIALES\u00bb","block_context":{"text":"JUDICIALES","link":"https:\/\/www.24baires.com\/?cat=68"},"img":{"alt_text":"","src":"https:\/\/i0.wp.com\/www.24baires.com\/wp-content\/uploads\/2020\/06\/whatsapp-20image-202020-06-30-20at-2017-57-41.jpeg?resize=350%2C200","width":350,"height":200,"srcset":"https:\/\/i0.wp.com\/www.24baires.com\/wp-content\/uploads\/2020\/06\/whatsapp-20image-202020-06-30-20at-2017-57-41.jpeg?resize=350%2C200 1x, https:\/\/i0.wp.com\/www.24baires.com\/wp-content\/uploads\/2020\/06\/whatsapp-20image-202020-06-30-20at-2017-57-41.jpeg?resize=525%2C300 1.5x"},"classes":[]},{"id":17188,"url":"https:\/\/www.24baires.com\/?p=17188","url_meta":{"origin":47944,"position":4},"title":"Rotundo \u00e9xito de la segunda ronda de venta de bonos YPF para peque\u00f1os inversores","author":"AF","date":"02\/03\/2013","format":false,"excerpt":"De acuerdo a la informaci\u00f3n difundida desde la petrolera, se recibieron \u00f3rdenes por 450 millones de pesos, casi cinco veces el monto ofrecido originalmente, que era de 100 millones. Con respecto al sector financiero, y a diferencia de la emisi\u00f3n anterior, que tuvo 9 colocadores, esta vez cont\u00f3 con 18,\u2026","rel":"","context":"En \u00abEconom\u00eda\u00bb","block_context":{"text":"Econom\u00eda","link":"https:\/\/www.24baires.com\/?cat=45"},"img":{"alt_text":"bono-ypf.jpg_552074685","src":"https:\/\/i0.wp.com\/www.24baires.com\/wp-content\/uploads\/2013\/03\/bono-ypf.jpg_552074685.jpg?resize=350%2C200","width":350,"height":200,"srcset":"https:\/\/i0.wp.com\/www.24baires.com\/wp-content\/uploads\/2013\/03\/bono-ypf.jpg_552074685.jpg?resize=350%2C200 1x, https:\/\/i0.wp.com\/www.24baires.com\/wp-content\/uploads\/2013\/03\/bono-ypf.jpg_552074685.jpg?resize=525%2C300 1.5x"},"classes":[]},{"id":94955,"url":"https:\/\/www.24baires.com\/?p=94955","url_meta":{"origin":47944,"position":5},"title":"Investigan si Mauricio Macri se benefici\u00f3 con una venta millonaria","author":"GB","date":"02\/06\/2017","format":false,"excerpt":"El gobierno de Mauricio Macri autoriz\u00f3 numerosos aumentos en los peajes de Autopistas del Sol de la cual era due\u00f1a de una parte una empresa del Grupo Macri. Semanas atr\u00e1s los Macri vendieron su paquete accionario luego de que los papeles se revalorizaran un 394% merced de las subas de\u2026","rel":"","context":"En \u00abPol\u00edtica\u00bb","block_context":{"text":"Pol\u00edtica","link":"https:\/\/www.24baires.com\/?cat=51"},"img":{"alt_text":"","src":"https:\/\/i0.wp.com\/www.24baires.com\/wp-content\/uploads\/2017\/02\/macri-conferencia.jpg?resize=350%2C200","width":350,"height":200,"srcset":"https:\/\/i0.wp.com\/www.24baires.com\/wp-content\/uploads\/2017\/02\/macri-conferencia.jpg?resize=350%2C200 1x, https:\/\/i0.wp.com\/www.24baires.com\/wp-content\/uploads\/2017\/02\/macri-conferencia.jpg?resize=525%2C300 1.5x"},"classes":[]}],"jetpack_sharing_enabled":true,"jetpack_likes_enabled":true,"_links":{"self":[{"href":"https:\/\/www.24baires.com\/index.php?rest_route=\/wp\/v2\/posts\/47944","targetHints":{"allow":["GET"]}}],"collection":[{"href":"https:\/\/www.24baires.com\/index.php?rest_route=\/wp\/v2\/posts"}],"about":[{"href":"https:\/\/www.24baires.com\/index.php?rest_route=\/wp\/v2\/types\/post"}],"author":[{"embeddable":true,"href":"https:\/\/www.24baires.com\/index.php?rest_route=\/wp\/v2\/users\/8"}],"replies":[{"embeddable":true,"href":"https:\/\/www.24baires.com\/index.php?rest_route=%2Fwp%2Fv2%2Fcomments&post=47944"}],"version-history":[{"count":3,"href":"https:\/\/www.24baires.com\/index.php?rest_route=\/wp\/v2\/posts\/47944\/revisions"}],"predecessor-version":[{"id":47954,"href":"https:\/\/www.24baires.com\/index.php?rest_route=\/wp\/v2\/posts\/47944\/revisions\/47954"}],"wp:attachment":[{"href":"https:\/\/www.24baires.com\/index.php?rest_route=%2Fwp%2Fv2%2Fmedia&parent=47944"}],"wp:term":[{"taxonomy":"category","embeddable":true,"href":"https:\/\/www.24baires.com\/index.php?rest_route=%2Fwp%2Fv2%2Fcategories&post=47944"},{"taxonomy":"post_tag","embeddable":true,"href":"https:\/\/www.24baires.com\/index.php?rest_route=%2Fwp%2Fv2%2Ftags&post=47944"}],"curies":[{"name":"wp","href":"https:\/\/api.w.org\/{rel}","templated":true}]}}