{"id":4790,"date":"2012-11-08T15:00:52","date_gmt":"2012-11-08T18:00:52","guid":{"rendered":"http:\/\/www.24baires.com\/?p=4790"},"modified":"2012-11-08T15:19:52","modified_gmt":"2012-11-08T18:19:52","slug":"advierten-sobre-la-expansion-del-bullying-a-traves-de-las-redes-sociales","status":"publish","type":"post","link":"https:\/\/www.24baires.com\/?p=4790","title":{"rendered":"Advierten sobre la expansi\u00f3n del bullying a trav\u00e9s de las redes sociales"},"content":{"rendered":"<p>Uno de cada tres chicos sufri\u00f3 o sufrir\u00e1 acoso por parte de sus compa\u00f1eros en la escuela. A esto se suma que la conexi\u00f3n a trav\u00e9s de redes sociales extiende el hostigamiento a los hogares y puede convertirse en una tortura que perturba a la v\u00edctima en forma constante.<!--more--><\/p>\n<p>El bullying es una problem\u00e1tica de la ni\u00f1ez y la adolescencia que involucra a toda la comunidad escolar y, sobre todo, a la salud y al desarrollo del ni\u00f1o hostigado. Por eso, el ministerio de Salud de la Provincia abord\u00f3 la responsabilidad del Estado a la hora de combatirlo en el Tercer Congreso de Salud Mental, que se llev\u00f3 a cabo en La Plata.<\/p>\n<p>\u201cSi bien no hay cifras certeras sobre la cantidad de afectados sabemos que es un problema que afecta a much\u00edsimos chicos y que repercute en su salud mental y f\u00edsica\u201d, afirm\u00f3 el ministro de Salud provincial, Alejandro Collia, y agreg\u00f3 que \u201ces nuestra responsabilidad cuidar a los ni\u00f1os y prevenir la violencia en las escuelas para que crezcan en armon\u00eda y sean adultos sanos y tolerantes\u201d.<\/p>\n<p>En ese sentido, record\u00f3 que existe un proyecto de ley de Educaci\u00f3n para la Salud que contempla acciones a favor de la salud f\u00edsica y mental de los chicos en las escuelas de la provincia y, en ese marco, se contemplan capacitaciones y talleres para abordar el tema en las aulas.<\/p>\n","protected":false},"excerpt":{"rendered":"<p>Uno de cada tres chicos sufri\u00f3 o sufrir\u00e1 acoso por parte de sus compa\u00f1eros en la escuela. A esto se suma que la conexi\u00f3n a trav\u00e9s de redes sociales extiende el hostigamiento a los hogares y puede convertirse en una tortura que perturba a la v\u00edctima en forma constante.<\/p>\n","protected":false},"author":4,"featured_media":0,"comment_status":"open","ping_status":"open","sticky":false,"template":"","format":"standard","meta":{"_jetpack_newsletter_access":"","_jetpack_dont_email_post_to_subs":false,"_jetpack_newsletter_tier_id":0,"_jetpack_memberships_contains_paywalled_content":false,"_jetpack_memberships_contains_paid_content":false,"footnotes":""},"categories":[1],"tags":[],"class_list":["post-4790","post","type-post","status-publish","format-standard","hentry","category-sociedad"],"jetpack_featured_media_url":"","jetpack_shortlink":"https:\/\/wp.me\/p2JWE0-1fg","jetpack-related-posts":[{"id":52815,"url":"https:\/\/www.24baires.com\/?p=52815","url_meta":{"origin":4790,"position":0},"title":"Subieron un 42% las denuncias por casos de bullying","author":"Grupo Sierra","date":"31\/08\/2014","format":false,"excerpt":"En julio hubo 140 casos denunciados, 44 m\u00e1s que en el mismo mes del a\u00f1o pasado. Tambi\u00e9n preocupa que los hechos sean cada vez m\u00e1s violentos. Se suman las agresiones a trav\u00e9s de las redes sociales. De acuerdo a la estad\u00edstica que elabora la ONG \"Bullying Sin Fronteras\", las agresiones\u2026","rel":"","context":"En \u00abSociedad\u00bb","block_context":{"text":"Sociedad","link":"https:\/\/www.24baires.com\/?cat=1"},"img":{"alt_text":"bullying","src":"https:\/\/i0.wp.com\/www.24baires.com\/wp-content\/uploads\/2014\/05\/bullying.jpg?resize=350%2C200","width":350,"height":200,"srcset":"https:\/\/i0.wp.com\/www.24baires.com\/wp-content\/uploads\/2014\/05\/bullying.jpg?resize=350%2C200 1x, https:\/\/i0.wp.com\/www.24baires.com\/wp-content\/uploads\/2014\/05\/bullying.jpg?resize=525%2C300 1.5x"},"classes":[]},{"id":24668,"url":"https:\/\/www.24baires.com\/?p=24668","url_meta":{"origin":4790,"position":1},"title":"Los casos de \u00abbullying\u00bb en la Provincia son tratados por los Servicios Locales","author":"Grupo Sierra","date":"29\/05\/2013","format":false,"excerpt":"Varios casos de hostigamiento o acoso escolar, tambi\u00e9n llamado \"bullying\", son tratados por los servicios locales de promoci\u00f3n y protecci\u00f3n de derechos del ni\u00f1o en los municipios bonaerenses, inform\u00f3 la Secretar\u00eda de Ni\u00f1ez y Adolescencia. Un ni\u00f1o de 9 a\u00f1os era golpeado frecuentemente por un compa\u00f1ero de escuela en Lincoln\u2026","rel":"","context":"En \u00abLocales\u00bb","block_context":{"text":"Locales","link":"https:\/\/www.24baires.com\/?cat=38"},"img":{"alt_text":"","src":"","width":0,"height":0},"classes":[]},{"id":53201,"url":"https:\/\/www.24baires.com\/?p=53201","url_meta":{"origin":4790,"position":2},"title":"Denuncian que un 34% de j\u00f3venes en La Plata sufrieron acoso en las redes sociales","author":"Grupo Sierra","date":"06\/09\/2014","format":false,"excerpt":"As\u00ed lo marca una encuesta hecha entre alumnos de escuelas platenses. El 99% es usuario de las redes. Fue presentada en el Foro sobre \u201cHostigamiento en el \u00e1mbito escolar\u201d. Un 34% de los alumnos encuestados en escuelas municipales de La Plata asegur\u00f3 haber sido agredido a trav\u00e9s de las redes\u2026","rel":"","context":"En \u00abSociedad\u00bb","block_context":{"text":"Sociedad","link":"https:\/\/www.24baires.com\/?cat=1"},"img":{"alt_text":"facebook falla","src":"https:\/\/i0.wp.com\/www.24baires.com\/wp-content\/uploads\/2013\/06\/facebook-falla-300x224.jpg?resize=350%2C200","width":350,"height":200},"classes":[]},{"id":68828,"url":"https:\/\/www.24baires.com\/?p=68828","url_meta":{"origin":4790,"position":3},"title":"Escuelas bonaerenses deber\u00e1n contar con \u00abacuerdos de convivevencia\u00bb","author":"AF","date":"09\/07\/2015","format":false,"excerpt":"Todas las escuelas de la provincia de Buenos Aires tendr\u00e1n que tener \"acuerdos de convivencia\" para combatir el acoso escolar o bullying, la discriminaci\u00f3n y la violencia, seg\u00fan un proyecto de ley sancionado anoche por la C\u00e1mara de Senadores bonaerense. La iniciativa, denominada \u201cPromoci\u00f3n de la convivencia y abordaje de\u2026","rel":"","context":"En \u00abSociedad\u00bb","block_context":{"text":"Sociedad","link":"https:\/\/www.24baires.com\/?cat=1"},"img":{"alt_text":"escuela03","src":"https:\/\/i0.wp.com\/www.24baires.com\/wp-content\/uploads\/2014\/05\/escuela03.jpg?resize=350%2C200","width":350,"height":200,"srcset":"https:\/\/i0.wp.com\/www.24baires.com\/wp-content\/uploads\/2014\/05\/escuela03.jpg?resize=350%2C200 1x, https:\/\/i0.wp.com\/www.24baires.com\/wp-content\/uploads\/2014\/05\/escuela03.jpg?resize=525%2C300 1.5x"},"classes":[]},{"id":28314,"url":"https:\/\/www.24baires.com\/?p=28314","url_meta":{"origin":4790,"position":4},"title":"En el \u00faltimo semestre hubo casi 800 denuncias por bullying en Capital y Conurbano","author":"AF","date":"15\/07\/2013","format":false,"excerpt":"As\u00ed lo revel\u00f3 un estudio de la recientemente creada ONG Bullying Sin Fronteras. En los \u00faltimos cuatro a\u00f1os, hubo seis casos con nenes fallecidos a partir de cuestiones de violencia escolar. M\u00e1s de 780 casos de \"bullying\" fueron denunciados durante el primer semestre de 2013 en escuelas de la Ciudad\u2026","rel":"","context":"En \u00abSociedad\u00bb","block_context":{"text":"Sociedad","link":"https:\/\/www.24baires.com\/?cat=1"},"img":{"alt_text":"","src":"","width":0,"height":0},"classes":[]},{"id":47607,"url":"https:\/\/www.24baires.com\/?p=47607","url_meta":{"origin":4790,"position":5},"title":"Buscan frenar el acoso escolar mediante una ley","author":"Grupo Sierra","date":"07\/06\/2014","format":false,"excerpt":"Un proyecto de ley para combatir el bullying fue presentado en la C\u00e1mara de Diputados bonaerense por iniciativa del diputado del Frente para la Victoria Marcelo Feli\u00fa. La propuesta, denominada de \u201cPromoci\u00f3n de la convivencia y abordaje de la Conflictividad Social en las instituciones educativas de la Provincia\u201d, procura asegurar\u2026","rel":"","context":"En \u00abSociedad\u00bb","block_context":{"text":"Sociedad","link":"https:\/\/www.24baires.com\/?cat=1"},"img":{"alt_text":"bullying","src":"https:\/\/i0.wp.com\/www.24baires.com\/wp-content\/uploads\/2013\/08\/bullying.jpg?resize=350%2C200","width":350,"height":200,"srcset":"https:\/\/i0.wp.com\/www.24baires.com\/wp-content\/uploads\/2013\/08\/bullying.jpg?resize=350%2C200 1x, https:\/\/i0.wp.com\/www.24baires.com\/wp-content\/uploads\/2013\/08\/bullying.jpg?resize=525%2C300 1.5x"},"classes":[]}],"jetpack_sharing_enabled":true,"jetpack_likes_enabled":true,"_links":{"self":[{"href":"https:\/\/www.24baires.com\/index.php?rest_route=\/wp\/v2\/posts\/4790","targetHints":{"allow":["GET"]}}],"collection":[{"href":"https:\/\/www.24baires.com\/index.php?rest_route=\/wp\/v2\/posts"}],"about":[{"href":"https:\/\/www.24baires.com\/index.php?rest_route=\/wp\/v2\/types\/post"}],"author":[{"embeddable":true,"href":"https:\/\/www.24baires.com\/index.php?rest_route=\/wp\/v2\/users\/4"}],"replies":[{"embeddable":true,"href":"https:\/\/www.24baires.com\/index.php?rest_route=%2Fwp%2Fv2%2Fcomments&post=4790"}],"version-history":[{"count":1,"href":"https:\/\/www.24baires.com\/index.php?rest_route=\/wp\/v2\/posts\/4790\/revisions"}],"predecessor-version":[{"id":4791,"href":"https:\/\/www.24baires.com\/index.php?rest_route=\/wp\/v2\/posts\/4790\/revisions\/4791"}],"wp:attachment":[{"href":"https:\/\/www.24baires.com\/index.php?rest_route=%2Fwp%2Fv2%2Fmedia&parent=4790"}],"wp:term":[{"taxonomy":"category","embeddable":true,"href":"https:\/\/www.24baires.com\/index.php?rest_route=%2Fwp%2Fv2%2Fcategories&post=4790"},{"taxonomy":"post_tag","embeddable":true,"href":"https:\/\/www.24baires.com\/index.php?rest_route=%2Fwp%2Fv2%2Ftags&post=4790"}],"curies":[{"name":"wp","href":"https:\/\/api.w.org\/{rel}","templated":true}]}}