{"id":4785,"date":"2012-11-08T15:12:30","date_gmt":"2012-11-08T18:12:30","guid":{"rendered":"http:\/\/www.24baires.com\/?p=4785"},"modified":"2012-11-08T15:13:00","modified_gmt":"2012-11-08T18:13:00","slug":"incorporaron-aprendices-a-ferrobaires-para-su-capacitacion","status":"publish","type":"post","link":"https:\/\/www.24baires.com\/?p=4785","title":{"rendered":"Incorporaron aprendices a Ferrobaires para su capacitaci\u00f3n"},"content":{"rendered":"<p><img data-recalc-dims=\"1\" loading=\"lazy\" decoding=\"async\" class=\"alignleft size-medium wp-image-4786\" title=\"Maltana\" src=\"https:\/\/i0.wp.com\/www.24baires.com\/wp-content\/uploads\/2012\/11\/Maltana.jpg?resize=300%2C199\" alt=\"\" width=\"300\" height=\"199\" srcset=\"https:\/\/i0.wp.com\/www.24baires.com\/wp-content\/uploads\/2012\/11\/Maltana.jpg?resize=300%2C199&amp;ssl=1 300w, https:\/\/i0.wp.com\/www.24baires.com\/wp-content\/uploads\/2012\/11\/Maltana.jpg?w=560&amp;ssl=1 560w\" sizes=\"auto, (max-width: 300px) 100vw, 300px\" \/>El interventor de Ferrobaires, Antonio Maltana, acompa\u00f1ado del subsecretario de Trabajo, Carlos Molina, y del subsecretario de la Negociaci\u00f3n Colectiva de la cartera laboral, Carlos Di Paolo, participaron del acto de incorporaci\u00f3n de 12 aprendices a la empresa ferroviaria provincial en La Plata.<!--more--><br \/>\nLos nuevos agentes se formar\u00e1n profesionalmente en las aulas de la \u201cUnidad de Salud y Seguridad en el Trabajo, de Formaci\u00f3n y Capacitaci\u00f3n\u201d, situadas en Av. Hornos N\u00ba 67, Constituci\u00f3n, Ciudad Aut\u00f3noma de Buenos Aires.<\/p>\n<p>En este marco, Maltana recomend\u00f3 a las nuevas incorporaciones \u201cque utilicen esta herramienta que es la capacitaci\u00f3n y el aprendizaje. Hay todo un camino por recorrer y aspiramos a que dentro de tres a\u00f1os sean ustedes los que ocupen lugares importantes dentro de la empresa\u201d.<\/p>\n<p>\u201cLa capacitaci\u00f3n para nosotros es fundamental, porque el objetivo de Daniel Scioli es que resurja el ferrocarril a nivel provincial y tambi\u00e9n a nivel nacional. Este peque\u00f1o acto puede parecer exagerado, pero no lo es para un ferroviario\u201d, concluy\u00f3 el Interventor.<\/p>\n<p>Por su parte, Molina afirm\u00f3 que \u201cel tren no es un medio de transporte solamente, el tren es un gestor de soberan\u00eda nacional. La imagen de pujanza es una locomotora y eso no es casual. Para Daniel Scioli recuperar el ferrocarril debe hacerse en primer termino desde el personal humano, a trav\u00e9s de la capacitaci\u00f3n, de la prevenci\u00f3n y la salud de los trabajadores\u201d.<\/p>\n<p>Por \u00faltimo, el Subsecretario de Trabajo expres\u00f3 que \u201clos aprendices ya son ganadores de por s\u00ed, ya que se est\u00e1n incorporando a la empresa, a un factor de dinamismo y de crecimiento. Tienen que saber, adem\u00e1s, que cuentan con todo el apoyo del gobierno provincial\u201d.<\/p>\n<p>Cabe destacar que de esta actividad tambi\u00e9n participaron el Subinterventor de Ferrobaires, Pedro Cedr\u00e9s; el Coordinador Ejecutivo de la Unidad de Salud y Seguridad en Ferrobaires, Pedro Medranao;y el coordinador de la Comisi\u00f3n de Salud y Seguridad del Trabajo, Roberto Tomasino; entre otras autoridades.<\/p>\n","protected":false},"excerpt":{"rendered":"<p>El interventor de Ferrobaires, Antonio Maltana, acompa\u00f1ado del subsecretario de Trabajo, Carlos Molina, y del subsecretario de la Negociaci\u00f3n Colectiva de la cartera laboral, Carlos Di Paolo, participaron del acto de incorporaci\u00f3n de 12 aprendices a la empresa ferroviaria provincial en La Plata.<\/p>\n","protected":false},"author":4,"featured_media":0,"comment_status":"open","ping_status":"open","sticky":false,"template":"","format":"standard","meta":{"_jetpack_newsletter_access":"","_jetpack_dont_email_post_to_subs":false,"_jetpack_newsletter_tier_id":0,"_jetpack_memberships_contains_paywalled_content":false,"_jetpack_memberships_contains_paid_content":false,"footnotes":""},"categories":[1],"tags":[],"class_list":["post-4785","post","type-post","status-publish","format-standard","hentry","category-sociedad"],"jetpack_featured_media_url":"","jetpack_shortlink":"https:\/\/wp.me\/p2JWE0-1fb","jetpack-related-posts":[{"id":36931,"url":"https:\/\/www.24baires.com\/?p=36931","url_meta":{"origin":4785,"position":0},"title":"Ferrobaires: una capacitaci\u00f3n que vale por 900","author":"Grupo Sierra","date":"16\/12\/2013","format":false,"excerpt":"En la Casa de la Provincia, Ferrobaires entreg\u00f3 certificados a los 900 trabajadores que se capacitaron durante el a\u00f1o a trav\u00e9s de los programas de formaci\u00f3n que dict\u00f3 junto al Ministerio de Trabajo y la Subsecretar\u00eda para la Modernizaci\u00f3n del Estado, por medio del Instituto Provincial de la Administraci\u00f3n P\u00fablica\u2026","rel":"","context":"En \u00abProvincia\u00bb","block_context":{"text":"Provincia","link":"https:\/\/www.24baires.com\/?cat=40"},"img":{"alt_text":"","src":"","width":0,"height":0},"classes":[]},{"id":12650,"url":"https:\/\/www.24baires.com\/?p=12650","url_meta":{"origin":4785,"position":1},"title":"Contin\u00faa suspendido el servicio de trenes a Mar del Plata","author":"AF","date":"18\/01\/2013","format":false,"excerpt":"Ferrobaires aclar\u00f3 que la decisi\u00f3n es transitoria y fue adoptada por la falta de confort de los vagones que hab\u00edan sido maltratados. La Provincia suspendi\u00f3 en forma transitoria el servicio de trenes entre Constituci\u00f3n y Mar del Plata. Los pasajeros son trasladados en \u00f3mnibus contratados por Ferrobaires. La decisi\u00f3n fue\u2026","rel":"","context":"En \u00abProvincia\u00bb","block_context":{"text":"Provincia","link":"https:\/\/www.24baires.com\/?cat=40"},"img":{"alt_text":"tren en miramar","src":"https:\/\/i0.wp.com\/www.24baires.com\/wp-content\/uploads\/2013\/01\/tren-en-miramar-300x199.jpg?resize=350%2C200","width":350,"height":200},"classes":[]},{"id":51056,"url":"https:\/\/www.24baires.com\/?p=51056","url_meta":{"origin":4785,"position":2},"title":"Scioli pondr\u00e1 en marcha el Tren Tur\u00edstico de Tandil","author":"GB","date":"03\/08\/2014","format":false,"excerpt":"El Gobernador desarrollar\u00e1 este domingo una intensa agenda de trabajo, en seguridad, inclusi\u00f3n, salud y turismo. Pondr\u00e1 en marcha el Tren Tur\u00edstico Tandil- Gardey- Vela, y recibir\u00e1 en Gardey dos formaciones de Ferrobaires, una procedente de Tandil y la otra de Vela, como parte del acto inaugural, junto al Intendente\u2026","rel":"","context":"En \u00abLocales\u00bb","block_context":{"text":"Locales","link":"https:\/\/www.24baires.com\/?cat=38"},"img":{"alt_text":"scioli tren","src":"https:\/\/i0.wp.com\/www.24baires.com\/wp-content\/uploads\/2014\/08\/scioli-tren.jpg?resize=350%2C200","width":350,"height":200},"classes":[]},{"id":9821,"url":"https:\/\/www.24baires.com\/?p=9821","url_meta":{"origin":4785,"position":3},"title":"Anunciaron la reactivaci\u00f3n del tren Mar del Plata &#8211; Miramar","author":"AF","date":"20\/12\/2012","format":false,"excerpt":"El Gobernador anunci\u00f3 la reactivaci\u00f3n del servicio Mar del Plata - Miramar. Se concretar\u00e1 el pr\u00f3ximo viernes 4 de enero tras 2 a\u00f1os de inactividad, tramo que se sumar\u00e1 al recorrido que comienza en Constituci\u00f3n. El administrador General de Ferrobaires, Antonio Maltana, detall\u00f3 que este a\u00f1o se registr\u00f3 una venta\u2026","rel":"","context":"En \u00abLocales\u00bb","block_context":{"text":"Locales","link":"https:\/\/www.24baires.com\/?cat=38"},"img":{"alt_text":"scioli hogan","src":"https:\/\/i0.wp.com\/www.24baires.com\/wp-content\/uploads\/2012\/12\/scioli-hogan-300x199.jpg?resize=350%2C200","width":350,"height":200},"classes":[]},{"id":69188,"url":"https:\/\/www.24baires.com\/?p=69188","url_meta":{"origin":4785,"position":4},"title":"Ya comenz\u00f3 a funcionar el tren que une Pinamar y Constituci\u00f3n","author":"AF","date":"17\/07\/2015","format":false,"excerpt":"Desde este viernes y aprovechando el inicio de las vacaciones en la provincia de Buenos Aires, comenzar\u00e1 a operar luego de cinco a\u00f1os de inactividad el servicio del tren tur\u00edstico que va desde Constituci\u00f3n a Pinamar. Seg\u00fan se inform\u00f3, hoy partir\u00e1 la primera formaci\u00f3n que fue anunciada d\u00edas atr\u00e1s por\u2026","rel":"","context":"En \u00abLocales\u00bb","block_context":{"text":"Locales","link":"https:\/\/www.24baires.com\/?cat=38"},"img":{"alt_text":"tren","src":"https:\/\/i0.wp.com\/www.24baires.com\/wp-content\/uploads\/2014\/06\/tren.jpg?resize=350%2C200","width":350,"height":200,"srcset":"https:\/\/i0.wp.com\/www.24baires.com\/wp-content\/uploads\/2014\/06\/tren.jpg?resize=350%2C200 1x, https:\/\/i0.wp.com\/www.24baires.com\/wp-content\/uploads\/2014\/06\/tren.jpg?resize=525%2C300 1.5x"},"classes":[]},{"id":51980,"url":"https:\/\/www.24baires.com\/?p=51980","url_meta":{"origin":4785,"position":5},"title":"IPAP capacit\u00f3 a m\u00e1s de 4.500 empleados estatales","author":"AF","date":"17\/08\/2014","format":false,"excerpt":"La Secretar\u00eda General de la Gobernaci\u00f3n, a trav\u00e9s del Instituto Provincial de la Administraci\u00f3n P\u00fablica (IPAP), inform\u00f3 que capacit\u00f3 entre marzo y julio a m\u00e1s de 4.500 agentes estatales sobre procesos administrativos, para incrementar los niveles eficiencia y mejorar la gesti\u00f3n en la administraci\u00f3n provincial. \"A trav\u00e9s de la Subsecretar\u00eda\u2026","rel":"","context":"En \u00abProvincia\u00bb","block_context":{"text":"Provincia","link":"https:\/\/www.24baires.com\/?cat=40"},"img":{"alt_text":"","src":"","width":0,"height":0},"classes":[]}],"jetpack_sharing_enabled":true,"jetpack_likes_enabled":true,"_links":{"self":[{"href":"https:\/\/www.24baires.com\/index.php?rest_route=\/wp\/v2\/posts\/4785","targetHints":{"allow":["GET"]}}],"collection":[{"href":"https:\/\/www.24baires.com\/index.php?rest_route=\/wp\/v2\/posts"}],"about":[{"href":"https:\/\/www.24baires.com\/index.php?rest_route=\/wp\/v2\/types\/post"}],"author":[{"embeddable":true,"href":"https:\/\/www.24baires.com\/index.php?rest_route=\/wp\/v2\/users\/4"}],"replies":[{"embeddable":true,"href":"https:\/\/www.24baires.com\/index.php?rest_route=%2Fwp%2Fv2%2Fcomments&post=4785"}],"version-history":[{"count":3,"href":"https:\/\/www.24baires.com\/index.php?rest_route=\/wp\/v2\/posts\/4785\/revisions"}],"predecessor-version":[{"id":4789,"href":"https:\/\/www.24baires.com\/index.php?rest_route=\/wp\/v2\/posts\/4785\/revisions\/4789"}],"wp:attachment":[{"href":"https:\/\/www.24baires.com\/index.php?rest_route=%2Fwp%2Fv2%2Fmedia&parent=4785"}],"wp:term":[{"taxonomy":"category","embeddable":true,"href":"https:\/\/www.24baires.com\/index.php?rest_route=%2Fwp%2Fv2%2Fcategories&post=4785"},{"taxonomy":"post_tag","embeddable":true,"href":"https:\/\/www.24baires.com\/index.php?rest_route=%2Fwp%2Fv2%2Ftags&post=4785"}],"curies":[{"name":"wp","href":"https:\/\/api.w.org\/{rel}","templated":true}]}}