{"id":4782,"date":"2012-11-08T14:43:29","date_gmt":"2012-11-08T17:43:29","guid":{"rendered":"http:\/\/www.24baires.com\/?p=4782"},"modified":"2012-11-09T11:28:12","modified_gmt":"2012-11-09T14:28:12","slug":"las-movilizaciones-importantes-son-el-tercer-domingo-de-octubre-cada-dos-anos","status":"publish","type":"post","link":"https:\/\/www.24baires.com\/?p=4782","title":{"rendered":"\u00abLas movilizaciones importantes son el tercer domingo de octubre, cada dos a\u00f1os\u00bb"},"content":{"rendered":"<p><img data-recalc-dims=\"1\" loading=\"lazy\" decoding=\"async\" class=\"alignleft size-medium wp-image-4783\" title=\"granados\" src=\"https:\/\/i0.wp.com\/www.24baires.com\/wp-content\/uploads\/2012\/11\/granados.jpg?resize=300%2C199\" alt=\"\" width=\"300\" height=\"199\" srcset=\"https:\/\/i0.wp.com\/www.24baires.com\/wp-content\/uploads\/2012\/11\/granados.jpg?resize=300%2C199&amp;ssl=1 300w, https:\/\/i0.wp.com\/www.24baires.com\/wp-content\/uploads\/2012\/11\/granados.jpg?w=560&amp;ssl=1 560w\" sizes=\"auto, (max-width: 300px) 100vw, 300px\" \/>El intendente de Ezeiza, Alejandro Granados, habl\u00f3 de la movilizaci\u00f3n antikirchnerista de este jueves 8 de noviembre y expres\u00f3 que \u201chay que movilizarse y expresar el apoyo o el descontento, pero por medio del voto\u201d.<!--more--><\/p>\n<p>Lo asegur\u00f3 el intendente de Ezeiza, Alejandro Granados, en respuesta a la manifestaci\u00f3n antikirchnerista que tendr\u00e1 lugar este jueves. Justamente en su distrito, mientras se produzca el cacerolazo opositor, se inaugurar\u00e1 el nuevo centro cultural &#8216;Amigo N\u00e9stor Kirchner&#8217;, con la presencia de la presidenta Cristina Fern\u00e1ndez de Kirchner.<br \/>\n\u201cCada uno tiene derecho a expresarse, pero las movilizaciones importantes son los terceros domingos de octubre, cada dos a\u00f1os. Ah\u00ed hay que movilizarse y expresar por medio del voto su apoyo o descontento. Los que estamos conformes, y lo digo como vecino, nos quedaremos mirando la televisi\u00f3n\u201d, opin\u00f3 el jefe comunal.<\/p>\n<p>Asimismo, consider\u00f3 en declaraciones al programa C\u00f3digo La Plata de Radio La Plata FM 90.9 que \u201cnunca hubo un Gobierno que garantice semejante libertad de prensa y de expresi\u00f3n\u201d.<\/p>\n<p>Por otra parte, elogi\u00f3 a Daniel Scioli, ya que \u201cel gobernador est\u00e1 gestionando a fondo, la Provincia tiene problemas estructurales de toda la vida y creo que con el trabajo de Daniel se van solucionando. Vamos a tener un 2013 muy bueno\u201d.<\/p>\n<p>Cabe mencionar que en Ezeiza, como respuesta al cacerolazo, la presidenta Cristina Fern\u00e1ndez de Kirchner inaugurar\u00e1 el nuevo Centro Cultural \u2018Amigo N\u00e9stor Kirchner\u2019 junto al propio Granados.<\/p>\n<p>\u201cEl gobernador, el vicegobernador, funcionarios, los intendentes, todos, le debemos un homenaje y una obediencia total a nuestro gran l\u00edder, nuestro gran conductor, a un gran estadista que fue N\u00e9stor Kirchner\u201d, remarc\u00f3 Granados.<\/p>\n<p>\u201cGracias a N\u00e9stor tenemos hospital, cementerio, palacio municipal nuevo, tenemos 30 unidades sanitarias, 30 ambulaciones, cloaca, agua corriente y lleg\u00f3 el momento de hacer un teatro y un centro cultural\u201d, finaliz\u00f3.<\/p>\n","protected":false},"excerpt":{"rendered":"<p>El intendente de Ezeiza, Alejandro Granados, habl\u00f3 de la movilizaci\u00f3n antikirchnerista de este jueves 8 de noviembre y expres\u00f3 que \u201chay que movilizarse y expresar el apoyo o el descontento, pero por medio del voto\u201d.<\/p>\n","protected":false},"author":4,"featured_media":0,"comment_status":"open","ping_status":"open","sticky":false,"template":"","format":"standard","meta":{"_jetpack_newsletter_access":"","_jetpack_dont_email_post_to_subs":false,"_jetpack_newsletter_tier_id":0,"_jetpack_memberships_contains_paywalled_content":false,"_jetpack_memberships_contains_paid_content":false,"footnotes":""},"categories":[1],"tags":[],"class_list":["post-4782","post","type-post","status-publish","format-standard","hentry","category-sociedad"],"jetpack_featured_media_url":"","jetpack_shortlink":"https:\/\/wp.me\/p2JWE0-1f8","jetpack-related-posts":[{"id":115179,"url":"https:\/\/www.24baires.com\/?p=115179","url_meta":{"origin":4782,"position":0},"title":"Fern\u00e1ndez: \u00abJusticia es tener acceso a la educaci\u00f3n, a la salud y al agua\u00bb","author":"AF","date":"29\/05\/2020","format":false,"excerpt":"\"Tanto demoramos para entender que hay 2 millones y medio de bonaerenses que necesitan estas obras\", expres\u00f3 el Presidente acompa\u00f1ado por Kicillof y Galmarini. El presidente de la Naci\u00f3n, Alberto Fern\u00e1ndez, encabez\u00f3 este viernes, en el partido bonaerense de Quilmes, el acto de bajada de una tunelera de AySA, que\u2026","rel":"","context":"En \u00abPol\u00edtica\u00bb","block_context":{"text":"Pol\u00edtica","link":"https:\/\/www.24baires.com\/?cat=51"},"img":{"alt_text":"","src":"https:\/\/i0.wp.com\/www.24baires.com\/wp-content\/uploads\/2020\/05\/aysa-1.jpg?resize=350%2C200","width":350,"height":200,"srcset":"https:\/\/i0.wp.com\/www.24baires.com\/wp-content\/uploads\/2020\/05\/aysa-1.jpg?resize=350%2C200 1x, https:\/\/i0.wp.com\/www.24baires.com\/wp-content\/uploads\/2020\/05\/aysa-1.jpg?resize=525%2C300 1.5x"},"classes":[]},{"id":113709,"url":"https:\/\/www.24baires.com\/?p=113709","url_meta":{"origin":4782,"position":1},"title":"Tractorazos en la Provincia contra las retenciones y el inmobiliario rural","author":"AF","date":"07\/01\/2020","format":false,"excerpt":"Se dieron movilizaciones de productores rurales en Pergamino y Saliquel\u00f3. Este martes, los productores agropecuarios se hicieron escuchar nuevamente en la provincia de Buenos Aires. En nuevos tractorazos en los distritos de Salliquel\u00f3 y Pergamino, manifestaron su descontento por el aumento de las retenciones y de los impuestos provinciales y\u2026","rel":"","context":"En \u00abProvincia\u00bb","block_context":{"text":"Provincia","link":"https:\/\/www.24baires.com\/?cat=40"},"img":{"alt_text":"","src":"https:\/\/i0.wp.com\/www.24baires.com\/wp-content\/uploads\/2014\/10\/federaci%C3%B3n-agragria-corte-campo-protesta-tractor.jpg?resize=350%2C200","width":350,"height":200,"srcset":"https:\/\/i0.wp.com\/www.24baires.com\/wp-content\/uploads\/2014\/10\/federaci%C3%B3n-agragria-corte-campo-protesta-tractor.jpg?resize=350%2C200 1x, https:\/\/i0.wp.com\/www.24baires.com\/wp-content\/uploads\/2014\/10\/federaci%C3%B3n-agragria-corte-campo-protesta-tractor.jpg?resize=525%2C300 1.5x"},"classes":[]},{"id":43256,"url":"https:\/\/www.24baires.com\/?p=43256","url_meta":{"origin":4782,"position":2},"title":"Inseguridad: Granados quiere prohibir que viajen dos personas en una moto","author":"GB","date":"03\/04\/2014","format":false,"excerpt":"Seg\u00fan un informe de la Procuraci\u00f3n de la Suprema Corte, gran parte de los robos en Provincia son cometidos por delincuentes que se movilizan en moto.El funcionario de Scioli buscar\u00e1 impedir que haya m\u00e1s de un pasajero por moto. El Ministro de Seguridad bonaerense Alejandro Granados, decidi\u00f3 avanzar con un\u2026","rel":"","context":"En \u00abProvincia\u00bb","block_context":{"text":"Provincia","link":"https:\/\/www.24baires.com\/?cat=40"},"img":{"alt_text":"granados","src":"https:\/\/i0.wp.com\/www.24baires.com\/wp-content\/uploads\/2012\/11\/granados.jpg?resize=350%2C200","width":350,"height":200,"srcset":"https:\/\/i0.wp.com\/www.24baires.com\/wp-content\/uploads\/2012\/11\/granados.jpg?resize=350%2C200 1x, https:\/\/i0.wp.com\/www.24baires.com\/wp-content\/uploads\/2012\/11\/granados.jpg?resize=525%2C300 1.5x"},"classes":[]},{"id":77569,"url":"https:\/\/www.24baires.com\/?p=77569","url_meta":{"origin":4782,"position":3},"title":"Diario espa\u00f1ol asegur\u00f3 que Macri profundiz\u00f3 \u00abla grieta\u00bb","author":"GB","date":"13\/01\/2016","format":false,"excerpt":"El Peri\u00f3dico de Catalunya asegur\u00f3 que el Presidente vuelve a mostrar una divisi\u00f3n entre kirchneristas y antikirchneristas. El diario espa\u00f1ol El Peri\u00f3dico destac\u00f3 en una nota publicada hoy que con el gobierno del presidente Mauricio Macri \"el pa\u00eds vuelve a mostrar la misma grieta que divid\u00eda a kirchneristas y antikirchneristas\".\u2026","rel":"","context":"En \u00abPol\u00edtica\u00bb","block_context":{"text":"Pol\u00edtica","link":"https:\/\/www.24baires.com\/?cat=51"},"img":{"alt_text":"","src":"","width":0,"height":0},"classes":[]},{"id":120594,"url":"https:\/\/www.24baires.com\/?p=120594","url_meta":{"origin":4782,"position":4},"title":"Intendente del PRO se tom\u00f3 licencia en medio de protestas por su gesti\u00f3n","author":"GB","date":"27\/10\/2023","format":false,"excerpt":"OLAVARR\u00cdA-Al un\u00edsono que protestantes se movilizaban, el intendente comenz\u00f3 la licencia de una gesti\u00f3n plagada de cr\u00edticas por presunta corrupci\u00f3n. El Concejo Deliberante de Olavarr\u00eda aprob\u00f3 la solicitud de licencia presentada por el intendente Ezequiel Galli, quien a partir del 10. Esta medida comenzar\u00e1 a aplicarse a partir del mi\u00e9rcoles\u2026","rel":"","context":"En \u00abMunicipios\u00bb","block_context":{"text":"Municipios","link":"https:\/\/www.24baires.com\/?cat=44"},"img":{"alt_text":"","src":"https:\/\/i0.wp.com\/www.24baires.com\/wp-content\/uploads\/2020\/07\/galli.jpg?resize=350%2C200","width":350,"height":200,"srcset":"https:\/\/i0.wp.com\/www.24baires.com\/wp-content\/uploads\/2020\/07\/galli.jpg?resize=350%2C200 1x, https:\/\/i0.wp.com\/www.24baires.com\/wp-content\/uploads\/2020\/07\/galli.jpg?resize=525%2C300 1.5x, https:\/\/i0.wp.com\/www.24baires.com\/wp-content\/uploads\/2020\/07\/galli.jpg?resize=700%2C400 2x"},"classes":[]},{"id":112739,"url":"https:\/\/www.24baires.com\/?p=112739","url_meta":{"origin":4782,"position":5},"title":"\u201cSe viene un municipio feminista, inclusivo y popular\u201d, dijo la intendenta de Quilmes","author":"GB","date":"28\/10\/2019","format":false,"excerpt":"La candidata del Frente de Todos derrot\u00f3 por seis puntos al actual intendente, Martiniano Molina. \u201cVamos a ser muchos trabajando por terminar con el Estado ausente, la falta de prioridades, por que dejen de cerrar los comercios y las PyMEs\u201d, expres\u00f3. La candidata del Frente de Todos, Mayra Mendoza, se\u2026","rel":"","context":"En \u00abELECCIONES 2019\u00bb","block_context":{"text":"ELECCIONES 2019","link":"https:\/\/www.24baires.com\/?cat=329"},"img":{"alt_text":"","src":"https:\/\/i0.wp.com\/www.24baires.com\/wp-content\/uploads\/2019\/10\/mayra-mendoza.jpg?resize=350%2C200","width":350,"height":200,"srcset":"https:\/\/i0.wp.com\/www.24baires.com\/wp-content\/uploads\/2019\/10\/mayra-mendoza.jpg?resize=350%2C200 1x, https:\/\/i0.wp.com\/www.24baires.com\/wp-content\/uploads\/2019\/10\/mayra-mendoza.jpg?resize=525%2C300 1.5x"},"classes":[]}],"jetpack_sharing_enabled":true,"jetpack_likes_enabled":true,"_links":{"self":[{"href":"https:\/\/www.24baires.com\/index.php?rest_route=\/wp\/v2\/posts\/4782","targetHints":{"allow":["GET"]}}],"collection":[{"href":"https:\/\/www.24baires.com\/index.php?rest_route=\/wp\/v2\/posts"}],"about":[{"href":"https:\/\/www.24baires.com\/index.php?rest_route=\/wp\/v2\/types\/post"}],"author":[{"embeddable":true,"href":"https:\/\/www.24baires.com\/index.php?rest_route=\/wp\/v2\/users\/4"}],"replies":[{"embeddable":true,"href":"https:\/\/www.24baires.com\/index.php?rest_route=%2Fwp%2Fv2%2Fcomments&post=4782"}],"version-history":[{"count":3,"href":"https:\/\/www.24baires.com\/index.php?rest_route=\/wp\/v2\/posts\/4782\/revisions"}],"predecessor-version":[{"id":4814,"href":"https:\/\/www.24baires.com\/index.php?rest_route=\/wp\/v2\/posts\/4782\/revisions\/4814"}],"wp:attachment":[{"href":"https:\/\/www.24baires.com\/index.php?rest_route=%2Fwp%2Fv2%2Fmedia&parent=4782"}],"wp:term":[{"taxonomy":"category","embeddable":true,"href":"https:\/\/www.24baires.com\/index.php?rest_route=%2Fwp%2Fv2%2Fcategories&post=4782"},{"taxonomy":"post_tag","embeddable":true,"href":"https:\/\/www.24baires.com\/index.php?rest_route=%2Fwp%2Fv2%2Ftags&post=4782"}],"curies":[{"name":"wp","href":"https:\/\/api.w.org\/{rel}","templated":true}]}}