{"id":4778,"date":"2012-11-08T14:08:15","date_gmt":"2012-11-08T17:08:15","guid":{"rendered":"http:\/\/www.24baires.com\/?p=4778"},"modified":"2012-11-09T11:26:30","modified_gmt":"2012-11-09T14:26:30","slug":"la-reunion-con-de-lucia-no-fue-satisfactoria-dijeron-desde-udocba","status":"publish","type":"post","link":"https:\/\/www.24baires.com\/?p=4778","title":{"rendered":"\u00abLa reuni\u00f3n con De Luc\u00eda no fue satisfactoria\u00bb, dijeron desde UDOCBA"},"content":{"rendered":"<p>As\u00ed lo se\u00f1al\u00f3 el secretario gremial de la Uni\u00f3n de Docentes de Buenos Aires (Udocba), Alejandro Salcedo, quien adem\u00e1s remarc\u00f3 que \u201cla ministra ni siquiera se comprometi\u00f3 a una convocatoria t\u00e9cnica salarial de paritarias. Por eso, decidimos llevar a adelante una medida de fuerza para el martes y mi\u00e9rcoles pr\u00f3ximo\u201d.<!--more--><\/p>\n<p>El secretario gremial de Udocba, Alejandro Salcedo se\u00f1al\u00f3 que tras la reuni\u00f3n que los sindicatos que componen el Frente Gremial Docente mantuvieron con la directora de Educaci\u00f3n de la Provincia, Nora De Luc\u00eda \u201chemos decidido llevar adelante una medida de fuerza para el martes y mi\u00e9rcoles de la semana entrante porque desde el gobierno provincial no hay ninguna respuesta que satisfaga a los docentes\u201d.<\/p>\n<p>En ese sentido se\u00f1al\u00f3 que \u201ccontinuamos cobrando 2.900 pesos, la mitad de eso est\u00e1 en negro y no hay blanqueo salarial. Por otro lado, -subray\u00f3- seguimos con el oprobioso impuesto al salario que es la cuarta categor\u00eda de ganancia que aun al d\u00eda de la fecha hay compa\u00f1eros que a pesar de haber trabajado todo el a\u00f1o no han cobrado\u201d.<\/p>\n<p>\u201cLa reuni\u00f3n con De Luc\u00eda no fue satisfactoria, no obtuvimos respuesta a los reclamos que le planteamos. Se tocaron much\u00edsimos temas pero los que m\u00e1s nos importan no han sido respondidos. La ministra ni siquiera se comprometi\u00f3 a una convocatoria t\u00e9cnica salarial de paritarias que es el pedido m\u00e1s urgente\u201d.<\/p>\n<p>Por otra parte, \u201cnos hemos enterado en el marco de este encuentro, que hace unos d\u00edas el gobernador Daniel Scioli, firm\u00f3 un decreto a la baja, donde se prev\u00e9 que quienes est\u00e9n cobrando salario familiar por hijo dejen de percibirlo y nosotros pretendemos que alcance a todos los trabajadores docentes, independientemente del nivel salarial\u201d.<\/p>\n<p>Adem\u00e1s sostuvo que \u201cante este panorama tan convulsionado es muy dif\u00edcil describir un escenario posible para lo que resta del a\u00f1o. Desde Udocba seguiremos en la lucha, en tanto y en cuanto no haya respuesta que satisfagan minimamente las esperanzas y anhelos que tienen los docentes que est\u00e1n cobrando sueldos miserables\u201d.<\/p>\n<p>\u201cEl gobierno provincial si o si tienen que dar una respuesta porque si no se va a profundizar la situaci\u00f3n de ca\u00edda en la que se encuentra la educaci\u00f3n y es claro que con desfinanciamiento no lo van a poder solucionar. Sin duda hay que poner m\u00e1s dinero para ofrecer una mayor calidad\u201d.<\/p>\n<p>Por \u00faltimo, si bien no est\u00e1 confirmado si el resto de los sindicatos que componen el Frente Gremial \u2013Suteba, Feb, Uda, Amet y Sadop- se acoplar\u00edan a las jornadas de lucha del martes y mi\u00e9rcoles de la pr\u00f3xima semana Salcedo sostuvo que \u201cnosotros esperamos que se sume la docencia bonaerense y si otros sindicatos deciden tambi\u00e9n seguir con esta medida de fuerza bienvenidos sean. Pretendemos es mejorar la situaron salarial y condici\u00f3n laboral de los docentes que de una vez por todas sean dignas\u201d, finaliz\u00f3.<\/p>\n","protected":false},"excerpt":{"rendered":"<p>As\u00ed lo se\u00f1al\u00f3 el secretario gremial de la Uni\u00f3n de Docentes de Buenos Aires (Udocba), Alejandro Salcedo, quien adem\u00e1s remarc\u00f3 que \u201cla ministra ni siquiera se comprometi\u00f3 a una convocatoria t\u00e9cnica salarial de paritarias. Por eso, decidimos llevar a adelante una medida de fuerza para el martes y mi\u00e9rcoles pr\u00f3ximo\u201d.<\/p>\n","protected":false},"author":4,"featured_media":0,"comment_status":"open","ping_status":"open","sticky":false,"template":"","format":"standard","meta":{"_jetpack_newsletter_access":"","_jetpack_dont_email_post_to_subs":false,"_jetpack_newsletter_tier_id":0,"_jetpack_memberships_contains_paywalled_content":false,"_jetpack_memberships_contains_paid_content":false,"footnotes":""},"categories":[1],"tags":[],"class_list":["post-4778","post","type-post","status-publish","format-standard","hentry","category-sociedad"],"jetpack_featured_media_url":"","jetpack_shortlink":"https:\/\/wp.me\/p2JWE0-1f4","jetpack-related-posts":[{"id":117927,"url":"https:\/\/www.24baires.com\/?p=117927","url_meta":{"origin":4778,"position":0},"title":"Vuelta a las aulas: Udocba pide cumplir con los protocolos","author":"GB","date":"29\/07\/2021","format":false,"excerpt":"Desde la semana que viene habr\u00e1 clases presenciales en toda la provincia de Buenos Aires y Udocba efectu\u00f3 un pedido. El Gobierno de la provincia de Buenos Aires confirm\u00f3 que a partir del lunes 2 de agosto vuelven las clases presenciales en los 135 distritos y desde la Uni\u00f3n de\u2026","rel":"","context":"En \u00abProvincia\u00bb","block_context":{"text":"Provincia","link":"https:\/\/www.24baires.com\/?cat=40"},"img":{"alt_text":"","src":"https:\/\/i0.wp.com\/www.24baires.com\/wp-content\/uploads\/2021\/06\/escuela-covid.jpg?resize=350%2C200","width":350,"height":200,"srcset":"https:\/\/i0.wp.com\/www.24baires.com\/wp-content\/uploads\/2021\/06\/escuela-covid.jpg?resize=350%2C200 1x, https:\/\/i0.wp.com\/www.24baires.com\/wp-content\/uploads\/2021\/06\/escuela-covid.jpg?resize=525%2C300 1.5x"},"classes":[]},{"id":119621,"url":"https:\/\/www.24baires.com\/?p=119621","url_meta":{"origin":4778,"position":1},"title":"Udocba le exige una \u00abrevisi\u00f3n salarial\u00bb al gobierno de Kicillof","author":"GB","date":"12\/12\/2022","format":false,"excerpt":"En contrapartida del titular del gremio de Suteba, quien se muestra cercano al gobernador, la Uni\u00f3n de Docentes de la Provincia de Buenos Aires pidi\u00f3 una revisi\u00f3n en los sueldos. \"Es en virtud del avance inflacionario\", explicaron desde el gremio. Tambi\u00e9n exigen respuesta a otras peticiones laborales. Uni\u00f3n de Docentes\u2026","rel":"","context":"En \u00abProvincia\u00bb","block_context":{"text":"Provincia","link":"https:\/\/www.24baires.com\/?cat=40"},"img":{"alt_text":"","src":"https:\/\/i0.wp.com\/www.24baires.com\/wp-content\/uploads\/2014\/08\/udocba.jpg?resize=350%2C200","width":350,"height":200,"srcset":"https:\/\/i0.wp.com\/www.24baires.com\/wp-content\/uploads\/2014\/08\/udocba.jpg?resize=350%2C200 1x, https:\/\/i0.wp.com\/www.24baires.com\/wp-content\/uploads\/2014\/08\/udocba.jpg?resize=525%2C300 1.5x, https:\/\/i0.wp.com\/www.24baires.com\/wp-content\/uploads\/2014\/08\/udocba.jpg?resize=700%2C400 2x"},"classes":[]},{"id":51176,"url":"https:\/\/www.24baires.com\/?p=51176","url_meta":{"origin":4778,"position":2},"title":"Segundo d\u00eda de paro docente en la Provincia","author":"AF","date":"05\/08\/2014","format":false,"excerpt":"Los docentes nucleados en el Frente Gremial y el moyanista de Udocba llevan adelante este martes la segunda jornada de paro mientras se espera la reuni\u00f3n de ma\u00f1ana con el Gobierno que buscar\u00e1 acercar las partes para evitar una nueva medida de fuerza. Con una masiva adhesi\u00f3n, los gremios docentes\u2026","rel":"","context":"En \u00abSociedad\u00bb","block_context":{"text":"Sociedad","link":"https:\/\/www.24baires.com\/?cat=1"},"img":{"alt_text":"aula vac\u00eda","src":"https:\/\/i0.wp.com\/www.24baires.com\/wp-content\/uploads\/2014\/03\/aula-vac%C3%ADa.jpg?resize=350%2C200","width":350,"height":200,"srcset":"https:\/\/i0.wp.com\/www.24baires.com\/wp-content\/uploads\/2014\/03\/aula-vac%C3%ADa.jpg?resize=350%2C200 1x, https:\/\/i0.wp.com\/www.24baires.com\/wp-content\/uploads\/2014\/03\/aula-vac%C3%ADa.jpg?resize=525%2C300 1.5x"},"classes":[]},{"id":105449,"url":"https:\/\/www.24baires.com\/?p=105449","url_meta":{"origin":4778,"position":3},"title":"Docentes paran el martes en reclamo de una nueva convocatoria paritaria","author":"GB","date":"15\/11\/2018","format":false,"excerpt":"Los docentes bonaerenses realizar\u00e1n un paro de 24 horas el pr\u00f3ximo martes para reclamarle al Gobierno bonaerense una nueva convocatoria a negociaciones paritarias. Los gremios que integran el Frente Gremial Docente bonaerense (Suteba, FEB, Udocba, Sadop y Amet) resolvieron hace minutos una nueva medida de fuerza, luego de una extensa\u2026","rel":"","context":"En \u00abProvincia\u00bb","block_context":{"text":"Provincia","link":"https:\/\/www.24baires.com\/?cat=40"},"img":{"alt_text":"","src":"https:\/\/i0.wp.com\/www.24baires.com\/wp-content\/uploads\/2018\/02\/docentes.jpg?resize=350%2C200","width":350,"height":200,"srcset":"https:\/\/i0.wp.com\/www.24baires.com\/wp-content\/uploads\/2018\/02\/docentes.jpg?resize=350%2C200 1x, https:\/\/i0.wp.com\/www.24baires.com\/wp-content\/uploads\/2018\/02\/docentes.jpg?resize=525%2C300 1.5x"},"classes":[]},{"id":121789,"url":"https:\/\/www.24baires.com\/?p=121789","url_meta":{"origin":4778,"position":4},"title":"Jornada de paro nacional docente por la restituci\u00f3n del FONID","author":"GB","date":"30\/10\/2024","format":false,"excerpt":"Algunos gremios docentes convocaron a sumarse al paro de transporte y estatales de este mi\u00e9rcoles. Habr\u00e1 escuelas sin clases. Este mi\u00e9rcoles se lleva a cabo un paro nacional que fue convocado por los gremios del transporte y estatales, al que se plegaron algunas organizaciones docentes. Se espera que no haya\u2026","rel":"","context":"En \u00abSociedad\u00bb","block_context":{"text":"Sociedad","link":"https:\/\/www.24baires.com\/?cat=1"},"img":{"alt_text":"","src":"https:\/\/i0.wp.com\/www.24baires.com\/wp-content\/uploads\/2014\/03\/aula-vac%C3%ADa.jpg?resize=350%2C200","width":350,"height":200,"srcset":"https:\/\/i0.wp.com\/www.24baires.com\/wp-content\/uploads\/2014\/03\/aula-vac%C3%ADa.jpg?resize=350%2C200 1x, https:\/\/i0.wp.com\/www.24baires.com\/wp-content\/uploads\/2014\/03\/aula-vac%C3%ADa.jpg?resize=525%2C300 1.5x, https:\/\/i0.wp.com\/www.24baires.com\/wp-content\/uploads\/2014\/03\/aula-vac%C3%ADa.jpg?resize=700%2C400 2x"},"classes":[]},{"id":98906,"url":"https:\/\/www.24baires.com\/?p=98906","url_meta":{"origin":4778,"position":5},"title":"Los gremios docentes exigen que Vidal los convoque a paritarias","author":"GB","date":"23\/11\/2017","format":false,"excerpt":"Desde Udocba y Suteba la acusaron de \"incumplir\" con el compromiso asumido antes de las elecciones. La Gobernadora hab\u00eda dicho que los recibir\u00eda el 1 de noviembre. Los gremios docentes de la provincia de Buenos Aires le exigieron a la gobernadora Mar\u00eda Eugenia Vidal que convoque a una reuni\u00f3n paritaria\u2026","rel":"","context":"En \u00abProvincia\u00bb","block_context":{"text":"Provincia","link":"https:\/\/www.24baires.com\/?cat=40"},"img":{"alt_text":"","src":"https:\/\/i0.wp.com\/www.24baires.com\/wp-content\/uploads\/2017\/10\/docentes-prov.jpg?resize=350%2C200","width":350,"height":200,"srcset":"https:\/\/i0.wp.com\/www.24baires.com\/wp-content\/uploads\/2017\/10\/docentes-prov.jpg?resize=350%2C200 1x, https:\/\/i0.wp.com\/www.24baires.com\/wp-content\/uploads\/2017\/10\/docentes-prov.jpg?resize=525%2C300 1.5x"},"classes":[]}],"jetpack_sharing_enabled":true,"jetpack_likes_enabled":true,"_links":{"self":[{"href":"https:\/\/www.24baires.com\/index.php?rest_route=\/wp\/v2\/posts\/4778","targetHints":{"allow":["GET"]}}],"collection":[{"href":"https:\/\/www.24baires.com\/index.php?rest_route=\/wp\/v2\/posts"}],"about":[{"href":"https:\/\/www.24baires.com\/index.php?rest_route=\/wp\/v2\/types\/post"}],"author":[{"embeddable":true,"href":"https:\/\/www.24baires.com\/index.php?rest_route=\/wp\/v2\/users\/4"}],"replies":[{"embeddable":true,"href":"https:\/\/www.24baires.com\/index.php?rest_route=%2Fwp%2Fv2%2Fcomments&post=4778"}],"version-history":[{"count":3,"href":"https:\/\/www.24baires.com\/index.php?rest_route=\/wp\/v2\/posts\/4778\/revisions"}],"predecessor-version":[{"id":4812,"href":"https:\/\/www.24baires.com\/index.php?rest_route=\/wp\/v2\/posts\/4778\/revisions\/4812"}],"wp:attachment":[{"href":"https:\/\/www.24baires.com\/index.php?rest_route=%2Fwp%2Fv2%2Fmedia&parent=4778"}],"wp:term":[{"taxonomy":"category","embeddable":true,"href":"https:\/\/www.24baires.com\/index.php?rest_route=%2Fwp%2Fv2%2Fcategories&post=4778"},{"taxonomy":"post_tag","embeddable":true,"href":"https:\/\/www.24baires.com\/index.php?rest_route=%2Fwp%2Fv2%2Ftags&post=4778"}],"curies":[{"name":"wp","href":"https:\/\/api.w.org\/{rel}","templated":true}]}}