{"id":47768,"date":"2014-06-10T17:30:13","date_gmt":"2014-06-10T20:30:13","guid":{"rendered":"http:\/\/www.24baires.com\/?p=47768"},"modified":"2014-06-10T15:39:02","modified_gmt":"2014-06-10T18:39:02","slug":"cabeza-de-turco","status":"publish","type":"post","link":"https:\/\/www.24baires.com\/?p=47768","title":{"rendered":"Cabeza de turco"},"content":{"rendered":"<p><img data-recalc-dims=\"1\" loading=\"lazy\" decoding=\"async\" class=\"aligncenter size-full wp-image-47462\" src=\"https:\/\/i0.wp.com\/www.24baires.com\/wp-content\/uploads\/2014\/06\/Axel-L%C3%B3pez.jpg?resize=560%2C314\" alt=\"Axel L\u00f3pez\" width=\"560\" height=\"314\" srcset=\"https:\/\/i0.wp.com\/www.24baires.com\/wp-content\/uploads\/2014\/06\/Axel-L%C3%B3pez.jpg?w=560&amp;ssl=1 560w, https:\/\/i0.wp.com\/www.24baires.com\/wp-content\/uploads\/2014\/06\/Axel-L%C3%B3pez.jpg?resize=300%2C168&amp;ssl=1 300w\" sizes=\"auto, (max-width: 560px) 100vw, 560px\" \/>Durante las Cruzadas los cristianos libraron cruentas batallas contra los turcos. La rivalidad era tan grande que, para un cruzado, cortarle la cabeza a un turco era una gran victoria. Cuando lo lograban, colgaban la cabeza del turco en el m\u00e1stil de un barco o la ensartaban en una lanza y los soldados lo acusaban de todos los males habidos y por haber.<!--more--><\/p>\n<p>Algo similar parece estar ocurriendo con el juez Axel L\u00f3pez, que por estos d\u00edas deber\u00e1 afrontar la posibilidad de ser llevado a juicio pol\u00edtico por haber liberado, dentro de los l\u00edmites de sus facultades legales, a individuos que con posterioridad cometieron terribles cr\u00edmenes.<\/p>\n<p>Deslindar los sentimientos que generan los hechos cometidos por los individuos liberados por Axel L\u00f3pez, y su defensa como juez de la Constituci\u00f3n, obrando de acuerdo a las facultades que le otorgaban las leyes, no es una tarea sencilla, y tampoco pretendo agotarla en estas breves l\u00edneas. Para iniciar el an\u00e1lisis es preciso se\u00f1alar que no existe otra posibilidad que comprender y solidarizarse, de modo sincero, con el dolor de los familiares de las v\u00edctimas. Sin embargo, ese sentimiento, leg\u00edtimo, no puede impedirnos analizar el rol desempe\u00f1ado por el juez con serenidad y objetividad. Pretender extraer conclusiones desde el apasionamiento jam\u00e1s ha sido un camino aconsejable.<\/p>\n<p>En el mundo del derecho penal existe un instituto, tradicional, incuestionable, que se denomina \u201cprohibici\u00f3n de regreso\u201d y que est\u00e1 orientado a poner l\u00edmites al ejercicio del poder punitivo. La prohibici\u00f3n de regreso predica que no es posible atribuir responsabilidad penal al que gener\u00f3 las condiciones que luego permitieron que otro, de modo consciente y deliberado, las aprovechase para cometer un delito. Ejemplificando, no se puede responsabilizar al que construy\u00f3 la cama por la violaci\u00f3n que luego comete un tercero, utiliz\u00e1ndola para yacer con la v\u00edctima. O al que elabor\u00f3 el veneno que de modo insidioso se suministra a otra persona. O al que fabric\u00f3 el arma homicida. Y as\u00ed sucesivamente. Retrotraer la cadena de responsabilidades hasta su origen nos conduce a soluciones verdaderamente irracionales, que tornar\u00edan imposible la vida en sociedad.<\/p>\n<p>En el mismo sentido: \u00bftuvo posibilidades Axel L\u00f3pez de saber que los individuos que liberaba cometer\u00edan terribles cr\u00edmenes? La decisi\u00f3n de liberar a un individuo que luego comete un delito, \u00bfdebe responsabilizar al juez por sus resultados?<\/p>\n<p>Para dar respuesta a los interrogantes y ser bien gr\u00e1ficos: cada vez que un juez ordena liberar a un detenido una moneda es puesta a girar en el aire. Es humana y materialmente imposible predecir los comportamientos futuros. Como es obvio, cotidianamente cientos y, quiz\u00e1, miles de personas que jam\u00e1s hab\u00edan cometido un delito, los perpetran. Del mismo modo, cientos y miles de individuos que con anterioridad hab\u00edan realizado acciones sancionadas por la ley, no vuelven a realizarlas. \u00bfC\u00f3mo determinar, a priori, en qu\u00e9 grupo se encolumnar\u00e1 la persona que recupera la libertad? \u00bfCu\u00e1l debe ser el l\u00edmite de la evitaci\u00f3n de los riesgos?<\/p>\n<p>Por supuesto, este verdadero dilema podr\u00eda tener una sencilla soluci\u00f3n: no liberar a ning\u00fan condenado, ignorando el mandato legal de progresividad de las penas privativas de la libertad. Sin embargo, esta presunta soluci\u00f3n tambi\u00e9n enfrenta un inconveniente: que llegar\u00e1 un momento en que el condenado habr\u00e1 cumplido su pena e, inexorablemente, habr\u00e1 que liberarlo. Como no sea que se piense que, como sucede en las culturas b\u00e1rbaras, las penas sean indefinidas e ilimitadas, lo que no parecer\u00eda compadecerse con el sistema constitucional.<\/p>\n<p>Desde mi perspectiva, es jur\u00eddicamente imposible retrotraer la cadena de responsabilidades para cargar sobre la cuenta del juez que liber\u00f3 a individuos que con posterioridad cometieron delitos. La posibilidad de la responsabilidad indirecta pondr\u00eda en zozobra el sistema constitucional, que asigna a los jueces la potestad de resolver las cuestiones que son sometidas a su conocimiento con independencia, de acuerdo a las facultades que le asigna la ley. Y lo cierto es que, en ning\u00fan momento, se ha atribuido a Axel L\u00f3pez haber actuado al margen de la ley. Solamente no haber actuado de un modo distinto, a pesar que la forma en que lo hizo se encontraba dentro de las posibilidades legales.<\/p>\n<p>A modo de conclusi\u00f3n, no puedo dejar de decir que tengo la suerte de conocer en forma personal a Axel L\u00f3pez y puedo dar fe de sus extraordinarias condiciones profesionales pero, principalmente, de su excepcional calidad humana. Estas circunstancias son las que deben llevarnos a evitar que se convierta en una nueva cabeza de turco. A pesar de todo el dolor.<\/p>\n<p>&nbsp;<\/p>\n<p>&nbsp;<\/p>\n<p>&nbsp;<\/p>\n<p>&nbsp;<\/p>\n<p>&nbsp;<\/p>\n<p>&nbsp;<\/p>\n<p>&nbsp;<\/p>\n<p>&nbsp;<\/p>\n<p>&nbsp;<\/p>\n<p>&nbsp;<\/p>\n<p>&nbsp;<\/p>\n<p>&nbsp;<\/p>\n<p>&nbsp;<\/p>\n<p>&nbsp;<\/p>\n<p>&nbsp;<\/p>\n<p>&nbsp;<\/p>\n<p>&nbsp;<\/p>\n<p>&nbsp;<\/p>\n<p>&nbsp;<\/p>\n<p>&nbsp;<\/p>\n<p>&nbsp;<\/p>\n<p>&nbsp;<\/p>\n<p>&nbsp;<\/p>\n<p>&nbsp;<\/p>\n<p>&nbsp;<\/p>\n<p>&nbsp;<\/p>\n<p>&nbsp;<\/p>\n<p>&nbsp;<\/p>\n<p>&nbsp;<\/p>\n<p>&nbsp;<\/p>\n<p>&nbsp;<\/p>\n<p>&nbsp;<\/p>\n<p>&nbsp;<\/p>\n<p>&nbsp;<\/p>\n","protected":false},"excerpt":{"rendered":"<p>Durante las Cruzadas los cristianos libraron cruentas batallas contra los turcos. La rivalidad era tan grande que, para un cruzado, cortarle la cabeza a un turco era una gran victoria. Cuando lo lograban, colgaban la cabeza del turco en el m\u00e1stil de un barco o la ensartaban en una lanza y los soldados lo acusaban de todos los males habidos [&#8230;]<\/p>\n","protected":false},"author":8,"featured_media":0,"comment_status":"open","ping_status":"open","sticky":false,"template":"","format":"standard","meta":{"_jetpack_newsletter_access":"","_jetpack_dont_email_post_to_subs":false,"_jetpack_newsletter_tier_id":0,"_jetpack_memberships_contains_paywalled_content":false,"_jetpack_memberships_contains_paid_content":false,"footnotes":""},"categories":[64],"tags":[],"class_list":["post-47768","post","type-post","status-publish","format-standard","hentry","category-opinion"],"jetpack_featured_media_url":"","jetpack_shortlink":"https:\/\/wp.me\/p2JWE0-cqs","jetpack-related-posts":[{"id":63768,"url":"https:\/\/www.24baires.com\/?p=63768","url_meta":{"origin":47768,"position":0},"title":"El Jurado de Enjuiciamiento rechaz\u00f3 la destituci\u00f3n del juez Axel L\u00f3pez","author":"GB","date":"31\/03\/2015","format":false,"excerpt":"No hizo lugar al pedido de destituci\u00f3n del magistrado, en el marco del proceso que llev\u00f3 adelante por presunto mal desempe\u00f1o de sus funciones al haber concedido la libertad condicional a Juan Ernesto Cabeza, condenado a 24 a\u00f1os de prisi\u00f3n por cuatro violaciones. En el Jurado de Enjuiciamiento, que es\u2026","rel":"","context":"En \u00abPol\u00edtica\u00bb","block_context":{"text":"Pol\u00edtica","link":"https:\/\/www.24baires.com\/?cat=51"},"img":{"alt_text":"","src":"","width":0,"height":0},"classes":[]},{"id":47461,"url":"https:\/\/www.24baires.com\/?p=47461","url_meta":{"origin":47768,"position":1},"title":"El juez Axel L\u00f3pez ser\u00e1 sometido a un juicio pol\u00edtico","author":"GB","date":"05\/06\/2014","format":false,"excerpt":"Lo resolvi\u00f3 el Consejo de la Magistratura en el marco de la denuncia realizada por la Madres del Dolor por \"beneficiar\" a delincuentes con sus fallos. Adem\u00e1s de la Agrupaci\u00f3n Madres del Dolor, quienes llevaban adelante la iniciativa son Mat\u00edas Bagnato, \u00fanico sobreviviente de la Masacre de Flores, donde fue\u2026","rel":"","context":"En \u00abJUDICIALES\u00bb","block_context":{"text":"JUDICIALES","link":"https:\/\/www.24baires.com\/?cat=68"},"img":{"alt_text":"Axel L\u00f3pez","src":"https:\/\/i0.wp.com\/www.24baires.com\/wp-content\/uploads\/2014\/06\/Axel-L%C3%B3pez.jpg?resize=350%2C200","width":350,"height":200,"srcset":"https:\/\/i0.wp.com\/www.24baires.com\/wp-content\/uploads\/2014\/06\/Axel-L%C3%B3pez.jpg?resize=350%2C200 1x, https:\/\/i0.wp.com\/www.24baires.com\/wp-content\/uploads\/2014\/06\/Axel-L%C3%B3pez.jpg?resize=525%2C300 1.5x"},"classes":[]},{"id":122159,"url":"https:\/\/www.24baires.com\/?p=122159","url_meta":{"origin":47768,"position":2},"title":"Muri\u00f3 \u00abel Turco Juli\u00e1n\u00bb, el represor condenado por delitos de lesa humanidad","author":"GB","date":"25\/03\/2025","format":false,"excerpt":"Al d\u00eda siguiente de conmemorarse el 49\u00b0 aniversario del golpe de Estado, muri\u00f3 Julio Sim\u00f3n, el torturador del centro clandestino El Olimpo. Julio Sim\u00f3n, conocido como \"El Turco Juli\u00e1n\", falleci\u00f3 este martes a los 84 a\u00f1os mientras cumpl\u00eda una condena a prisi\u00f3n perpetua en la Unidad N\u00b0 34 del Servicio\u2026","rel":"","context":"En \u00abMemoria\u00bb","block_context":{"text":"Memoria","link":"https:\/\/www.24baires.com\/?cat=50"},"img":{"alt_text":"","src":"https:\/\/i0.wp.com\/www.24baires.com\/wp-content\/uploads\/2025\/03\/turco-julian-rep.webp?resize=350%2C200","width":350,"height":200,"srcset":"https:\/\/i0.wp.com\/www.24baires.com\/wp-content\/uploads\/2025\/03\/turco-julian-rep.webp?resize=350%2C200 1x, https:\/\/i0.wp.com\/www.24baires.com\/wp-content\/uploads\/2025\/03\/turco-julian-rep.webp?resize=525%2C300 1.5x, https:\/\/i0.wp.com\/www.24baires.com\/wp-content\/uploads\/2025\/03\/turco-julian-rep.webp?resize=700%2C400 2x"},"classes":[]},{"id":91259,"url":"https:\/\/www.24baires.com\/?p=91259","url_meta":{"origin":47768,"position":3},"title":"El Estado Isl\u00e1mico reivindic\u00f3 el atentado en la discoteca turca","author":"AF","date":"02\/01\/2017","format":false,"excerpt":"En un comunicado difundido a trav\u00e9s de Internet, el EI afirm\u00f3 que el autor de la matanza, que sigue pr\u00f3fugo, es un \"heroico soldado del califato\" autoproclamado por la organizaci\u00f3n yihadista. El grupo terrorista Estado Isl\u00e1mico (EI) reivindic\u00f3 hoy la autor\u00eda del atentado en una discoteca de Estambul en A\u00f1o\u2026","rel":"","context":"En \u00abInternacionales\u00bb","block_context":{"text":"Internacionales","link":"https:\/\/www.24baires.com\/?cat=73"},"img":{"alt_text":"","src":"https:\/\/i0.wp.com\/www.24baires.com\/wp-content\/uploads\/2017\/01\/atentado-estambul.jpg?resize=350%2C200","width":350,"height":200,"srcset":"https:\/\/i0.wp.com\/www.24baires.com\/wp-content\/uploads\/2017\/01\/atentado-estambul.jpg?resize=350%2C200 1x, https:\/\/i0.wp.com\/www.24baires.com\/wp-content\/uploads\/2017\/01\/atentado-estambul.jpg?resize=525%2C300 1.5x"},"classes":[]},{"id":75514,"url":"https:\/\/www.24baires.com\/?p=75514","url_meta":{"origin":47768,"position":4},"title":"Putin, sobre el derribo del avi\u00f3n ruso por Turqu\u00eda: \u00abfue un golpe a traici\u00f3n\u00bb","author":"AF","date":"24\/11\/2015","format":false,"excerpt":"El presidente ruso, Vladimir Putin, calific\u00f3 de \"golpe a traici\u00f3n\" el derribo de un bombardero ruso en Siria, a un kil\u00f3metro de la frontera con Turqu\u00eda, por parte de fuego turco. Y acus\u00f3 a autoridades turcas de ser \"c\u00f3mplices del terrorismo\". Al reunirse en Mosc\u00fa con el rey Abdullah II\u2026","rel":"","context":"En \u00abInternacionales\u00bb","block_context":{"text":"Internacionales","link":"https:\/\/www.24baires.com\/?cat=73"},"img":{"alt_text":"putin","src":"https:\/\/i0.wp.com\/www.24baires.com\/wp-content\/uploads\/2015\/11\/putin.jpg?resize=350%2C200","width":350,"height":200,"srcset":"https:\/\/i0.wp.com\/www.24baires.com\/wp-content\/uploads\/2015\/11\/putin.jpg?resize=350%2C200 1x, https:\/\/i0.wp.com\/www.24baires.com\/wp-content\/uploads\/2015\/11\/putin.jpg?resize=525%2C300 1.5x"},"classes":[]},{"id":100896,"url":"https:\/\/www.24baires.com\/?p=100896","url_meta":{"origin":47768,"position":5},"title":"El Gobierno sugiri\u00f3 liberar a represores, violadores y homicidas","author":"GB","date":"06\/03\/2018","format":false,"excerpt":"El director general del R\u00e9gimen Correccional del Servicio Penitenciario Federal envi\u00f3 un listado de m\u00e1s de 1000 presidiarios que para el Ministerio de Justicia est\u00e1n en condiciones de acceder a la libertad condicional o a la prisi\u00f3n domiciliara con pulsera electr\u00f3nica. El director general del R\u00e9gimen Correccional del Servicio Penitenciario\u2026","rel":"","context":"En \u00abMemoria\u00bb","block_context":{"text":"Memoria","link":"https:\/\/www.24baires.com\/?cat=50"},"img":{"alt_text":"","src":"https:\/\/i0.wp.com\/www.24baires.com\/wp-content\/uploads\/2018\/01\/macri-ojos.jpg?resize=350%2C200","width":350,"height":200,"srcset":"https:\/\/i0.wp.com\/www.24baires.com\/wp-content\/uploads\/2018\/01\/macri-ojos.jpg?resize=350%2C200 1x, https:\/\/i0.wp.com\/www.24baires.com\/wp-content\/uploads\/2018\/01\/macri-ojos.jpg?resize=525%2C300 1.5x"},"classes":[]}],"jetpack_sharing_enabled":true,"jetpack_likes_enabled":true,"_links":{"self":[{"href":"https:\/\/www.24baires.com\/index.php?rest_route=\/wp\/v2\/posts\/47768","targetHints":{"allow":["GET"]}}],"collection":[{"href":"https:\/\/www.24baires.com\/index.php?rest_route=\/wp\/v2\/posts"}],"about":[{"href":"https:\/\/www.24baires.com\/index.php?rest_route=\/wp\/v2\/types\/post"}],"author":[{"embeddable":true,"href":"https:\/\/www.24baires.com\/index.php?rest_route=\/wp\/v2\/users\/8"}],"replies":[{"embeddable":true,"href":"https:\/\/www.24baires.com\/index.php?rest_route=%2Fwp%2Fv2%2Fcomments&post=47768"}],"version-history":[{"count":1,"href":"https:\/\/www.24baires.com\/index.php?rest_route=\/wp\/v2\/posts\/47768\/revisions"}],"predecessor-version":[{"id":47769,"href":"https:\/\/www.24baires.com\/index.php?rest_route=\/wp\/v2\/posts\/47768\/revisions\/47769"}],"wp:attachment":[{"href":"https:\/\/www.24baires.com\/index.php?rest_route=%2Fwp%2Fv2%2Fmedia&parent=47768"}],"wp:term":[{"taxonomy":"category","embeddable":true,"href":"https:\/\/www.24baires.com\/index.php?rest_route=%2Fwp%2Fv2%2Fcategories&post=47768"},{"taxonomy":"post_tag","embeddable":true,"href":"https:\/\/www.24baires.com\/index.php?rest_route=%2Fwp%2Fv2%2Ftags&post=47768"}],"curies":[{"name":"wp","href":"https:\/\/api.w.org\/{rel}","templated":true}]}}