{"id":4770,"date":"2012-11-08T11:48:28","date_gmt":"2012-11-08T14:48:28","guid":{"rendered":"http:\/\/www.24baires.com\/?p=4770"},"modified":"2012-11-08T11:48:28","modified_gmt":"2012-11-08T14:48:28","slug":"diagraman-un-plan-de-accion-para-sanear-el-arroyo-el-gato","status":"publish","type":"post","link":"https:\/\/www.24baires.com\/?p=4770","title":{"rendered":"Diagraman un plan de acci\u00f3n para sanear el arroyo El Gato"},"content":{"rendered":"<p>El presidente de la Autoridad del Agua dio detalles del encuentro que mantuvieron funcionarios de distintos organismos de la provincia y los intendentes de La Plata, Berisso y Ensenada.<!--more--><\/p>\n<p>Con la intenci\u00f3n de dise\u00f1ar pol\u00edticas para el saneamiento del Arroyo El Gato, ayer se reunieron funcionarios, profesionales y t\u00e9cnicos de distintos organismos provinciales y los intendentes de Berisso, Ensenada y La Plata.<\/p>\n<p>El presidente de la Autoridad del Agua bonaerense, Norberto Coroli, dijo que \u201ces una pol\u00edtica que empezamos a desarrollar tratando de encontrarnos todos los que tenemos funciones sobre la problem\u00e1tica de esta cuenca\u201d.<\/p>\n<p>Indic\u00f3 que la idea es \u201ciniciar una pol\u00edtica de recuperaci\u00f3n de la cuenca\u201d, para lo que se dise\u00f1\u00f3 \u201cun plan de acci\u00f3n que contempla las distintas problem\u00e1ticas: contaminaci\u00f3n; basura; inundaciones y la organizaci\u00f3n de la parte territorial\u201d.<\/p>\n<p>Coroli dijo que la tarea \u201cse encar\u00f3 con la misma seriedad con que se encar\u00f3 el tema del Riachuelo\u201d y que el fin es que \u201cel arroyo se incorpore como un espacio recreativo\u201d.<\/p>\n","protected":false},"excerpt":{"rendered":"<p>El presidente de la Autoridad del Agua dio detalles del encuentro que mantuvieron funcionarios de distintos organismos de la provincia y los intendentes de La Plata, Berisso y Ensenada.<\/p>\n","protected":false},"author":4,"featured_media":0,"comment_status":"open","ping_status":"open","sticky":false,"template":"","format":"standard","meta":{"_jetpack_newsletter_access":"","_jetpack_dont_email_post_to_subs":false,"_jetpack_newsletter_tier_id":0,"_jetpack_memberships_contains_paywalled_content":false,"_jetpack_memberships_contains_paid_content":false,"footnotes":""},"categories":[38],"tags":[],"class_list":["post-4770","post","type-post","status-publish","format-standard","hentry","category-locales"],"jetpack_featured_media_url":"","jetpack_shortlink":"https:\/\/wp.me\/p2JWE0-1eW","jetpack-related-posts":[{"id":25626,"url":"https:\/\/www.24baires.com\/?p=25626","url_meta":{"origin":4770,"position":0},"title":"Scioli endeudar\u00e1 la Provincia en 2 mil millones de pesos para financiar obras hidr\u00e1ulicas","author":"Grupo Sierra","date":"11\/06\/2013","format":false,"excerpt":"Los trabajos contemplan saneamiento de arroyos en la ciudad de La Plata para evitar futuras inundaciones. Enviar\u00e1 un proyecto a la Legislatura provincial. El gobierno bonaerense termin\u00f3 de definir el proyecto de ley que enviar\u00e1 en las pr\u00f3ximas horas a la Legislatura por el cual pide a las C\u00e1maras una\u2026","rel":"","context":"En \u00abProvincia\u00bb","block_context":{"text":"Provincia","link":"https:\/\/www.24baires.com\/?cat=40"},"img":{"alt_text":"","src":"","width":0,"height":0},"classes":[]},{"id":28071,"url":"https:\/\/www.24baires.com\/?p=28071","url_meta":{"origin":4770,"position":1},"title":"Arl\u00eda asegur\u00f3 que las obras h\u00eddricas en La Plata resistir\u00e1n 60 mm de lluvia por hora","author":"AF","date":"12\/07\/2013","format":false,"excerpt":"El Ministro de Infraestructura bonaerense, Alejandro Arl\u00eda, habl\u00f3 sobre la aprobaci\u00f3n del endeudamiento para obras hidr\u00e1ulicas: \u201cAfortunadamente en el d\u00eda de ayer -y quiero expresar mi agradecimiento a Diputados y Senadores- se dio sanci\u00f3n en la Legislatura al proyecto de financiamiento para las obras de reestructuran todo en materia h\u00eddrica\u201d.\u2026","rel":"","context":"En \u00abLocales\u00bb","block_context":{"text":"Locales","link":"https:\/\/www.24baires.com\/?cat=38"},"img":{"alt_text":"Arlia","src":"https:\/\/i0.wp.com\/www.24baires.com\/wp-content\/uploads\/2013\/01\/Arlia-300x200.jpg?resize=350%2C200","width":350,"height":200},"classes":[]},{"id":39875,"url":"https:\/\/www.24baires.com\/?p=39875","url_meta":{"origin":4770,"position":2},"title":"Financiamiento de 32 millones de d\u00f3lares para infraestructura bonaerense","author":"Grupo Sierra","date":"05\/02\/2014","format":false,"excerpt":"La ministra de Econom\u00eda, Silvina Batakis, anunci\u00f3 que se obtuvo el financiamiento destinado a la canalizaci\u00f3n y dragado del Arroyo El Gato y a la construcci\u00f3n de 120 viviendas en el marco del Plan de \u201cRelocalizaci\u00f3n de viviendas alojadas a la vera del Arroyo del Gato\u201d. Estos fondos surgen de\u2026","rel":"","context":"En \u00abProvincia\u00bb","block_context":{"text":"Provincia","link":"https:\/\/www.24baires.com\/?cat=40"},"img":{"alt_text":"","src":"","width":0,"height":0},"classes":[]},{"id":28141,"url":"https:\/\/www.24baires.com\/?p=28141","url_meta":{"origin":4770,"position":3},"title":"Qued\u00f3 conformado el Comit\u00e9 de Cuenca H\u00eddrica del Arroyo Medrano","author":"AF","date":"13\/07\/2013","format":false,"excerpt":"El presidente de la Autoridad del Agua (ADA), Daniel Coroli recibi\u00f3 a los representantes de los Municipios de Tres de Febrero, San Mart\u00edn y Vicente L\u00f3pez para suscribir el Acta de Constituci\u00f3n formal del Comit\u00e9 de Cuenca H\u00eddrica del Arroyo Medrano. Desde el organismo explicaron que se trata del primer\u2026","rel":"","context":"En \u00abMunicipios\u00bb","block_context":{"text":"Municipios","link":"https:\/\/www.24baires.com\/?cat=44"},"img":{"alt_text":"","src":"","width":0,"height":0},"classes":[]},{"id":39432,"url":"https:\/\/www.24baires.com\/?p=39432","url_meta":{"origin":4770,"position":4},"title":"Comenzaron las obras de saneamiento de la cuenca del Arroyo el Gato","author":"Grupo Sierra","date":"29\/01\/2014","format":false,"excerpt":"Con la apertura de los sobres con las ofertas econ\u00f3micas para ejecutar la segunda etapa del proyecto, la Provincia inici\u00f3 ayer el plan de grandes obras para adecuar la Ciudad al cambio clim\u00e1tico. Ese plan, como se ha se\u00f1alado, incluye un conjunto de emprendimientos por m\u00e1s de $1.900 millones que\u2026","rel":"","context":"En \u00abLocales\u00bb","block_context":{"text":"Locales","link":"https:\/\/www.24baires.com\/?cat=38"},"img":{"alt_text":"","src":"","width":0,"height":0},"classes":[]},{"id":43731,"url":"https:\/\/www.24baires.com\/?p=43731","url_meta":{"origin":4770,"position":5},"title":"Especialistas explican en Mar del Plata los avances de las obras del Arroyo del Gato","author":"Grupo Sierra","date":"12\/04\/2014","format":false,"excerpt":"El director Provincial de Urbanismo Social, Eduardo Marchesi, cont\u00f3 que se realiz\u00f3 una charla en la Facultad de Arquitectura para desarrollar \u201cel trabajo integral en planificaci\u00f3n, obras y relocalizaci\u00f3n de familias\u201d luego de la inundaci\u00f3n en La Plata El funcionario provincial remarc\u00f3 que la provincia \u201cest\u00e1 absolutamente involucrada y haciendo\u2026","rel":"","context":"En \u00abLocales\u00bb","block_context":{"text":"Locales","link":"https:\/\/www.24baires.com\/?cat=38"},"img":{"alt_text":"grua obras","src":"https:\/\/i0.wp.com\/www.24baires.com\/wp-content\/uploads\/2014\/04\/grua-obras-300x225.jpg?resize=350%2C200","width":350,"height":200},"classes":[]}],"jetpack_sharing_enabled":true,"jetpack_likes_enabled":true,"_links":{"self":[{"href":"https:\/\/www.24baires.com\/index.php?rest_route=\/wp\/v2\/posts\/4770","targetHints":{"allow":["GET"]}}],"collection":[{"href":"https:\/\/www.24baires.com\/index.php?rest_route=\/wp\/v2\/posts"}],"about":[{"href":"https:\/\/www.24baires.com\/index.php?rest_route=\/wp\/v2\/types\/post"}],"author":[{"embeddable":true,"href":"https:\/\/www.24baires.com\/index.php?rest_route=\/wp\/v2\/users\/4"}],"replies":[{"embeddable":true,"href":"https:\/\/www.24baires.com\/index.php?rest_route=%2Fwp%2Fv2%2Fcomments&post=4770"}],"version-history":[{"count":1,"href":"https:\/\/www.24baires.com\/index.php?rest_route=\/wp\/v2\/posts\/4770\/revisions"}],"predecessor-version":[{"id":4771,"href":"https:\/\/www.24baires.com\/index.php?rest_route=\/wp\/v2\/posts\/4770\/revisions\/4771"}],"wp:attachment":[{"href":"https:\/\/www.24baires.com\/index.php?rest_route=%2Fwp%2Fv2%2Fmedia&parent=4770"}],"wp:term":[{"taxonomy":"category","embeddable":true,"href":"https:\/\/www.24baires.com\/index.php?rest_route=%2Fwp%2Fv2%2Fcategories&post=4770"},{"taxonomy":"post_tag","embeddable":true,"href":"https:\/\/www.24baires.com\/index.php?rest_route=%2Fwp%2Fv2%2Ftags&post=4770"}],"curies":[{"name":"wp","href":"https:\/\/api.w.org\/{rel}","templated":true}]}}