{"id":4759,"date":"2012-11-08T11:04:42","date_gmt":"2012-11-08T14:04:42","guid":{"rendered":"http:\/\/www.24baires.com\/?p=4759"},"modified":"2012-11-08T11:04:42","modified_gmt":"2012-11-08T14:04:42","slug":"en-rauch-vetaron-ordenanza-de-acceso-a-la-informacion-publica","status":"publish","type":"post","link":"https:\/\/www.24baires.com\/?p=4759","title":{"rendered":"En Rauch vetaron ordenanza de acceso a la Informaci\u00f3n P\u00fablica"},"content":{"rendered":"<p>En la sesi\u00f3n del martes del Concejo Deliberante de Rauch, ingres\u00f3 el Veto que firm\u00f3 el Intendente interino Jorge Luis Ugarte a la Ordenanza que aprob\u00f3 el Concejo Deliberante y que regula el Acceso a la Informaci\u00f3n P\u00fablica.<!--more--><br \/>\nEsta Ordenanza fue aprobada en el mes de Septiembre y establec\u00eda la metodolog\u00eda por la cual los ciudadanos pod\u00edan solicitar informaci\u00f3n de diferentes aspectos del \u00e1mbito municipal, y tambi\u00e9n establec\u00eda plazos para la respuesta y sanciones en caso de su incumplimiento.<br \/>\nLa votaci\u00f3n en el Concejo Deliberante tuvo el apoyo de los bloques de la UCR y \u00abRauch para Todos\u00bb, y la oposici\u00f3n del Frente Para la Victoria, marcando un anticipo de lo que firmar\u00eda el Intendente interino.<br \/>\nEl Expediente lleva el n\u00famero C-170-11-2012 y pas\u00f3 a la Comisi\u00f3n de Higiene, Seguridad e Instrucci\u00f3n P\u00fablica.<\/p>\n","protected":false},"excerpt":{"rendered":"<p>En la sesi\u00f3n del martes del Concejo Deliberante de Rauch, ingres\u00f3 el Veto que firm\u00f3 el Intendente interino Jorge Luis Ugarte a la Ordenanza que aprob\u00f3 el Concejo Deliberante y que regula el Acceso a la Informaci\u00f3n P\u00fablica.<\/p>\n","protected":false},"author":4,"featured_media":0,"comment_status":"open","ping_status":"open","sticky":false,"template":"","format":"standard","meta":{"_jetpack_newsletter_access":"","_jetpack_dont_email_post_to_subs":false,"_jetpack_newsletter_tier_id":0,"_jetpack_memberships_contains_paywalled_content":false,"_jetpack_memberships_contains_paid_content":false,"footnotes":""},"categories":[38],"tags":[],"class_list":["post-4759","post","type-post","status-publish","format-standard","hentry","category-locales"],"jetpack_featured_media_url":"","jetpack_shortlink":"https:\/\/wp.me\/p2JWE0-1eL","jetpack-related-posts":[{"id":107617,"url":"https:\/\/www.24baires.com\/?p=107617","url_meta":{"origin":4759,"position":0},"title":"La Suprema Corte ratific\u00f3 la inaplicabilidad de la bonificaci\u00f3n docente","author":"GB","date":"11\/04\/2019","format":false,"excerpt":"MAR DEL PLATA-El m\u00e1ximo tribunal desestim\u00f3 la solicitud del Concejo de levantar la medida cautelar que ordena suspender la aplicaci\u00f3n de la ordenanza Por unanimidad, la Suprema Corte de Justicia ratific\u00f3 la inaplicabilidad de la bonificaci\u00f3n docente. De esta manera, el m\u00e1ximo tribunal desestim\u00f3 la solicitud del Concejo Deliberante de\u2026","rel":"","context":"En \u00abMunicipios\u00bb","block_context":{"text":"Municipios","link":"https:\/\/www.24baires.com\/?cat=44"},"img":{"alt_text":"","src":"https:\/\/i0.wp.com\/www.24baires.com\/wp-content\/uploads\/2017\/09\/arroyo-300x200.jpg?resize=350%2C200","width":350,"height":200},"classes":[]},{"id":106206,"url":"https:\/\/www.24baires.com\/?p=106206","url_meta":{"origin":4759,"position":1},"title":"La Plata: concejales se subieron un 25% el salario, pero el Intendente lo vet\u00f3","author":"AF","date":"04\/01\/2019","format":false,"excerpt":"El intendente de La Plata, Julio Garro (Cambiemos) vet\u00f3 una ordenanza del Concejo Deliberante por la que los ediles se aumentaron los sueldos un 25%, al considerar que la medida viola la Ley Org\u00e1nica de las municipalidades. A fines de diciembre, en la \u00faltima sesi\u00f3n del a\u00f1o, el concejo vot\u00f3\u2026","rel":"","context":"En \u00abLocales\u00bb","block_context":{"text":"Locales","link":"https:\/\/www.24baires.com\/?cat=38"},"img":{"alt_text":"","src":"https:\/\/i0.wp.com\/www.24baires.com\/wp-content\/uploads\/2016\/09\/vidal-garro.jpg?resize=350%2C200","width":350,"height":200,"srcset":"https:\/\/i0.wp.com\/www.24baires.com\/wp-content\/uploads\/2016\/09\/vidal-garro.jpg?resize=350%2C200 1x, https:\/\/i0.wp.com\/www.24baires.com\/wp-content\/uploads\/2016\/09\/vidal-garro.jpg?resize=525%2C300 1.5x"},"classes":[]},{"id":101223,"url":"https:\/\/www.24baires.com\/?p=101223","url_meta":{"origin":4759,"position":2},"title":"Denunciaron al Intendente de La Plata por impedir el acceso a informaci\u00f3n del presupuesto","author":"AF","date":"22\/03\/2018","format":false,"excerpt":"El bloque de concejales de Unidad Ciudadana de La Plata denunci\u00f3 que el intendente Julio Garro impide a la oposici\u00f3n el acceso a la plataforma del municipio, imposibilitando el control de la ejecuci\u00f3n del presupuesto de la ciudad. Con una presentaci\u00f3n judicial, los ediles advirtieron que el intendente se niega\u2026","rel":"","context":"En \u00abLocales\u00bb","block_context":{"text":"Locales","link":"https:\/\/www.24baires.com\/?cat=38"},"img":{"alt_text":"","src":"https:\/\/i0.wp.com\/www.24baires.com\/wp-content\/uploads\/2016\/09\/vidal-garro.jpg?resize=350%2C200","width":350,"height":200,"srcset":"https:\/\/i0.wp.com\/www.24baires.com\/wp-content\/uploads\/2016\/09\/vidal-garro.jpg?resize=350%2C200 1x, https:\/\/i0.wp.com\/www.24baires.com\/wp-content\/uploads\/2016\/09\/vidal-garro.jpg?resize=525%2C300 1.5x"},"classes":[]},{"id":105740,"url":"https:\/\/www.24baires.com\/?p=105740","url_meta":{"origin":4759,"position":3},"title":"Mar del Plata: el intendente Arroyo vet\u00f3 la bonificaci\u00f3n docente","author":"GB","date":"04\/12\/2018","format":false,"excerpt":"Por decreto, elimin\u00f3 la bonificaci\u00f3n que desde hac\u00eda m\u00e1s de 20 a\u00f1os cobraban docentes municipales A trav\u00e9s de un decreto que lleva las firmas del intendente Carlos Arroyo, el secretario de Hacienda y el titular de la Secretar\u00eda de Educaci\u00f3n, el Gobierno elimin\u00f3 las bonificaciones especiales que desde hac\u00eda m\u00e1s\u2026","rel":"","context":"En \u00abLocales\u00bb","block_context":{"text":"Locales","link":"https:\/\/www.24baires.com\/?cat=38"},"img":{"alt_text":"","src":"https:\/\/i0.wp.com\/www.24baires.com\/wp-content\/uploads\/2017\/09\/arroyo.jpg?resize=350%2C200","width":350,"height":200,"srcset":"https:\/\/i0.wp.com\/www.24baires.com\/wp-content\/uploads\/2017\/09\/arroyo.jpg?resize=350%2C200 1x, https:\/\/i0.wp.com\/www.24baires.com\/wp-content\/uploads\/2017\/09\/arroyo.jpg?resize=525%2C300 1.5x"},"classes":[]},{"id":19893,"url":"https:\/\/www.24baires.com\/?p=19893","url_meta":{"origin":4759,"position":4},"title":"Pinamar no dio marcha atr\u00e1s con la suba de tasas de hasta un 800%","author":"AF","date":"01\/04\/2013","format":false,"excerpt":"La crisis pol\u00edtica desatada en Pinamar por el aumento de la tasa de Alumbrado, Barrido y Limpieza y otros tributos que pagan los propietarios de casas, departamentos y locales en ese balneario, alcanz\u00f3 un nuevo registro mientras otro esc\u00e1ndalo asoma en el escenario pol\u00edtico. En tanto el intendente interino Hern\u00e1n\u2026","rel":"","context":"En \u00abLocales\u00bb","block_context":{"text":"Locales","link":"https:\/\/www.24baires.com\/?cat=38"},"img":{"alt_text":"","src":"","width":0,"height":0},"classes":[]},{"id":106055,"url":"https:\/\/www.24baires.com\/?p=106055","url_meta":{"origin":4759,"position":5},"title":"Municipales marplatenses dijeron que \u201cArroyo no tiene que dejarse manejar\u201d","author":"GB","date":"21\/12\/2018","format":false,"excerpt":"\"Si la Corte falla como deber\u00eda, es decir, d\u00e1ndole plena vigencia a esta ordenanza, despu\u00e9s vamos a hacer una denuncia contra el intendente y los funcionarios que firmaron el decreto\", sostuvo el titular de STM. El secretario general del Sindicato de Trabajadores Municipales, Antonio Gilardi, expres\u00f3 su confianza en que\u2026","rel":"","context":"En \u00abMunicipios\u00bb","block_context":{"text":"Municipios","link":"https:\/\/www.24baires.com\/?cat=44"},"img":{"alt_text":"","src":"https:\/\/i0.wp.com\/www.24baires.com\/wp-content\/uploads\/2018\/12\/municipales-mdp-300x224.jpeg?resize=350%2C200","width":350,"height":200},"classes":[]}],"jetpack_sharing_enabled":true,"jetpack_likes_enabled":true,"_links":{"self":[{"href":"https:\/\/www.24baires.com\/index.php?rest_route=\/wp\/v2\/posts\/4759","targetHints":{"allow":["GET"]}}],"collection":[{"href":"https:\/\/www.24baires.com\/index.php?rest_route=\/wp\/v2\/posts"}],"about":[{"href":"https:\/\/www.24baires.com\/index.php?rest_route=\/wp\/v2\/types\/post"}],"author":[{"embeddable":true,"href":"https:\/\/www.24baires.com\/index.php?rest_route=\/wp\/v2\/users\/4"}],"replies":[{"embeddable":true,"href":"https:\/\/www.24baires.com\/index.php?rest_route=%2Fwp%2Fv2%2Fcomments&post=4759"}],"version-history":[{"count":2,"href":"https:\/\/www.24baires.com\/index.php?rest_route=\/wp\/v2\/posts\/4759\/revisions"}],"predecessor-version":[{"id":4761,"href":"https:\/\/www.24baires.com\/index.php?rest_route=\/wp\/v2\/posts\/4759\/revisions\/4761"}],"wp:attachment":[{"href":"https:\/\/www.24baires.com\/index.php?rest_route=%2Fwp%2Fv2%2Fmedia&parent=4759"}],"wp:term":[{"taxonomy":"category","embeddable":true,"href":"https:\/\/www.24baires.com\/index.php?rest_route=%2Fwp%2Fv2%2Fcategories&post=4759"},{"taxonomy":"post_tag","embeddable":true,"href":"https:\/\/www.24baires.com\/index.php?rest_route=%2Fwp%2Fv2%2Ftags&post=4759"}],"curies":[{"name":"wp","href":"https:\/\/api.w.org\/{rel}","templated":true}]}}