{"id":4757,"date":"2012-11-08T10:58:28","date_gmt":"2012-11-08T13:58:28","guid":{"rendered":"http:\/\/www.24baires.com\/?p=4757"},"modified":"2012-11-08T10:58:28","modified_gmt":"2012-11-08T13:58:28","slug":"en-olavarria-rechazaron-la-emergencia-de-seguridad-ciudadana","status":"publish","type":"post","link":"https:\/\/www.24baires.com\/?p=4757","title":{"rendered":"En Olavarr\u00eda rechazaron la Emergencia de Seguridad Ciudadana"},"content":{"rendered":"<p>La determinaci\u00f3n se defini\u00f3 por el voto doble de la presidenta del cuerpo, Carolina Szelagowski, en sinton\u00eda con la postura del bloque eseverrista. La propuesta presentada por el PJ y acompa\u00f1ada por el resto de la oposici\u00f3n buscaba declarar la emergencia por un a\u00f1o y la conformaci\u00f3n de un comit\u00e9 de crisis.<!--more--><\/p>\n<p>Tras algo m\u00e1s de dos horas de debate en el recinto del Concejo Deliberante, el oficialismo rechaz\u00f3 el proyecto impulsado por la oposici\u00f3n, que buscaba declarar la emergencia de seguridad ciudadana en Olavarr\u00eda. La determinaci\u00f3n se defini\u00f3 por el voto doble de la presidenta del cuerpo, Carolina Szelagowski, en representaci\u00f3n del eseverrismo.<\/p>\n<p>La sesi\u00f3n extraordinaria se inici\u00f3 pasadas las 20:00 y cont\u00f3 con la presencia de familiares de v\u00edctimas de la inseguridad, entre ellos los de Jonathan Stramessi, el joven de 17 a\u00f1os cuyo cuerpo sin vida fue hallado d\u00edas atr\u00e1s en el arroyo.<\/p>\n<p>La primera en tomar la palabra, fue la concejala Adriana Capuano (PJ), quien fundament\u00f3 el proyecto elevado por su bloque que propon\u00eda declarar la emergencia de seguridad ciudadana por el lapso de un a\u00f1o a ra\u00edz de \u201cla extensa lista de casos violentos que terminan con la vida de vecinos olavarrienses, cuya \u00faltima v\u00edctima es el joven Jonathan Stramessi\u201d explic\u00f3.<\/p>\n<p>Capuano calific\u00f3 la iniciativa como \u201cun humilde aporte, evitando tomar la postura de representantes meramente espectadores o relatores de esta triste situaci\u00f3n\u201d dijo y a continuaci\u00f3n record\u00f3 a cada una de las v\u00edctimas de la inseguridad de los \u00faltimos a\u00f1os.<\/p>\n<p>Seguidamente dio detalles de la conformaci\u00f3n de un comit\u00e9 de crisis que integrar\u00edan los m\u00e1ximos referentes de las autoridades distritales policiales y educativas, miembros del CPA, y fuerzas pol\u00edticas del Concejo y que deb\u00eda ser presidido por el intendente Jos\u00e9 Eseverri: \u201cno vamos a apoyar ninguna propuesta que no tenga al frente de la problem\u00e1tica de la inseguridad al Intendente\u201d argument\u00f3.<\/p>\n<p>Por su parte, la concejal del bloque Peronismo Federal, Silly Cura- aliada al oficialismo- sostuvo que el destinatario central del proyecto era \u201cequivocado\u201d y carg\u00f3 las responsabilidades en materia de seguridad contra el Estado nacional, al afirmar que el \u201cproblema de la inseguridad no es un fen\u00f3meno exclusivo de Olavarr\u00eda\u201d. Propuso elaborar un proyecto de comunicaci\u00f3n para presentar ante la Provincia y que esta a su vez peticione los recursos necesarios al Gobierno nacional para afrontar la problem\u00e1tica.<\/p>\n<p>Luego hablaron los tres concejales del bloque de UCR. Gonzalo Dolagaray le respondi\u00f3 a Cura :\u201cyo vivo en Olavarr\u00eda y a mi me preocupa Olavarr\u00eda\u201d y enumer\u00f3 42 casos con v\u00edctimas fatales por a inseguridad que su bloque contabiliz\u00f3 desde el a\u00f1o 2002. Su compa\u00f1ero de bancada, Franco Cominotto, record\u00f3 los proyectos en materia de seguridad presentados por su espacio y agreg\u00f3 que si \u201cla comisi\u00f3n de seguridad no funcionaba era porque es manejada por el oficialismo desde que se cre\u00f3\u201d sostuvo. Tambi\u00e9n se refiri\u00f3 a las \u201cfalencias\u201d de las c\u00e1maras de seguridad ubicadas en las inmediaciones de Fomento.<\/p>\n<p>Cladera afirm\u00f3 que es \u201cuna flor de excusa decir que no se puede hacer nada\u201d y se mostr\u00f3 a favor de la propuesta del PJ.<\/p>\n<p>En ese momento, los familiares de Jonathan Stramessi se retiraron del recinto porque consideraron que el hecho se hab\u00eda politizado demasiado.<\/p>\n<p>Desde el oficialismo, Julio Fr\u00edas realiz\u00f3 una extensa argumentaci\u00f3n legal y t\u00e9cnica con la que fundament\u00f3 el rechazo a la iniciativa opositora. Precis\u00f3 que el Estado municipal \u201cno es competente en materia de seguridad ciudadana\u201d y asegur\u00f3 que la emergencia solo se puede declarar a nivel comunal en materia de \u201ccompras y contrataciones\u201d.<\/p>\n<p>Dijo que la propuesta del PJ carec\u00eda de sustento legal y que se parec\u00eda a \u201cuna plataforma pol\u00edtica\u201d. Asegur\u00f3 que el expediente desconoc\u00eda las atribuciones de los diferentes poderes del sistema republicano y que solo buscaban un \u201cefecto medi\u00e1tico y electoral\u201d.<\/p>\n<p>Tras enumerar distintas acciones impulsadas por el municipio en materia de seguridad y de inclusi\u00f3n social, rechaz\u00f3 el proyecto opositor.<\/p>\n<p>Finalmente se dio un intercambio entre algunos oradores. Capuano sali\u00f3 al cruce de Fr\u00edas insistiendo en que el Estado municipal deb\u00eda monitorear las causas judiciales y el concejal oficialista le respondi\u00f3 que ya existe para realizar esa tarea un organismo nacional \u2013 el Centro de Acceso a la Justicia- a cargo de la Mercedes Landivar pero que se desconoce donde funciona, ironiz\u00f3.<\/p>\n<p>Tras la discusi\u00f3n, se procedi\u00f3 a la votaci\u00f3n donde el proyecto de declarar la emergencia de seguridad ciudadana fue rechazado.<\/p>\n","protected":false},"excerpt":{"rendered":"<p>La determinaci\u00f3n se defini\u00f3 por el voto doble de la presidenta del cuerpo, Carolina Szelagowski, en sinton\u00eda con la postura del bloque eseverrista. La propuesta presentada por el PJ y acompa\u00f1ada por el resto de la oposici\u00f3n buscaba declarar la emergencia por un a\u00f1o y la conformaci\u00f3n de un comit\u00e9 de crisis.<\/p>\n","protected":false},"author":4,"featured_media":0,"comment_status":"open","ping_status":"open","sticky":false,"template":"","format":"standard","meta":{"_jetpack_newsletter_access":"","_jetpack_dont_email_post_to_subs":false,"_jetpack_newsletter_tier_id":0,"_jetpack_memberships_contains_paywalled_content":false,"_jetpack_memberships_contains_paid_content":false,"footnotes":""},"categories":[38],"tags":[],"class_list":["post-4757","post","type-post","status-publish","format-standard","hentry","category-locales"],"jetpack_featured_media_url":"","jetpack_shortlink":"https:\/\/wp.me\/p2JWE0-1eJ","jetpack-related-posts":[{"id":21934,"url":"https:\/\/www.24baires.com\/?p=21934","url_meta":{"origin":4757,"position":0},"title":"El HCD de Olavarr\u00eda elevar\u00e1 un pedido de informe al SPB por reiteradas fugas","author":"AF","date":"26\/04\/2013","format":false,"excerpt":"Acord\u00f3 solicitar al Servicio Penitenciario Bonaerense que retome el antiguo r\u00e9gimen de prisi\u00f3n semiabierto, en lugar del sistema abierto que funciona actualmente. Se debe a la preocupaci\u00f3n de vecinos de Sierra Chica por los reiterados escapes de los internos. Durante la sesi\u00f3n hubo fuertes cruces y acusaciones entre los concejales\u2026","rel":"","context":"En \u00abLocales\u00bb","block_context":{"text":"Locales","link":"https:\/\/www.24baires.com\/?cat=38"},"img":{"alt_text":"hcd olavarr\u00eda","src":"https:\/\/i0.wp.com\/www.24baires.com\/wp-content\/uploads\/2013\/04\/hcd-olavarr%C3%ADa.jpg?resize=350%2C200","width":350,"height":200,"srcset":"https:\/\/i0.wp.com\/www.24baires.com\/wp-content\/uploads\/2013\/04\/hcd-olavarr%C3%ADa.jpg?resize=350%2C200 1x, https:\/\/i0.wp.com\/www.24baires.com\/wp-content\/uploads\/2013\/04\/hcd-olavarr%C3%ADa.jpg?resize=525%2C300 1.5x"},"classes":[]},{"id":67404,"url":"https:\/\/www.24baires.com\/?p=67404","url_meta":{"origin":4757,"position":1},"title":"Y contin\u00faan las bajas en el Frente Renovor","author":"GB","date":"11\/06\/2015","format":false,"excerpt":"H\u00e9ctor Vitale y Carolina Szelagowski abandonaron el bloque del Frente Renovador para integrarse al Frente para la Victoria, informaron fuentes de la Legislatura bonaerense. El pase de los legisladores al oficialismo se confirm\u00f3 tras una reuni\u00f3n que ambos mantuvieron ayer con el vicegobernador Gabriel Mariotto en La Plata. Tanto Vitale\u2026","rel":"","context":"En \u00abElecciones 2015\u00bb","block_context":{"text":"Elecciones 2015","link":"https:\/\/www.24baires.com\/?cat=74"},"img":{"alt_text":"","src":"","width":0,"height":0},"classes":[]},{"id":104686,"url":"https:\/\/www.24baires.com\/?p=104686","url_meta":{"origin":4757,"position":2},"title":"Olavarr\u00eda: aprueban un paquete de medidas que busca combatir la pobreza y el hambre","author":"GB","date":"28\/09\/2018","format":false,"excerpt":"El proyecto cont\u00f3 con el apoyo de Foro Olavarr\u00eda, el Frente Renovador, Radicales Convergentes y Unidad Ciudadana. El bloque oficialista de Cambiemos vot\u00f3 en contra. La resoluci\u00f3n otorga m\u00e1s dinero a los comedores y merenderos para comprar comida. Una jornada tensa se vivi\u00f3 ayer en el Concejo Deliberante de Olavarr\u00eda\u2026","rel":"","context":"En \u00abMunicipios\u00bb","block_context":{"text":"Municipios","link":"https:\/\/www.24baires.com\/?cat=44"},"img":{"alt_text":"","src":"https:\/\/i0.wp.com\/www.24baires.com\/wp-content\/uploads\/2016\/06\/galli-olavarr%C3%ACa-300x164.jpg?resize=350%2C200","width":350,"height":200},"classes":[]},{"id":30795,"url":"https:\/\/www.24baires.com\/?p=30795","url_meta":{"origin":4757,"position":3},"title":"Tambi\u00e9n interpelar\u00e1n en Olavarr\u00eda al intendente massista Jos\u00e9 Eseverri","author":"AF","date":"26\/08\/2013","format":false,"excerpt":"La oposici\u00f3n en el Concejo Deliberante vot\u00f3 un decreto para citar al intendente Jos\u00e9 Eseverri y\/o la secretaria de Planificaci\u00f3n e Inversi\u00f3n P\u00fablica Margarita Arregui, a dar explicaciones sobre los motivos que llevaron a colocar una viga de cemento en el puente de avenida Sarmiento, cuya ca\u00edda provoc\u00f3 la muerte\u2026","rel":"","context":"En \u00abLocales\u00bb","block_context":{"text":"Locales","link":"https:\/\/www.24baires.com\/?cat=38"},"img":{"alt_text":"eseverri","src":"https:\/\/i0.wp.com\/www.24baires.com\/wp-content\/uploads\/2012\/11\/eseverri.jpg?resize=350%2C200","width":350,"height":200,"srcset":"https:\/\/i0.wp.com\/www.24baires.com\/wp-content\/uploads\/2012\/11\/eseverri.jpg?resize=350%2C200 1x, https:\/\/i0.wp.com\/www.24baires.com\/wp-content\/uploads\/2012\/11\/eseverri.jpg?resize=525%2C300 1.5x"},"classes":[]},{"id":101955,"url":"https:\/\/www.24baires.com\/?p=101955","url_meta":{"origin":4757,"position":4},"title":"Para Vidal, \u00abla emergencia tarifaria no tiene un impacto real\u00bb","author":"GB","date":"04\/05\/2018","format":false,"excerpt":"La gobernadora Mar\u00eda Eugenia Vidal recorri\u00f3 hoy los distritos de Saladillo, General Alvear y Olavarr\u00eda. En el marco de esta \u00faltima visita apunt\u00f3 contra los referentes de la oposici\u00f3n a quienes acus\u00f3 de hacer \"demagogia\" con el tema tarifas. \"Las alternativas y la propuestas que trae la oposici\u00f3n en ning\u00fan\u2026","rel":"","context":"En \u00abProvincia\u00bb","block_context":{"text":"Provincia","link":"https:\/\/www.24baires.com\/?cat=40"},"img":{"alt_text":"","src":"https:\/\/i0.wp.com\/www.24baires.com\/wp-content\/uploads\/2018\/03\/vidal-1.jpg?resize=350%2C200","width":350,"height":200,"srcset":"https:\/\/i0.wp.com\/www.24baires.com\/wp-content\/uploads\/2018\/03\/vidal-1.jpg?resize=350%2C200 1x, https:\/\/i0.wp.com\/www.24baires.com\/wp-content\/uploads\/2018\/03\/vidal-1.jpg?resize=525%2C300 1.5x"},"classes":[]},{"id":53978,"url":"https:\/\/www.24baires.com\/?p=53978","url_meta":{"origin":4757,"position":5},"title":"Alicia Zubiria se pone al frente del bloque de concejales del FR","author":"Grupo Sierra","date":"20\/09\/2014","format":false,"excerpt":"AZUL- La edil confirm\u00f3 en las \u00faltimas horas su incorporaci\u00f3n al Frente Renovador y desde las pr\u00f3ximas semanas ser\u00e1 Presidenta del bloque de Concejales que integrar\u00e1 junto a Pablo Yannibelli. En el Concejo Deliberante de Azul, el Frente Renovador conforma adem\u00e1s el interbloque \"+Azul\" junto a los concejales Ulises Urquiza\u2026","rel":"","context":"En \u00abLocales\u00bb","block_context":{"text":"Locales","link":"https:\/\/www.24baires.com\/?cat=38"},"img":{"alt_text":"alicia-zubiria azul","src":"https:\/\/i0.wp.com\/www.24baires.com\/wp-content\/uploads\/2014\/09\/alicia-zubiria-azul.jpg?resize=350%2C200","width":350,"height":200,"srcset":"https:\/\/i0.wp.com\/www.24baires.com\/wp-content\/uploads\/2014\/09\/alicia-zubiria-azul.jpg?resize=350%2C200 1x, https:\/\/i0.wp.com\/www.24baires.com\/wp-content\/uploads\/2014\/09\/alicia-zubiria-azul.jpg?resize=525%2C300 1.5x"},"classes":[]}],"jetpack_sharing_enabled":true,"jetpack_likes_enabled":true,"_links":{"self":[{"href":"https:\/\/www.24baires.com\/index.php?rest_route=\/wp\/v2\/posts\/4757","targetHints":{"allow":["GET"]}}],"collection":[{"href":"https:\/\/www.24baires.com\/index.php?rest_route=\/wp\/v2\/posts"}],"about":[{"href":"https:\/\/www.24baires.com\/index.php?rest_route=\/wp\/v2\/types\/post"}],"author":[{"embeddable":true,"href":"https:\/\/www.24baires.com\/index.php?rest_route=\/wp\/v2\/users\/4"}],"replies":[{"embeddable":true,"href":"https:\/\/www.24baires.com\/index.php?rest_route=%2Fwp%2Fv2%2Fcomments&post=4757"}],"version-history":[{"count":1,"href":"https:\/\/www.24baires.com\/index.php?rest_route=\/wp\/v2\/posts\/4757\/revisions"}],"predecessor-version":[{"id":4758,"href":"https:\/\/www.24baires.com\/index.php?rest_route=\/wp\/v2\/posts\/4757\/revisions\/4758"}],"wp:attachment":[{"href":"https:\/\/www.24baires.com\/index.php?rest_route=%2Fwp%2Fv2%2Fmedia&parent=4757"}],"wp:term":[{"taxonomy":"category","embeddable":true,"href":"https:\/\/www.24baires.com\/index.php?rest_route=%2Fwp%2Fv2%2Fcategories&post=4757"},{"taxonomy":"post_tag","embeddable":true,"href":"https:\/\/www.24baires.com\/index.php?rest_route=%2Fwp%2Fv2%2Ftags&post=4757"}],"curies":[{"name":"wp","href":"https:\/\/api.w.org\/{rel}","templated":true}]}}