{"id":4752,"date":"2012-11-08T10:45:52","date_gmt":"2012-11-08T13:45:52","guid":{"rendered":"http:\/\/www.24baires.com\/?p=4752"},"modified":"2012-11-08T10:45:52","modified_gmt":"2012-11-08T13:45:52","slug":"confirman-que-el-puente-colgante-de-necochea-no-estara-listo-para-esta-temporada-estival","status":"publish","type":"post","link":"https:\/\/www.24baires.com\/?p=4752","title":{"rendered":"Confirman que el Puente Colgante de Necochea no estar\u00e1 listo para esta temporada estival"},"content":{"rendered":"<p><img data-recalc-dims=\"1\" loading=\"lazy\" decoding=\"async\" class=\"alignleft size-medium wp-image-4754\" title=\"colgante3\" src=\"https:\/\/i0.wp.com\/www.24baires.com\/wp-content\/uploads\/2012\/11\/colgante31.jpg?resize=300%2C180\" alt=\"\" width=\"300\" height=\"180\" srcset=\"https:\/\/i0.wp.com\/www.24baires.com\/wp-content\/uploads\/2012\/11\/colgante31.jpg?resize=300%2C180&amp;ssl=1 300w, https:\/\/i0.wp.com\/www.24baires.com\/wp-content\/uploads\/2012\/11\/colgante31.jpg?w=500&amp;ssl=1 500w\" sizes=\"auto, (max-width: 300px) 100vw, 300px\" \/>El administrador general de Vialidad Provincial, ingeniero Ricardo Curetti, reconoci\u00f3 que el Puente Colgante no ser\u00e1 habilitado al tr\u00e1nsito antes del inicio de la temporada veraniega y estim\u00f3 que \u201ctomar\u00e1 parte (del tramo estival) sin la obra finalizada\u201d.<!--more--><\/p>\n<p>Si bien aclar\u00f3 que los trabajos no est\u00e1n absolutamente paralizados, admiti\u00f3 que la empresa adjudicataria \u201cha minimizado el ritmo\u201d de las tareas, como consecuencia de la deuda que mantiene la Provincia de Buenos Aires con la compa\u00f1\u00eda Cahem S.A.<\/p>\n<p>\u201cLa obra legalmente deber\u00eda estar finalizada para el 20 de febrero de 2013\u201d, afirm\u00f3 el funcionario en un di\u00e1logo mantenido con \u201cEcos Diarios\u201d, medio de Necochea.<\/p>\n<p>-\u00bfCu\u00e1l es la situaci\u00f3n de la obra de remodelaci\u00f3n y reparaci\u00f3n del Puente Colgante, porque es importante conocer la versi\u00f3n oficial ante el malestar de la comunidad y los comerciantes?<\/p>\n<p>&#8211; Es real que la empresa ha minimizado el ritmo de obra. Debemos decir que el puente fue cerrado en junio de 2011, con un plazo de ejecuci\u00f3n de 540 d\u00edas, por lo que se cumplir\u00eda la fecha hacia fines de noviembre, aunque tiene una ampliaci\u00f3n.<\/p>\n<p>&#8211; \u00bfEn qu\u00e9 consiste esa ampliaci\u00f3n que menciona?<\/p>\n<p>&#8211; Se trata de dos ampliaciones que representan un 20 por ciento del monto del contrato. Esto significa una ampliaci\u00f3n de 90 d\u00edas m\u00e1s y el tema est\u00e1 sometido para su aprobaci\u00f3n. La obra legalmente deber\u00eda estar finalizada el 20 de febrero de 2013.<\/p>\n<p>&#8211; En este momento existe preocupaci\u00f3n porque se habla de una virtual paralizaci\u00f3n\u2026<\/p>\n<p>&#8211; Se ha alcanzado un porcentaje de obra superior al 80 por ciento y nosotros nos manejamos en t\u00e9rminos legales. No es menos cierto que la obra ha deca\u00eddo mucho en su ritmo. Hay un ritmo m\u00ednimo que no se percibe en la gente com\u00fan, la cual piensa que est\u00e1 paralizada, pero no es as\u00ed. Tampoco est\u00e1 neutralizada. Paralizada significa que casi no tiene ritmo y neutralizada quiere decir que las partes convienen legalmente pararla totalmente.<\/p>\n<p>&#8211; La preocupaci\u00f3n de la comunidad es que durante este verano el puente permanezca cerrado con las consecuencias econ\u00f3micas para los comerciantes y el trastorno para los automovilistas.<\/p>\n<p>&#8211; Esto ha sido un continuo reclamo del intendente municipal, Horacio Tellechea. Lo habl\u00f3 con el ministro de Infraestructura, Alejandro Arl\u00eda, y tambi\u00e9n estoy al tanto de la preocupaci\u00f3n del propio gobernador Daniel Scioli. Hay una realidad: la ampliaci\u00f3n del plazo de obra obedece a que la finalizaci\u00f3n no ser\u00e1 ahora.<\/p>\n<p>&#8211; \u00bfCu\u00e1l es el monto que se requiere para la capa de rodamiento y los accesos?<\/p>\n<p>&#8211; Hay que ser sinceros, porque se est\u00e1n adeudando certificados a la empresa. El gobierno provincial est\u00e1 haciendo grandes esfuerzos para ver si podemos alcanzar el ritmo de obra deseado, pero no puedo dar certezas. Hemos visto si se puede entregar en una forma parcial y si se puede habilitar al tr\u00e1nsito, pero todo esto es inviable porque lo que se debe hacer es la capa de rodamiento y los accesos, lo cual significa 1.500.000 pesos.<\/p>\n<p>&#8211; \u00bfEs optimista en cuanto a que se consigan los recursos para imprimirle el ritmo que la obra demanda?<\/p>\n<p>&#8211; Es un trabajo r\u00e1pido de ejecutarse, pero el monto es importante. No tengo certezas que la capa de rodamiento est\u00e9 lista antes de fin de a\u00f1o. Tambi\u00e9n queda la iluminaci\u00f3n y las barandas de seguridad. No podemos cerrar una habilitaci\u00f3n parcial porque no tenemos el ritmo de obra que deber\u00eda tener la empresa. El verano pasar\u00eda en obra, no se si completo, pero tomar\u00e1 parte de la temporada sin la obra finalizada. Pensamos que durante esta semana habr\u00e1 definiciones respecto de esto, que es un tema de prioridad central en el tema de regularizaciones de obras.<\/p>\n<p>Petitorio de vecinos<\/p>\n<p>El titular de la Zona XII de Vialidad Provincial, ingeniero Daniel Arano, fue portador de un petitorio de vecinos y comerciantes locales, quienes vienen reclamando por la reapertura del Puente Colgante.<\/p>\n<p>Arano se reunir\u00e1 hoy con el administrador general del organismo bonaerense, ingeniero Ricardo Curetti, y le har\u00e1 entrega de la nota en la cual se expresa la \u201cmarcada preocupaci\u00f3n por el retraso y por los perjuicios\u201d que acarrea la actual situaci\u00f3n para las industrias, comercios y el turismo.<\/p>\n<p>Curetti manifest\u00f3 ayer que esperaba recibir el petitorio de los necochenses y mostr\u00f3 su predisposici\u00f3n para venir a nuestra ciudad.<\/p>\n<p>En la nota se pone de relieve que \u201cotra temporada de verano con el puente cerrado seguir\u00eda provocando un perjuicio econ\u00f3mico por la ca\u00edda en las ventas\u201d, al tiempo que se pide \u201cel mayor esfuerzo\u201d para la reanudaci\u00f3n de las obras.<\/p>\n<p>Los vecinos y comerciantes tambi\u00e9n cuestionan al gobierno provincial por no haber evaluado las consecuencias que tendr\u00eda para los distintos sectores el cierre prolongado del Colgante.<\/p>\n","protected":false},"excerpt":{"rendered":"<p>El administrador general de Vialidad Provincial, ingeniero Ricardo Curetti, reconoci\u00f3 que el Puente Colgante no ser\u00e1 habilitado al tr\u00e1nsito antes del inicio de la temporada veraniega y estim\u00f3 que \u201ctomar\u00e1 parte (del tramo estival) sin la obra finalizada\u201d.<\/p>\n","protected":false},"author":4,"featured_media":0,"comment_status":"open","ping_status":"open","sticky":false,"template":"","format":"standard","meta":{"_jetpack_newsletter_access":"","_jetpack_dont_email_post_to_subs":false,"_jetpack_newsletter_tier_id":0,"_jetpack_memberships_contains_paywalled_content":false,"_jetpack_memberships_contains_paid_content":false,"footnotes":""},"categories":[38],"tags":[],"class_list":["post-4752","post","type-post","status-publish","format-standard","hentry","category-locales"],"jetpack_featured_media_url":"","jetpack_shortlink":"https:\/\/wp.me\/p2JWE0-1eE","jetpack-related-posts":[{"id":6468,"url":"https:\/\/www.24baires.com\/?p=6468","url_meta":{"origin":4752,"position":0},"title":"Puente Colgante: siguen las pr\u00f3rrogas para la fecha de finalizaci\u00f3n de obra","author":"AF","date":"23\/11\/2012","format":false,"excerpt":"NECOCHEA - A diez d\u00edas del anuncio realizado por el gobernador Daniel Scioli al intendente Horacio Tellechea sobre la finalizaci\u00f3n de la obra del Puente Colgante antes de fin de a\u00f1o, no se registra avance alguno, ya que no se ha realizado ning\u00fan tipo de trabajo en el lugar. Este\u2026","rel":"","context":"En \u00abLocales\u00bb","block_context":{"text":"Locales","link":"https:\/\/www.24baires.com\/?cat=38"},"img":{"alt_text":"","src":"https:\/\/i0.wp.com\/www.24baires.com\/wp-content\/uploads\/2012\/11\/colgante31-300x180.jpg?resize=350%2C200","width":350,"height":200},"classes":[]},{"id":4666,"url":"https:\/\/www.24baires.com\/?p=4666","url_meta":{"origin":4752,"position":1},"title":"Necochea: protesta por demoras en la obra del puente colgante","author":"AF","date":"07\/11\/2012","format":false,"excerpt":"Un reducido grupo de comerciantes y unos pocos vecinos de los lugares afectados de la avenida Benedicto Campos y de la calle 46, se congregaron ayer, en horas de la ma\u00f1ana, en el \u00fanico puente urbano que comunica a Necochea y a Quequ\u00e9n, para pedir por la aceleraci\u00f3n de las\u2026","rel":"","context":"En \u00abSociedad\u00bb","block_context":{"text":"Sociedad","link":"https:\/\/www.24baires.com\/?cat=1"},"img":{"alt_text":"","src":"https:\/\/i0.wp.com\/www.24baires.com\/wp-content\/uploads\/2012\/11\/protesta-puente-colgante-300x172.jpg?resize=350%2C200","width":350,"height":200},"classes":[]},{"id":14699,"url":"https:\/\/www.24baires.com\/?p=14699","url_meta":{"origin":4752,"position":2},"title":"Al recientemente inaugurado Puente Colgante de Necochea todav\u00eda le falta","author":"AF","date":"05\/02\/2013","format":false,"excerpt":"El director de Vialidad de la Provincia de Buenos Aires, Ricardo Curetti, reconoci\u00f3 que a\u00fan restan algunos trabajos por realizarse en el Puente Colgante \"Hip\u00f3lito Yrigoyen\", el cual fue habilitado al tr\u00e1nsito el lunes. En ese sentido, indic\u00f3 que faltan tareas de iluminaci\u00f3n, defensas y en las barandas laterales. Curetti\u2026","rel":"","context":"En \u00abLocales\u00bb","block_context":{"text":"Locales","link":"https:\/\/www.24baires.com\/?cat=38"},"img":{"alt_text":"curetti ok","src":"https:\/\/i0.wp.com\/www.24baires.com\/wp-content\/uploads\/2013\/02\/curetti-ok.jpg?resize=350%2C200","width":350,"height":200},"classes":[]},{"id":4252,"url":"https:\/\/www.24baires.com\/?p=4252","url_meta":{"origin":4752,"position":3},"title":"Necochea: reclamar\u00e1n por la demora en la reparaci\u00f3n del Puente Colgante","author":"AF","date":"03\/11\/2012","format":false,"excerpt":"El pr\u00f3ximo martes habr\u00e1 una protesta de comerciantes y vecinos, quienes manifestar\u00e1n su disconformidad por la pronunciada demora en la ejecuci\u00f3n de las tareas de reparaci\u00f3n y remodelaci\u00f3n. Temen que la obra no est\u00e9 concluida para la temporada. La protesta se realizar\u00e1 a las 10 en el Puente Dardo Rocha,\u2026","rel":"","context":"En \u00abLocales\u00bb","block_context":{"text":"Locales","link":"https:\/\/www.24baires.com\/?cat=38"},"img":{"alt_text":"","src":"https:\/\/i0.wp.com\/www.24baires.com\/wp-content\/uploads\/2012\/11\/colgante2-300x186.jpg?resize=350%2C200","width":350,"height":200},"classes":[]},{"id":10743,"url":"https:\/\/www.24baires.com\/?p=10743","url_meta":{"origin":4752,"position":4},"title":"Necochea: volvieron a trabajar sobre el Puente Colgante","author":"AF","date":"29\/12\/2012","format":false,"excerpt":"Luego de varios d\u00edas de inactividad, finalmente este viernes pudo verse a personal de la empresa encargada de su refacci\u00f3n trabajando en el Puente Colgante.\u00a0 Personal de la empresa adjudicataria de las obras de refacci\u00f3n y repavimentaci\u00f3n del Puente Colgante \"Hip\u00f3lito Yrigoyen\" estaba trabajando el \u00faltimo viernes en la preparaci\u00f3n\u2026","rel":"","context":"En \u00abLocales\u00bb","block_context":{"text":"Locales","link":"https:\/\/www.24baires.com\/?cat=38"},"img":{"alt_text":"colgante neco trabajando","src":"https:\/\/i0.wp.com\/www.24baires.com\/wp-content\/uploads\/2012\/12\/colgante-neco-trabajando.jpg?resize=350%2C200","width":350,"height":200},"classes":[]},{"id":21217,"url":"https:\/\/www.24baires.com\/?p=21217","url_meta":{"origin":4752,"position":5},"title":"Necochea: incertidumbre sobre la finalizaci\u00f3n de las obras en el Puente Colgante","author":"AF","date":"17\/04\/2013","format":false,"excerpt":"Hay gran incertidumbre en torno a la continuidad de la obra del Puente Colgante \u201cHip\u00f3lito Yrigoyen\u201d, con las tareas complementarias que deben realizarse para culminar con el trabajo, que se puso en marcha en el mes de junio de 2011. En tanto el puente fue reabierto al tr\u00e1nsito, el \u00faltimo\u2026","rel":"","context":"En \u00abLocales\u00bb","block_context":{"text":"Locales","link":"https:\/\/www.24baires.com\/?cat=38"},"img":{"alt_text":"","src":"","width":0,"height":0},"classes":[]}],"jetpack_sharing_enabled":true,"jetpack_likes_enabled":true,"_links":{"self":[{"href":"https:\/\/www.24baires.com\/index.php?rest_route=\/wp\/v2\/posts\/4752","targetHints":{"allow":["GET"]}}],"collection":[{"href":"https:\/\/www.24baires.com\/index.php?rest_route=\/wp\/v2\/posts"}],"about":[{"href":"https:\/\/www.24baires.com\/index.php?rest_route=\/wp\/v2\/types\/post"}],"author":[{"embeddable":true,"href":"https:\/\/www.24baires.com\/index.php?rest_route=\/wp\/v2\/users\/4"}],"replies":[{"embeddable":true,"href":"https:\/\/www.24baires.com\/index.php?rest_route=%2Fwp%2Fv2%2Fcomments&post=4752"}],"version-history":[{"count":2,"href":"https:\/\/www.24baires.com\/index.php?rest_route=\/wp\/v2\/posts\/4752\/revisions"}],"predecessor-version":[{"id":4756,"href":"https:\/\/www.24baires.com\/index.php?rest_route=\/wp\/v2\/posts\/4752\/revisions\/4756"}],"wp:attachment":[{"href":"https:\/\/www.24baires.com\/index.php?rest_route=%2Fwp%2Fv2%2Fmedia&parent=4752"}],"wp:term":[{"taxonomy":"category","embeddable":true,"href":"https:\/\/www.24baires.com\/index.php?rest_route=%2Fwp%2Fv2%2Fcategories&post=4752"},{"taxonomy":"post_tag","embeddable":true,"href":"https:\/\/www.24baires.com\/index.php?rest_route=%2Fwp%2Fv2%2Ftags&post=4752"}],"curies":[{"name":"wp","href":"https:\/\/api.w.org\/{rel}","templated":true}]}}