{"id":4744,"date":"2012-11-08T10:24:43","date_gmt":"2012-11-08T13:24:43","guid":{"rendered":"http:\/\/www.24baires.com\/?p=4744"},"modified":"2012-11-08T10:24:43","modified_gmt":"2012-11-08T13:24:43","slug":"luego-del-apagon-edesur-considera-que-en-argentina-hay-insuficiencia-tarifaria","status":"publish","type":"post","link":"https:\/\/www.24baires.com\/?p=4744","title":{"rendered":"Luego del apag\u00f3n, Edesur considera que en Argentina hay &#8216;insuficiencia tarifaria&#8217;"},"content":{"rendered":"<p>La empresa el\u00e9ctrica espa\u00f1ola Endesa, due\u00f1a de Edesur, afirm\u00f3 que la situaci\u00f3n regulatoria en Argentina es \u00abinsostenible\u00bb y considera que hay \u00abinsuficiencia tarifaria\u00bb, aunque consider\u00f3 que se preparan cambios regulatorios \u00aben la buena direcci\u00f3n\u00bb.<!--more--><\/p>\n<p>El consejero delegado de la empresa, Andrea Brentan, se\u00f1al\u00f3 que el Comit\u00e9 Interministerial argentino consituido en agosto dise\u00f1\u00f3 los \u00abpuntos conceptuales\u00bb para la nueva regulaci\u00f3n energ\u00e9tica y expres\u00f3 su satisfacci\u00f3n porque el Gobierno garantiz\u00f3 que \u00abno habr\u00e1 nacionalizaci\u00f3n\u00bb y porque las reformas reconocer\u00e1n los costos de la actividad el\u00e9ctrica. \u00abLa nueva regulaci\u00f3n necesita tiempo\u00bb, afirm\u00f3.<\/p>\n<p>La ganancia neta de Endesa sufri\u00f3 un retroceso del 16 por ciento en los nueve primeros meses del a\u00f1o a 1.662 millones de euros.<\/p>\n<p>En tanto, el beneficio bruto de explotaci\u00f3n (Ebitda) registr\u00f3 un alza del 0,1 por ciento en el mismo per\u00edodo a 5.457 millones de euros, ayudado por el incremento del 2,5 por ciento del negocio en Am\u00e9rica Latina.<\/p>\n<p>Endesa dijo que ese incremento, \u00abcompens\u00f3 la reducci\u00f3n del 1,6 por ciento en Espa\u00f1a y Portugal por los recortes en la retribuci\u00f3n a la distribuci\u00f3n y en la generaci\u00f3n extrapeninsular aprobados por el gobierno en marzo y julio de este a\u00f1o\u00bb.<\/p>\n<p>El reclamo tarifario de Endesa se da luego de un gran apag\u00f3n que este mi\u00e9rcoles provoc\u00f3 un caos de tr\u00e1nsito en la Capital Federal, en plena hora pico.<\/p>\n","protected":false},"excerpt":{"rendered":"<p>La empresa el\u00e9ctrica espa\u00f1ola Endesa, due\u00f1a de Edesur, afirm\u00f3 que la situaci\u00f3n regulatoria en Argentina es \u00abinsostenible\u00bb y considera que hay \u00abinsuficiencia tarifaria\u00bb, aunque consider\u00f3 que se preparan cambios regulatorios \u00aben la buena direcci\u00f3n\u00bb.<\/p>\n","protected":false},"author":4,"featured_media":0,"comment_status":"open","ping_status":"open","sticky":false,"template":"","format":"standard","meta":{"_jetpack_newsletter_access":"","_jetpack_dont_email_post_to_subs":false,"_jetpack_newsletter_tier_id":0,"_jetpack_memberships_contains_paywalled_content":false,"_jetpack_memberships_contains_paid_content":false,"footnotes":""},"categories":[1],"tags":[],"class_list":["post-4744","post","type-post","status-publish","format-standard","hentry","category-sociedad"],"jetpack_featured_media_url":"","jetpack_shortlink":"https:\/\/wp.me\/p2JWE0-1ew","jetpack-related-posts":[{"id":38559,"url":"https:\/\/www.24baires.com\/?p=38559","url_meta":{"origin":4744,"position":0},"title":"Cortes: Endesa pidi\u00f3 disculpas a los usuarios","author":"GB","date":"15\/01\/2014","format":false,"excerpt":"Andrea Brentan, consejero delegado de Endesa, firma controlante de Edesur, dijo hoy que la empresa \"lamenta profundamente las molestias sufridas\" por los usuarios afectados por los cortes de luz y, tras manifestar su pedido de \"disculpas\", reiter\u00f3 la vocaci\u00f3n de permanencia a largo plazo del grupo en la Argentina. Brentan\u2026","rel":"","context":"En \u00abEconom\u00eda\u00bb","block_context":{"text":"Econom\u00eda","link":"https:\/\/www.24baires.com\/?cat=45"},"img":{"alt_text":"endesa","src":"https:\/\/i0.wp.com\/www.24baires.com\/wp-content\/uploads\/2014\/01\/endesa.jpg?resize=350%2C200","width":350,"height":200,"srcset":"https:\/\/i0.wp.com\/www.24baires.com\/wp-content\/uploads\/2014\/01\/endesa.jpg?resize=350%2C200 1x, https:\/\/i0.wp.com\/www.24baires.com\/wp-content\/uploads\/2014\/01\/endesa.jpg?resize=525%2C300 1.5x"},"classes":[]},{"id":96249,"url":"https:\/\/www.24baires.com\/?p=96249","url_meta":{"origin":4744,"position":1},"title":"Edenor y Edesur deben aplicar una bonificaci\u00f3n para electrodependientes","author":"AF","date":"27\/07\/2017","format":false,"excerpt":"El ENRE orden\u00f3 a Edenor y Edesur aplicar el beneficio sancionado por ley a los usuarios electrodependientes. El Ente Nacional Regulador de la Electricidad (ENRE) orden\u00f3 a las empresas distribuidoras Edenor y Edesur aplicar el beneficio sancionado por ley a los usuarios electrodependientes, lo que significar\u00e1 facturar con costo cero\u2026","rel":"","context":"En \u00abSociedad\u00bb","block_context":{"text":"Sociedad","link":"https:\/\/www.24baires.com\/?cat=1"},"img":{"alt_text":"","src":"https:\/\/i0.wp.com\/www.24baires.com\/wp-content\/uploads\/2017\/05\/Electrodependientes.jpg?resize=350%2C200","width":350,"height":200,"srcset":"https:\/\/i0.wp.com\/www.24baires.com\/wp-content\/uploads\/2017\/05\/Electrodependientes.jpg?resize=350%2C200 1x, https:\/\/i0.wp.com\/www.24baires.com\/wp-content\/uploads\/2017\/05\/Electrodependientes.jpg?resize=525%2C300 1.5x"},"classes":[]},{"id":85850,"url":"https:\/\/www.24baires.com\/?p=85850","url_meta":{"origin":4744,"position":2},"title":"La Justicia Federal de San Mart\u00edn fren\u00f3 el tarifazo de luz en todo el pa\u00eds","author":"Grupo Sierra","date":"03\/08\/2016","format":false,"excerpt":"Lo decidi\u00f3 el Juzgado Federal 2 de San Mart\u00edn despu\u00e9s de un pedido de tres vecinos de Tres de Febrero al que se sumaron un centro de estudios y Consumidores Argentinos, constituyendo el reclamo como \"acci\u00f3n colectiva\". La medida suspendi\u00f3 la aplicaci\u00f3n de la suba del servicio de electricidad en\u2026","rel":"","context":"En \u00abConsumidores\u00bb","block_context":{"text":"Consumidores","link":"https:\/\/www.24baires.com\/?cat=78"},"img":{"alt_text":"luz","src":"https:\/\/i0.wp.com\/www.24baires.com\/wp-content\/uploads\/2016\/07\/luz.jpg?resize=350%2C200","width":350,"height":200,"srcset":"https:\/\/i0.wp.com\/www.24baires.com\/wp-content\/uploads\/2016\/07\/luz.jpg?resize=350%2C200 1x, https:\/\/i0.wp.com\/www.24baires.com\/wp-content\/uploads\/2016\/07\/luz.jpg?resize=525%2C300 1.5x"},"classes":[]},{"id":88500,"url":"https:\/\/www.24baires.com\/?p=88500","url_meta":{"origin":4744,"position":3},"title":"Se suspende el tarifazo de luz en todo el conurbano bonaerense","author":"GB","date":"09\/10\/2016","format":false,"excerpt":"La decisi\u00f3n judicial es v\u00e1lida para los usuarios residenciales y abarca las \u00e1reas concesionadas a Edenor y Edesur en la Provincia. Un nuevo fallo judicial puso un freno al tarifazo de luz en la Provincia de Buenos Aires, luego de que la Corte Suprema de Justicia se negara a tratarlo\u2026","rel":"","context":"En \u00abConsumidores\u00bb","block_context":{"text":"Consumidores","link":"https:\/\/www.24baires.com\/?cat=78"},"img":{"alt_text":"boletas de luz","src":"https:\/\/i0.wp.com\/www.24baires.com\/wp-content\/uploads\/2016\/09\/boletas-de-luz.jpg?resize=350%2C200","width":350,"height":200,"srcset":"https:\/\/i0.wp.com\/www.24baires.com\/wp-content\/uploads\/2016\/09\/boletas-de-luz.jpg?resize=350%2C200 1x, https:\/\/i0.wp.com\/www.24baires.com\/wp-content\/uploads\/2016\/09\/boletas-de-luz.jpg?resize=525%2C300 1.5x"},"classes":[]},{"id":78317,"url":"https:\/\/www.24baires.com\/?p=78317","url_meta":{"origin":4744,"position":4},"title":"Las nuevas tarifas de luz vendr\u00e1n con aumentos de hasta el 500%","author":"GB","date":"29\/01\/2016","format":false,"excerpt":"El ministro de Energ\u00eda, Juan Jos\u00e9 Aranguren, dio a conocer el nuevo cuadro tarifario para los servicios de electricidad, con los incrementos que regir\u00e1n desde el 1 de febrero. Con el nuevo esquema tarifario el gobierno espera ahorrar 4 mil millones de d\u00f3lares. La tarifa social alcanzar\u00eda al 20% de\u2026","rel":"","context":"En \u00abEconom\u00eda\u00bb","block_context":{"text":"Econom\u00eda","link":"https:\/\/www.24baires.com\/?cat=45"},"img":{"alt_text":"aranguen","src":"https:\/\/i0.wp.com\/www.24baires.com\/wp-content\/uploads\/2015\/12\/aranguen.jpg?resize=350%2C200","width":350,"height":200,"srcset":"https:\/\/i0.wp.com\/www.24baires.com\/wp-content\/uploads\/2015\/12\/aranguen.jpg?resize=350%2C200 1x, https:\/\/i0.wp.com\/www.24baires.com\/wp-content\/uploads\/2015\/12\/aranguen.jpg?resize=525%2C300 1.5x"},"classes":[]},{"id":99146,"url":"https:\/\/www.24baires.com\/?p=99146","url_meta":{"origin":4744,"position":5},"title":"Aranguren defendi\u00f3 los tarifazos y dijo que \u00abson necesarios para entrar en un sistema sustentable\u00bb","author":"GB","date":"02\/12\/2017","format":false,"excerpt":"Juan Jos\u00e9 Aranguren, ministro de Energ\u00eda, justific\u00f3 este viernes los nuevos aumentos en las tarifas de la electricidad y el gas al considerar que \"son necesarios para entrar en un sistema de generaci\u00f3n el\u00e9ctrica y de gas sustentables en el tiempo\". Juan Jos\u00e9 Aranguren, ministro de Energ\u00eda, justific\u00f3 este viernes\u2026","rel":"","context":"En \u00abPol\u00edtica\u00bb","block_context":{"text":"Pol\u00edtica","link":"https:\/\/www.24baires.com\/?cat=51"},"img":{"alt_text":"","src":"https:\/\/i0.wp.com\/www.24baires.com\/wp-content\/uploads\/2016\/09\/aranguren.jpg?resize=350%2C200","width":350,"height":200,"srcset":"https:\/\/i0.wp.com\/www.24baires.com\/wp-content\/uploads\/2016\/09\/aranguren.jpg?resize=350%2C200 1x, https:\/\/i0.wp.com\/www.24baires.com\/wp-content\/uploads\/2016\/09\/aranguren.jpg?resize=525%2C300 1.5x"},"classes":[]}],"jetpack_sharing_enabled":true,"jetpack_likes_enabled":true,"_links":{"self":[{"href":"https:\/\/www.24baires.com\/index.php?rest_route=\/wp\/v2\/posts\/4744","targetHints":{"allow":["GET"]}}],"collection":[{"href":"https:\/\/www.24baires.com\/index.php?rest_route=\/wp\/v2\/posts"}],"about":[{"href":"https:\/\/www.24baires.com\/index.php?rest_route=\/wp\/v2\/types\/post"}],"author":[{"embeddable":true,"href":"https:\/\/www.24baires.com\/index.php?rest_route=\/wp\/v2\/users\/4"}],"replies":[{"embeddable":true,"href":"https:\/\/www.24baires.com\/index.php?rest_route=%2Fwp%2Fv2%2Fcomments&post=4744"}],"version-history":[{"count":1,"href":"https:\/\/www.24baires.com\/index.php?rest_route=\/wp\/v2\/posts\/4744\/revisions"}],"predecessor-version":[{"id":4745,"href":"https:\/\/www.24baires.com\/index.php?rest_route=\/wp\/v2\/posts\/4744\/revisions\/4745"}],"wp:attachment":[{"href":"https:\/\/www.24baires.com\/index.php?rest_route=%2Fwp%2Fv2%2Fmedia&parent=4744"}],"wp:term":[{"taxonomy":"category","embeddable":true,"href":"https:\/\/www.24baires.com\/index.php?rest_route=%2Fwp%2Fv2%2Fcategories&post=4744"},{"taxonomy":"post_tag","embeddable":true,"href":"https:\/\/www.24baires.com\/index.php?rest_route=%2Fwp%2Fv2%2Ftags&post=4744"}],"curies":[{"name":"wp","href":"https:\/\/api.w.org\/{rel}","templated":true}]}}