{"id":47385,"date":"2014-06-04T16:00:31","date_gmt":"2014-06-04T19:00:31","guid":{"rendered":"http:\/\/www.24baires.com\/?p=47385"},"modified":"2014-06-04T15:51:45","modified_gmt":"2014-06-04T18:51:45","slug":"la-viga-en-el-ojo-propio","status":"publish","type":"post","link":"https:\/\/www.24baires.com\/?p=47385","title":{"rendered":"La viga en el ojo propio"},"content":{"rendered":"<p><img data-recalc-dims=\"1\" loading=\"lazy\" decoding=\"async\" class=\"aligncenter wp-image-47386\" src=\"https:\/\/i0.wp.com\/www.24baires.com\/wp-content\/uploads\/2014\/06\/Gisela-Scaglia.jpg?resize=560%2C302\" alt=\"Gisela Scaglia\" width=\"560\" height=\"302\" srcset=\"https:\/\/i0.wp.com\/www.24baires.com\/wp-content\/uploads\/2014\/06\/Gisela-Scaglia.jpg?w=544&amp;ssl=1 544w, https:\/\/i0.wp.com\/www.24baires.com\/wp-content\/uploads\/2014\/06\/Gisela-Scaglia.jpg?resize=300%2C161&amp;ssl=1 300w\" sizes=\"auto, (max-width: 560px) 100vw, 560px\" \/>En las \u00faltimas horas, la Diputada Nacional del PRO, Gisela Scaglia, junto a otros legisladores macristas, como Patricia Bullrich, Laura Alonso, Eduardo C\u00e1ceres, Cornelia Schmidt Liermann y Pablo Tonelli, presentaron un escrito dirigido a la Presidencia de la Comisi\u00f3n de Juicio Pol\u00edtico en el que piden ampliar las causas por las que hab\u00edan exigido hace dos a\u00f1os el juicio pol\u00edtico a Amado Boudou.<!--more--><\/p>\n<p>Recordemos que el Vicepresidente de la Naci\u00f3n fue citado a indagatoria en el marco de la investigaci\u00f3n de la quiebra de Ciccone Calcogr\u00e1fica para mediados de Julio y \u00e9l mismo se alegr\u00f3 p\u00fablicamente de eso y pidi\u00f3 mediante un escrito que se adelantara dicha indagatoria para poder explicarse de una vez.<\/p>\n<p>Los Diputados y legisladores que presentaron la nota, expresan que: \u201cHemos ampliado los fundamentos en tres ocasiones. Sin embargo no hemos logrado que la Comisi\u00f3n de Juicio Pol\u00edtico, al menos lo ponga en tratamiento para la evaluaci\u00f3n responsable de los representantes del pueblo de la Naci\u00f3n Argentina. Hoy, hemos llegado a una instancia de gravedad institucional y de escarnio para la Rep\u00fablica\u201d. Lo que no dicen, naturalmente, es que Boudou no est\u00e1 procesado por esta causa, s\u00ed investigado. Tampoco mencionan que su m\u00e1ximo referente pol\u00edtico y Jefe de Gobierno porte\u00f1o, Mauricio Macri, s\u00ed est\u00e1 procesado en la justicia por causas de escuchas ilegales y espionaje e investigado por \u201ccoacci\u00f3n agravada y abuso de autoridad\u201d a personas en situaci\u00f3n de calle cuando cre\u00f3 la ahora ex Unidad de Control del Espacio P\u00fablico. Lindo nombre para una patota que apaleaba indigentes, entre otras cosas.<\/p>\n<p>La diputada Scaglia afirm\u00f3 que \u201cEl juicio pol\u00edtico es un resguardo \u00e9tico de los cuerpos parlamentarios, frente a quienes utilizan el poder en beneficio propio, quienes abusan, quienes corrompen el mismo.\u201d Caramba, ha de estar muy embelesada con la paja en el ojo ajeno que no ve la viga PRO en el propio, porque adem\u00e1s de Macri, esa fuerza pol\u00edtica que gobierna desde hace a\u00f1os la Ciudad Aut\u00f3noma de Buenos Aires, tiene otros ocho funcionarios (o ya ex funcionarios) procesados por la Justicia. A saber: El \u201cFino\u201d Palacios, por la causa AMIA; Ciro James y Nadorosky por espionaje; Goretti por robo y tr\u00e1fico de piezas de arte; Sturzenegger por el Megacanje de deuda; Farrel, Seikuscas y C\u00f3rdoba por apropiaci\u00f3n ilegal. Pero qu\u00e9 pedazo de viga en el ojo propio\u2026<\/p>\n<p>Aunque si seguimos leyendo el documento que entregaron a la comisi\u00f3n de Juicio Pol\u00edtico, parece un gui\u00f3n de enredos de comedia: \u201cning\u00fan funcionario que se encuentre tan involucrado en un hecho de esta envergadura puede contar siquiera con la posibilidad de ampararse en sus fueros para evitar ser indagado por un Juez Federal o para evitar ser condenado. Dilatar esta cuesti\u00f3n es encubrir la ilegalidad, es garantizar la impunidad\u201d. Y parece que los legisladores del PRO saben mucho de garantizar la impunidad y de encubrir la ilegalidad, pues en ning\u00fan momento se han presentado ante la comisi\u00f3n a la que le reclaman el Juicio Pol\u00edtico del (al menos hasta hoy) no procesado Boudou y fundamentado con ese arrojo y esmero para que tanto Macri como los otros ochos funcionarios del PRO que s\u00ed est\u00e1n procesados sean separados de sus cargos y juzgados pol\u00edticamente. La viga, agigantada, ya no les deja ver.<\/p>\n<p>&nbsp;<\/p>\n<p>&nbsp;<\/p>\n<p>&nbsp;<\/p>\n<p>&nbsp;<\/p>\n<p>&nbsp;<\/p>\n<p>&nbsp;<\/p>\n","protected":false},"excerpt":{"rendered":"<p>En las \u00faltimas horas, la Diputada Nacional del PRO, Gisela Scaglia, junto a otros legisladores macristas, como Patricia Bullrich, Laura Alonso, Eduardo C\u00e1ceres, Cornelia Schmidt Liermann y Pablo Tonelli, presentaron un escrito dirigido a la Presidencia de la Comisi\u00f3n de Juicio Pol\u00edtico en el que piden ampliar las causas por las que hab\u00edan exigido hace dos a\u00f1os el juicio pol\u00edtico [&#8230;]<\/p>\n","protected":false},"author":8,"featured_media":0,"comment_status":"open","ping_status":"open","sticky":false,"template":"","format":"standard","meta":{"_jetpack_newsletter_access":"","_jetpack_dont_email_post_to_subs":false,"_jetpack_newsletter_tier_id":0,"_jetpack_memberships_contains_paywalled_content":false,"_jetpack_memberships_contains_paid_content":false,"footnotes":""},"categories":[64],"tags":[],"class_list":["post-47385","post","type-post","status-publish","format-standard","hentry","category-opinion"],"jetpack_featured_media_url":"","jetpack_shortlink":"https:\/\/wp.me\/p2JWE0-ckh","jetpack-related-posts":[{"id":47329,"url":"https:\/\/www.24baires.com\/?p=47329","url_meta":{"origin":47385,"position":0},"title":"Desde el PRO quieren juicio pol\u00edtico para Boudou","author":"Grupo Sierra","date":"03\/06\/2014","format":false,"excerpt":"La Diputada Nacional Gisela Scaglia (PRO) junto a compa\u00f1eros de bloque de Uni\u00f3n Pro, los legisladores Patricia Bullrich, Laura Alonso, Eduardo C\u00e1ceres, Cornelia Schmidt Liermann y Pablo Tonelli, presentaron un escrito dirigido a la Presidencia de la Comisi\u00f3n de Juicio Pol\u00edtico en el que piden ampliar las causas por las\u2026","rel":"","context":"En \u00abPol\u00edtica\u00bb","block_context":{"text":"Pol\u00edtica","link":"https:\/\/www.24baires.com\/?cat=51"},"img":{"alt_text":"boudou voto","src":"https:\/\/i0.wp.com\/www.24baires.com\/wp-content\/uploads\/2013\/10\/boudou-voto.jpg?resize=350%2C200","width":350,"height":200,"srcset":"https:\/\/i0.wp.com\/www.24baires.com\/wp-content\/uploads\/2013\/10\/boudou-voto.jpg?resize=350%2C200 1x, https:\/\/i0.wp.com\/www.24baires.com\/wp-content\/uploads\/2013\/10\/boudou-voto.jpg?resize=525%2C300 1.5x"},"classes":[]},{"id":119698,"url":"https:\/\/www.24baires.com\/?p=119698","url_meta":{"origin":47385,"position":1},"title":"El Presidente entreg\u00f3 a Diputados el pedido de juicio pol\u00edtico a la Corte","author":"AF","date":"04\/01\/2023","format":false,"excerpt":"Alberto Fern\u00e1ndez se reuni\u00f3 con el presidente del Bloque de Diputados del Frente de Todos, Germ\u00e1n Mart\u00ednez; y a la diputada Carolina Gaillard, presidenta de la Comisi\u00f3n de Juicio Pol\u00edtico. El presidente Alberto Fern\u00e1ndez entreg\u00f3 al presidente del Bloque de Diputados del Frente de Todos, Germ\u00e1n Mart\u00ednez; y a la\u2026","rel":"","context":"En \u00abSociedad\u00bb","block_context":{"text":"Sociedad","link":"https:\/\/www.24baires.com\/?cat=1"},"img":{"alt_text":"","src":"https:\/\/i0.wp.com\/www.24baires.com\/wp-content\/uploads\/2023\/01\/fernandezz.jpg?resize=350%2C200","width":350,"height":200,"srcset":"https:\/\/i0.wp.com\/www.24baires.com\/wp-content\/uploads\/2023\/01\/fernandezz.jpg?resize=350%2C200 1x, https:\/\/i0.wp.com\/www.24baires.com\/wp-content\/uploads\/2023\/01\/fernandezz.jpg?resize=525%2C300 1.5x, https:\/\/i0.wp.com\/www.24baires.com\/wp-content\/uploads\/2023\/01\/fernandezz.jpg?resize=700%2C400 2x"},"classes":[]},{"id":115155,"url":"https:\/\/www.24baires.com\/?p=115155","url_meta":{"origin":47385,"position":2},"title":"Moreau sobre el espionaje ilegal: \u00abHay voluntad del sistema pol\u00edtico de terminar con estas lacras\u00bb","author":"AF","date":"27\/05\/2020","format":false,"excerpt":"El Diputado del Frente de Todos destac\u00f3 que esto \"afecta al sistema democr\u00e1tico en su conjunto\". El diputado del Frente de Todos, Leopoldo Moreau, destac\u00f3 la \"expresa voluntad del sistema pol\u00edtico\" de \"terminar con las lacras que pretenden condicionar la democracia\", en referencia a la denuncia que present\u00f3 la Agencia\u2026","rel":"","context":"En \u00abPol\u00edtica\u00bb","block_context":{"text":"Pol\u00edtica","link":"https:\/\/www.24baires.com\/?cat=51"},"img":{"alt_text":"","src":"https:\/\/i0.wp.com\/www.24baires.com\/wp-content\/uploads\/2020\/05\/moreau.jpg?resize=350%2C200","width":350,"height":200,"srcset":"https:\/\/i0.wp.com\/www.24baires.com\/wp-content\/uploads\/2020\/05\/moreau.jpg?resize=350%2C200 1x, https:\/\/i0.wp.com\/www.24baires.com\/wp-content\/uploads\/2020\/05\/moreau.jpg?resize=525%2C300 1.5x"},"classes":[]},{"id":104513,"url":"https:\/\/www.24baires.com\/?p=104513","url_meta":{"origin":47385,"position":3},"title":"Caputo fue denunciado por administraci\u00f3n fraudulenta","author":"GB","date":"17\/09\/2018","format":false,"excerpt":"La diputada del Frente para la Victoria, Fernanda Vallejos, present\u00f3 la demanda penal al vicepresidente del ente, Gustavo Ca\u00f1onero. Adem\u00e1s, solicit\u00f3 tambi\u00e9n el llamado a indagatoria para que citen a declarar a los dos funcionarios que est\u00e1n a cargo de la autoridad monetaria. La diputada nacional y economista Fernanda Vallejos\u2026","rel":"","context":"En \u00abPol\u00edtica\u00bb","block_context":{"text":"Pol\u00edtica","link":"https:\/\/www.24baires.com\/?cat=51"},"img":{"alt_text":"","src":"https:\/\/i0.wp.com\/www.24baires.com\/wp-content\/uploads\/2017\/01\/caputo-300x200.jpg?resize=350%2C200","width":350,"height":200},"classes":[]},{"id":119784,"url":"https:\/\/www.24baires.com\/?p=119784","url_meta":{"origin":47385,"position":4},"title":"Diputados aprob\u00f3 la admisibilidad al juicio pol\u00edtico a los miembros de la Corte Suprema","author":"AF","date":"09\/02\/2023","format":false,"excerpt":"El Frente de Todos, con 16 votos, se impuso en la votaci\u00f3n que permitir\u00e1 avanzar hacia la apertura del sumario para acumular las pruebas que sostengan la acusaci\u00f3n contra los magistrados Horacio Rosatti, Carlos Rosenkrantz, Juan Carlos Maqueda y Ricardo Lorenzetti. El Frente de Todos (FdT) consigui\u00f3 este jueves aprobar\u2026","rel":"","context":"En \u00abPol\u00edtica\u00bb","block_context":{"text":"Pol\u00edtica","link":"https:\/\/www.24baires.com\/?cat=51"},"img":{"alt_text":"","src":"https:\/\/i0.wp.com\/www.24baires.com\/wp-content\/uploads\/2023\/02\/Diputados-AproboAdmisibJuicioPolitico-696x451-1.jpg?resize=350%2C200","width":350,"height":200,"srcset":"https:\/\/i0.wp.com\/www.24baires.com\/wp-content\/uploads\/2023\/02\/Diputados-AproboAdmisibJuicioPolitico-696x451-1.jpg?resize=350%2C200 1x, https:\/\/i0.wp.com\/www.24baires.com\/wp-content\/uploads\/2023\/02\/Diputados-AproboAdmisibJuicioPolitico-696x451-1.jpg?resize=525%2C300 1.5x, https:\/\/i0.wp.com\/www.24baires.com\/wp-content\/uploads\/2023\/02\/Diputados-AproboAdmisibJuicioPolitico-696x451-1.jpg?resize=700%2C400 2x"},"classes":[]},{"id":118220,"url":"https:\/\/www.24baires.com\/?p=118220","url_meta":{"origin":47385,"position":5},"title":"Masivo repudio a la agresi\u00f3n de Macri en Dolores","author":"AF","date":"03\/11\/2021","format":false,"excerpt":"Diputados del Frente de Todos y trabajadores del canal de noticias C5N repudiaron el gesto agresivo que tuvo el expresidente cuando ingresaba a la sede de la Municipalidad de Dolores al quitarle el micr\u00f3fono al periodista de esa se\u00f1al que se encontraba en el lugar. Diputados del Frente de Todos\u2026","rel":"","context":"En \u00abPol\u00edtica\u00bb","block_context":{"text":"Pol\u00edtica","link":"https:\/\/www.24baires.com\/?cat=51"},"img":{"alt_text":"","src":"https:\/\/i0.wp.com\/www.24baires.com\/wp-content\/uploads\/2021\/11\/macri-ataca-c5n-2jpg.jpg?resize=350%2C200","width":350,"height":200,"srcset":"https:\/\/i0.wp.com\/www.24baires.com\/wp-content\/uploads\/2021\/11\/macri-ataca-c5n-2jpg.jpg?resize=350%2C200 1x, https:\/\/i0.wp.com\/www.24baires.com\/wp-content\/uploads\/2021\/11\/macri-ataca-c5n-2jpg.jpg?resize=525%2C300 1.5x"},"classes":[]}],"jetpack_sharing_enabled":true,"jetpack_likes_enabled":true,"_links":{"self":[{"href":"https:\/\/www.24baires.com\/index.php?rest_route=\/wp\/v2\/posts\/47385","targetHints":{"allow":["GET"]}}],"collection":[{"href":"https:\/\/www.24baires.com\/index.php?rest_route=\/wp\/v2\/posts"}],"about":[{"href":"https:\/\/www.24baires.com\/index.php?rest_route=\/wp\/v2\/types\/post"}],"author":[{"embeddable":true,"href":"https:\/\/www.24baires.com\/index.php?rest_route=\/wp\/v2\/users\/8"}],"replies":[{"embeddable":true,"href":"https:\/\/www.24baires.com\/index.php?rest_route=%2Fwp%2Fv2%2Fcomments&post=47385"}],"version-history":[{"count":1,"href":"https:\/\/www.24baires.com\/index.php?rest_route=\/wp\/v2\/posts\/47385\/revisions"}],"predecessor-version":[{"id":47387,"href":"https:\/\/www.24baires.com\/index.php?rest_route=\/wp\/v2\/posts\/47385\/revisions\/47387"}],"wp:attachment":[{"href":"https:\/\/www.24baires.com\/index.php?rest_route=%2Fwp%2Fv2%2Fmedia&parent=47385"}],"wp:term":[{"taxonomy":"category","embeddable":true,"href":"https:\/\/www.24baires.com\/index.php?rest_route=%2Fwp%2Fv2%2Fcategories&post=47385"},{"taxonomy":"post_tag","embeddable":true,"href":"https:\/\/www.24baires.com\/index.php?rest_route=%2Fwp%2Fv2%2Ftags&post=47385"}],"curies":[{"name":"wp","href":"https:\/\/api.w.org\/{rel}","templated":true}]}}