{"id":4738,"date":"2012-11-08T10:06:26","date_gmt":"2012-11-08T13:06:26","guid":{"rendered":"http:\/\/www.24baires.com\/?p=4738"},"modified":"2012-11-09T11:28:22","modified_gmt":"2012-11-09T14:28:22","slug":"el-fiscal-que-condeno-a-cuevana-tambien-viajo-a-miami-invitado-por-clarin","status":"publish","type":"post","link":"https:\/\/www.24baires.com\/?p=4738","title":{"rendered":"El fiscal que conden\u00f3 a Cuevana tambi\u00e9n viaj\u00f3 a Miami invitado por Clar\u00edn"},"content":{"rendered":"<p>Ricardo S\u00e1enz, el fiscal que conden\u00f3 al portal dedicado a la distribuci\u00f3n gratuita de pel\u00edculas y series de TV, Cuevana, tambi\u00e9n particip\u00f3 de los viajes organizados por la ONG CERTAL y financiados por el Grupo Clar\u00edn. Hasta antes del fallo, Cuevana era una competencia directa de Cablevisi\u00f3n.<!--more--> A pesar de presentarse como un centro de estudios \u00abindependiente\u00bb, en CERTAL conviven personas ligadas a los grupos empresarios dedicados a las telecomunicaciones e integrantes de la llamada \u201cfamilia judicial\u201d.<br \/>\nA la usanza de la industria farmac\u00e9utica, pagar viajes, cursos, congresos y sponsoreos varios es la metodolog\u00eda elegida para obtener contraprestaciones de profesionales que no ven como una contradicci\u00f3n \u00e9tica participar de estos eventos.<br \/>\nUno de los funcionarios que forman parte de la estructura org\u00e1nica de CERTAL con el cargo de Secretario General en Argentina es Ricardo S\u00e1enz, fiscal general ante la C\u00e1mara Nacional de Apelaciones en lo Criminal y Correccional de la Capital Federal.<br \/>\nAll\u00ed comparte tareas con la Coordinadora General del mismo organismo, Ana Recondo, hija del cuestionado camarista e integrante del Consejo de la Magistratura, Ricardo Recondo.<br \/>\nComo Secretario General de la organizaci\u00f3n, S\u00e1enz brind\u00f3 conferencias por el continente, y distintas fuentes aseguran que particip\u00f3 del evento realizado en Miami al que acudieron varios magistrados argentinos invitados por el Grupo Clar\u00edn.<br \/>\nEn agosto pasado, el fiscal tambi\u00e9n particip\u00f3 en Asunci\u00f3n de un evento organizado por CERTAL para cableoperadores y disert\u00f3 en la mesa sobre \u201cLa situaci\u00f3n jur\u00eddica del combate a la pirater\u00eda en Paraguay y su comparaci\u00f3n con los pa\u00edses del Mercosur\u201d.<br \/>\nTambi\u00e9n fue expositor en las jornadas de la Asociaci\u00f3n Argentina de TV por Cable (ATVC) en 2011, en la misma mesa con Sergio Piris, \u201cabogado penalista especializado en clandestinidad y asesor externo de Cablevisi\u00f3n y CERTAL\u201d, seg\u00fan el propio programa del encuentro.<br \/>\nEn marzo de 2012, el fiscal S\u00e1enz tuvo sus quince minutos de fama al impulsar una acci\u00f3n penal contra \u201cCuevana\u201d el m\u00e1s importante sitio web argentino dedicado a la distribuci\u00f3n gratuita de producciones de cine y televisi\u00f3n.<br \/>\nAll\u00ed recurri\u00f3 a la figura de \u201cpart\u00edcipe necesario\u201d para imputar al fundador del sitio, Tom\u00e1s Escobar, y responsabilizarlo por los links incluidos en la web, aunque estos estuvieran dirigidos a servidores ubicados fuera del pa\u00eds y cuyos titulares no tienen ninguna relaci\u00f3n con Escobar, es decir, lo mismo que hacen todos los buscadores e indexadores de sitios, Google incluido.<br \/>\nCuevana era, hasta que se inici\u00f3 la causa impulsada por el Secretario General de CERTAL para Argentina, el principal obst\u00e1culo para el desarrollo del sistema de video on demand presentado por Cablevisi\u00f3n el viernes pasado.<br \/>\nEste nuevo producto del grupo Clar\u00edn permite a los abonados descargar pel\u00edculas a elecci\u00f3n de un cat\u00e1logo y verlas en cualquier horario a cambio de un pago adicional al abono por cada contenido descargado. Lo mismo que hac\u00eda Cuevana, pero pago.<br \/>\nS\u00e1enz, de alta exposici\u00f3n en las redes sociales \u2013tiene su propia p\u00e1gina de Facebook y su cuenta en Twitter-, tambi\u00e9n conduce un programa semanal llamado \u201c\u00c1rea Protegida. El programa de Argentina Cibersegura\u201d, que se emite por FM Identidad 92.1.<br \/>\nEl ciclo es sostenido por otra ONG, \u201cArgentina Cibersegura\u201d, creada y mantenida por la multinacional de origen norteamericano Eset, dedicada al desarrollo de software de seguridad inform\u00e1tica.<br \/>\nEsta relaci\u00f3n con uno de los principales actores corporativos del \u00e1mbito que el fiscal dice investigar no le genera ninguna contradicci\u00f3n.<br \/>\nTampoco parece incomodarlo que el due\u00f1o de FM Identidad sea el empresario Jorge Cassino, referente de la industria del software en Argentina, presidente de la empresa Sols Latinoam\u00e9rica y de la Federaci\u00f3n Latinoamericana y del Caribe de Entidades de Tecnolog\u00edas de la Informaci\u00f3n.<br \/>\nEn FM Identidad, el S\u00e1enz \u201cperiodista\u201d es compa\u00f1ero de un nutrido grupo de colegas del diario Clar\u00edn que trabajan en esa emisora: Alejandro Alfie (quien se dedica a temas de tecnolog\u00eda y medios en el diario), Lucio Fern\u00e1ndez Moores, Leonardo M\u00edndez y Pablo Novillo, son algunos de los compa\u00f1eros del medi\u00e1tico S\u00e1enz.<br \/>\nEn los pasillos de Tribunales cuentan que se enorgullece de que lo llamen \u201cfiscal 2.0\u201d, aunque su actividad en la justicia empez\u00f3 mucho antes que su devoci\u00f3n por Internet y su preocupaci\u00f3n por el \u201cciberdelito\u201d.<br \/>\nEn abril de 2003, cuando todav\u00eda estaba lejos del mundo de los medios y las telecomunicaciones, apenas un mes antes de que N\u00e9stor Kirchner asumiera el gobierno e iniciara el proceso de renovaci\u00f3n de los miembros de la Corte Suprema, S\u00e1enz \u2013interinamente a cargo de la Fiscal\u00eda de C\u00e1mara- se pronunci\u00f3 por la validez de las leyes de Obediencia Debida y Punto Final y reclam\u00f3, a trav\u00e9s de un recurso extraordinario, que la Corte ratificara su constitucionalidad.<br \/>\nEl objetivo era garantizar la impunidad de los responsables del terrorismo de Estado antes de la llegada del nuevo gobierno. Perdida esa batalla, hoy S\u00e1enz cierra filas con otros poderosos.<\/p>\n","protected":false},"excerpt":{"rendered":"<p>Ricardo S\u00e1enz, el fiscal que conden\u00f3 al portal dedicado a la distribuci\u00f3n gratuita de pel\u00edculas y series de TV, Cuevana, tambi\u00e9n particip\u00f3 de los viajes organizados por la ONG CERTAL y financiados por el Grupo Clar\u00edn. Hasta antes del fallo, Cuevana era una competencia directa de Cablevisi\u00f3n.<\/p>\n","protected":false},"author":4,"featured_media":0,"comment_status":"open","ping_status":"open","sticky":false,"template":"","format":"standard","meta":{"_jetpack_newsletter_access":"","_jetpack_dont_email_post_to_subs":false,"_jetpack_newsletter_tier_id":0,"_jetpack_memberships_contains_paywalled_content":false,"_jetpack_memberships_contains_paid_content":false,"footnotes":""},"categories":[54],"tags":[],"class_list":["post-4738","post","type-post","status-publish","format-standard","hentry","category-medios"],"jetpack_featured_media_url":"","jetpack_shortlink":"https:\/\/wp.me\/p2JWE0-1eq","jetpack-related-posts":[{"id":4851,"url":"https:\/\/www.24baires.com\/?p=4851","url_meta":{"origin":4738,"position":0},"title":"Finalmente imputaron al camarista que viaj\u00f3 a Miami financiado por Clar\u00edn","author":"Grupo Sierra","date":"09\/11\/2012","format":false,"excerpt":"El fiscal Eduardo Taiano imput\u00f3 al camarista civil y comercial federal Francisco de las Carreras. Se trata de uno de los jueces que particip\u00f3 de un congreso en Miami, que auspici\u00f3 y financi\u00f3 el Grupo Clar\u00edn. El camarista, competente en una de las principales causas en las que el grupo\u2026","rel":"","context":"En \u00abMedios\u00bb","block_context":{"text":"Medios","link":"https:\/\/www.24baires.com\/?cat=54"},"img":{"alt_text":"","src":"","width":0,"height":0},"classes":[]},{"id":4309,"url":"https:\/\/www.24baires.com\/?p=4309","url_meta":{"origin":4738,"position":1},"title":"El CERTAL reconoci\u00f3 que entre sus sponsors est\u00e1 el Grupo Clar\u00edn","author":"Grupo Sierra","date":"03\/11\/2012","format":false,"excerpt":"La ONG que invit\u00f3 al magistrado Francisco Horacio de las Carreras a participar de un congreso realizado en Miami con los gastos de alojamiento y pasajes pagos, amiti\u00f3 que su \"principal fuente de financiamiento son los aportes que realizan los diversos sponsors\", entre los que se cuentan varias empresas pertenecientes\u2026","rel":"","context":"En \u00abMedios\u00bb","block_context":{"text":"Medios","link":"https:\/\/www.24baires.com\/?cat=54"},"img":{"alt_text":"","src":"","width":0,"height":0},"classes":[]},{"id":4147,"url":"https:\/\/www.24baires.com\/?p=4147","url_meta":{"origin":4738,"position":2},"title":"El juez De las Carreras fue denunciado por el Gobierno por presunta \u00abrecepci\u00f3n de d\u00e1divas\u00bb de Clar\u00edn","author":"AF","date":"02\/11\/2012","format":false,"excerpt":"En la presentaci\u00f3n solicita que se investigue el delito de \"recepci\u00f3n de d\u00e1divas\" por parte del juez, quien particip\u00f3 de un congreso en Miami organizado por una ONG que integra y financia el Grupo Clar\u00edn. En rueda de prensa, el ministro de Justicia, Julio Alak, inform\u00f3 que el jefe de\u2026","rel":"","context":"En \u00abMedios\u00bb","block_context":{"text":"Medios","link":"https:\/\/www.24baires.com\/?cat=54"},"img":{"alt_text":"","src":"https:\/\/i0.wp.com\/www.24baires.com\/wp-content\/uploads\/2012\/11\/de-las-carreras2-300x179.jpg?resize=350%2C200","width":350,"height":200},"classes":[]},{"id":3693,"url":"https:\/\/www.24baires.com\/?p=3693","url_meta":{"origin":4738,"position":3},"title":"El Juez que viaj\u00f3 a Miami invitado por Clar\u00edn tiene 20 d\u00edas para hacer su descargo","author":"AF","date":"29\/10\/2012","format":false,"excerpt":"La comisi\u00f3n de Acusaci\u00f3n y Disciplina estableci\u00f3 que el juez Francisco Horacio de las Carreras, tiene 20 d\u00edas h\u00e1biles para presentar su descargo, en relaci\u00f3n a la denuncia realizada por el Gobierno sobre su participaci\u00f3n en un seminario en Miami invitado por el grupo Clar\u00edn. La comisi\u00f3n pas\u00f3 a un\u2026","rel":"","context":"En \u00abPol\u00edtica\u00bb","block_context":{"text":"Pol\u00edtica","link":"https:\/\/www.24baires.com\/?cat=51"},"img":{"alt_text":"","src":"https:\/\/i0.wp.com\/www.24baires.com\/wp-content\/uploads\/2012\/10\/de-las-carreras-300x179.jpg?resize=350%2C200","width":350,"height":200},"classes":[]},{"id":4110,"url":"https:\/\/www.24baires.com\/?p=4110","url_meta":{"origin":4738,"position":4},"title":"Bocanera reconoci\u00f3 que a Tettamanti lo designaron &#8216;a dedo&#8217;","author":"AF","date":"01\/11\/2012","format":false,"excerpt":"El secretario general del fuero Civil y Comercial ofreci\u00f3 su testimonio ante la Comisi\u00f3n de Disciplina y Acusaci\u00f3n del Consejo de la Magistratura. All\u00ed asegur\u00f3 que al juez, jubilado, Ra\u00fal Tettamanti lo designaron de forma manual. El secretario general del la C\u00e1mara Civil y Comercial Federal, Gustavo Bocanera, quien prest\u00f3\u2026","rel":"","context":"En \u00abMedios\u00bb","block_context":{"text":"Medios","link":"https:\/\/www.24baires.com\/?cat=54"},"img":{"alt_text":"","src":"https:\/\/i0.wp.com\/www.24baires.com\/wp-content\/uploads\/2012\/11\/tettamanti2-300x193.jpg?resize=350%2C200","width":350,"height":200},"classes":[]},{"id":121829,"url":"https:\/\/www.24baires.com\/?p=121829","url_meta":{"origin":4738,"position":5},"title":"Se conoce el fallo contra Cristina por la causa Vialidad","author":"GB","date":"13\/11\/2024","format":false,"excerpt":"La C\u00e1mara Federal de Casaci\u00f3n Penal dar\u00e1 a conocer este mi\u00e9rcoles a las 11.00 su veredicto en el marco del caso por el que la ex Presidenta fue condenada a seis a\u00f1os de prisi\u00f3n e inhabilitaci\u00f3n perpetua para ocupar cargos p\u00fablicos. La ex mandataria hizo su descargo contra jueces, dirigentes\u2026","rel":"","context":"En \u00abPol\u00edtica\u00bb","block_context":{"text":"Pol\u00edtica","link":"https:\/\/www.24baires.com\/?cat=51"},"img":{"alt_text":"","src":"https:\/\/i0.wp.com\/www.24baires.com\/wp-content\/uploads\/2024\/11\/cfk_1.jpg?resize=350%2C200","width":350,"height":200,"srcset":"https:\/\/i0.wp.com\/www.24baires.com\/wp-content\/uploads\/2024\/11\/cfk_1.jpg?resize=350%2C200 1x, https:\/\/i0.wp.com\/www.24baires.com\/wp-content\/uploads\/2024\/11\/cfk_1.jpg?resize=525%2C300 1.5x, https:\/\/i0.wp.com\/www.24baires.com\/wp-content\/uploads\/2024\/11\/cfk_1.jpg?resize=700%2C400 2x"},"classes":[]}],"jetpack_sharing_enabled":true,"jetpack_likes_enabled":true,"_links":{"self":[{"href":"https:\/\/www.24baires.com\/index.php?rest_route=\/wp\/v2\/posts\/4738","targetHints":{"allow":["GET"]}}],"collection":[{"href":"https:\/\/www.24baires.com\/index.php?rest_route=\/wp\/v2\/posts"}],"about":[{"href":"https:\/\/www.24baires.com\/index.php?rest_route=\/wp\/v2\/types\/post"}],"author":[{"embeddable":true,"href":"https:\/\/www.24baires.com\/index.php?rest_route=\/wp\/v2\/users\/4"}],"replies":[{"embeddable":true,"href":"https:\/\/www.24baires.com\/index.php?rest_route=%2Fwp%2Fv2%2Fcomments&post=4738"}],"version-history":[{"count":3,"href":"https:\/\/www.24baires.com\/index.php?rest_route=\/wp\/v2\/posts\/4738\/revisions"}],"predecessor-version":[{"id":4815,"href":"https:\/\/www.24baires.com\/index.php?rest_route=\/wp\/v2\/posts\/4738\/revisions\/4815"}],"wp:attachment":[{"href":"https:\/\/www.24baires.com\/index.php?rest_route=%2Fwp%2Fv2%2Fmedia&parent=4738"}],"wp:term":[{"taxonomy":"category","embeddable":true,"href":"https:\/\/www.24baires.com\/index.php?rest_route=%2Fwp%2Fv2%2Fcategories&post=4738"},{"taxonomy":"post_tag","embeddable":true,"href":"https:\/\/www.24baires.com\/index.php?rest_route=%2Fwp%2Fv2%2Ftags&post=4738"}],"curies":[{"name":"wp","href":"https:\/\/api.w.org\/{rel}","templated":true}]}}