{"id":4721,"date":"2012-11-07T20:55:42","date_gmt":"2012-11-07T23:55:42","guid":{"rendered":"http:\/\/www.24baires.com\/?p=4721"},"modified":"2012-11-07T21:03:59","modified_gmt":"2012-11-08T00:03:59","slug":"caso-marita-veron-termino-otra-jornada-de-alegatos","status":"publish","type":"post","link":"https:\/\/www.24baires.com\/?p=4721","title":{"rendered":"Caso Marita Ver\u00f3n: termin\u00f3 otra jornada de alegatos"},"content":{"rendered":"<p><img data-recalc-dims=\"1\" loading=\"lazy\" decoding=\"async\" class=\"alignleft size-full wp-image-4722\" title=\"trimarco\" src=\"https:\/\/i0.wp.com\/www.24baires.com\/wp-content\/uploads\/2012\/11\/trimarco.jpg?resize=290%2C174\" alt=\"\" width=\"290\" height=\"174\" \/>Una nueva jornada de alegatos se cumpli\u00f3 en el juicio por la desaparici\u00f3n de Marita Ver\u00f3n y, tal como sucedi\u00f3 en las audiencias anteriores, los abogados solicitaron la absoluci\u00f3n de los imputados que defienden.<!--more--><br \/>\nRoberto Flores y Luis Acosta, defensores de Paola Gait\u00e1n y Carlos Luna, respectivamente, buscaron desmostrar que ambos imputados no tienen responsabilidad en la desaparici\u00f3n de la joven tucumana, ocurrida el 2 de abril de 2002.<br \/>\nFlores sostuvo que Gait\u00e1n es una madre de dos hijos menores de edad, ama de casa, y que es \u00abv\u00edctima de un sistema penal represivo que ataca a los excluidos sociales\u00bb.<br \/>\n\u00abEl \u00fanico error que cometi\u00f3 en su vida fue el de haber sido la esposa de Carlos Luna\u00bb, ironiz\u00f3 el letrado.<br \/>\nAcosta, por su parte, aleg\u00f3 que las testigos que declararon en la causa eran pro-Fundaci\u00f3n Mar\u00eda de los Angeles Ver\u00f3n y \u00abs\u00f3lo respond\u00edan preguntas de los abogados querellantes\u00bb.<br \/>\n\u00abCuando le preguntaban los defensores las \u00fanicas respuestas eran `no recuerdo`\u00bb, sostuvo Acosta, quien aclar\u00f3 que Luna s\u00f3lo alquilaba el \u00abCandy\u00bb y que contaba con las habilitaciones para funcionar como whisquer\u00eda.<br \/>\n\u00abNinguna testigo mencion\u00f3 directamente que Carlos Luna tuviera que ver con el secuestro, traslado y promoci\u00f3n de la prostituci\u00f3n\u00bb de Marita, indic\u00f3.<br \/>\nDurante su alegato, Acosta se refiri\u00f3 a la vinculaci\u00f3n entre su defendido y Pascual Andrada, el ex polic\u00eda se\u00f1alado como la persona que habr\u00eda trasladado a Marita a la Rioja.<br \/>\n\u00abNo existe ninguna posibilidad de que Luna haya mandado a Pascual Andrada a secuestrar a Marita Ver\u00f3n\u00bb, resalt\u00f3.<br \/>\n\u00abA Andrada lo vinculan con Luna porque hay una amistad entre ellos\u00bb, explic\u00f3 el abogado y advirti\u00f3 que su cliente \u00abvino a Tucum\u00e1n en octubre y la desaparici\u00f3n de Marita sucedi\u00f3 en abril\u00bb.<br \/>\n\u00abEl vino a la casa de una mujer para preguntarle si quer\u00eda trabajar en La Rioja haciendo shows, cantando, bailando, lo que antes se hac\u00eda en un cabaret\u00bb, se\u00f1al\u00f3.<br \/>\nEl juicio continuar\u00e1 ma\u00f1ana con otra ronda de alegatos y una vez que expongan todos los abogados defensores el tribunal estar\u00e1 en condiciones de dar el veredicto.<br \/>\nLos 13 imputados que est\u00e1n siendo juzgados son: V\u00edctor Rivero, Mar\u00eda Jes\u00fas Rivero, Andr\u00e9s Gonz\u00e1lez, Lidia Medina, Jes\u00fas Gonz\u00e1lez, Jos\u00e9 G\u00f3mez, Daniela Milhein, Cintia Gait\u00e1n, Carlos Luna, Mar\u00eda Azucena M\u00e1rquez, Andrada, Mariana Bustos y Humberto DeRoberti.<br \/>\nSe los acusa de los delitos de sustracci\u00f3n, retenci\u00f3n y ocultamiento agravado por su condici\u00f3n de mujer, en concurso con el delito de promoci\u00f3n de la prostituci\u00f3n, en perjuicio de Mar\u00eda de los \u00c1ngeles Ver\u00f3n.<br \/>\nAnteriormente, el representante del Ministerio P\u00fablico Fiscal y la querella hab\u00edan solicitado penas de hasta 25 a\u00f1os para los acusados.<\/p>\n","protected":false},"excerpt":{"rendered":"<p>Una nueva jornada de alegatos se cumpli\u00f3 en el juicio por la desaparici\u00f3n de Marita Ver\u00f3n y, tal como sucedi\u00f3 en las audiencias anteriores, los abogados solicitaron la absoluci\u00f3n de los imputados que defienden.<\/p>\n","protected":false},"author":4,"featured_media":0,"comment_status":"open","ping_status":"open","sticky":false,"template":"","format":"standard","meta":{"_jetpack_newsletter_access":"","_jetpack_dont_email_post_to_subs":false,"_jetpack_newsletter_tier_id":0,"_jetpack_memberships_contains_paywalled_content":false,"_jetpack_memberships_contains_paid_content":false,"footnotes":""},"categories":[1],"tags":[],"class_list":["post-4721","post","type-post","status-publish","format-standard","hentry","category-sociedad"],"jetpack_featured_media_url":"","jetpack_shortlink":"https:\/\/wp.me\/p2JWE0-1e9","jetpack-related-posts":[{"id":43506,"url":"https:\/\/www.24baires.com\/?p=43506","url_meta":{"origin":4721,"position":0},"title":"Caso Marita Ver\u00f3n: ahora, todos condenados","author":"Grupo Sierra","date":"08\/04\/2014","format":false,"excerpt":"Las condenas a los 10 responsables de la privaci\u00f3n ileg\u00edtima de la libertad y promoci\u00f3n de la prostituci\u00f3n de Marita Ver\u00f3n fueron dispuesta por el tribunal que lleva adelante el caso, luego de completarse la audiencia de fijaci\u00f3n de pena. \"Hoy se hizo justicia\", afirm\u00f3 Susana Trimarco. El tribunal designado\u2026","rel":"","context":"En \u00abJUDICIALES\u00bb","block_context":{"text":"JUDICIALES","link":"https:\/\/www.24baires.com\/?cat=68"},"img":{"alt_text":"marita ver\u00f3n2","src":"https:\/\/i0.wp.com\/www.24baires.com\/wp-content\/uploads\/2013\/04\/marita-ver%C3%B3n2.jpg?resize=350%2C200","width":350,"height":200,"srcset":"https:\/\/i0.wp.com\/www.24baires.com\/wp-content\/uploads\/2013\/04\/marita-ver%C3%B3n2.jpg?resize=350%2C200 1x, https:\/\/i0.wp.com\/www.24baires.com\/wp-content\/uploads\/2013\/04\/marita-ver%C3%B3n2.jpg?resize=525%2C300 1.5x"},"classes":[]},{"id":43467,"url":"https:\/\/www.24baires.com\/?p=43467","url_meta":{"origin":4721,"position":1},"title":"Marita Ver\u00f3n: prisi\u00f3n domiciliaria para los imputados hasta que se dicte el fallo","author":"GB","date":"07\/04\/2014","format":false,"excerpt":"El tribunal designado para establecer la condena de los diez acusados por el secuestro y desaparici\u00f3n de Marita Ver\u00f3n orden\u00f3 la prisi\u00f3n domiciliaria de los imputados, mientras que los fiscales y los abogados de la madre de la v\u00edctima, Susana Trimarco, pidieron penas de hasta 25 a\u00f1os con cumplimiento efectivo\u2026","rel":"","context":"En \u00abJUDICIALES\u00bb","block_context":{"text":"JUDICIALES","link":"https:\/\/www.24baires.com\/?cat=68"},"img":{"alt_text":"susana trimarco","src":"https:\/\/i0.wp.com\/www.24baires.com\/wp-content\/uploads\/2013\/01\/susana-trimarco-300x180.jpg?resize=350%2C200","width":350,"height":200},"classes":[]},{"id":37142,"url":"https:\/\/www.24baires.com\/?p=37142","url_meta":{"origin":4721,"position":2},"title":"Caso Marita Ver\u00f3n: designaron a los jueces que dictar\u00e1n las penas a los condenados","author":"GB","date":"19\/12\/2013","format":false,"excerpt":"Los magistrados Emilio P\u00e1ez de la Torre, Dante Iba\u00f1ez y Mar\u00eda Elisa Molina integrar\u00e1n la Sala II de la C\u00e1mara Penal, en la que otorgar\u00e1n las penas a los condenados en el marco del juicio por el secuestro y desaparici\u00f3n de Marita Ver\u00f3n en 2002. Los jueces que decidir\u00e1n las\u2026","rel":"","context":"En \u00abJUDICIALES\u00bb","block_context":{"text":"JUDICIALES","link":"https:\/\/www.24baires.com\/?cat=68"},"img":{"alt_text":"","src":"","width":0,"height":0},"classes":[]},{"id":8767,"url":"https:\/\/www.24baires.com\/?p=8767","url_meta":{"origin":4721,"position":3},"title":"Otra vez la verg\u00fcenza judicial: Absolvieron a todos los imputados en el Caso Marita Ver\u00f3n","author":"Grupo Sierra","date":"11\/12\/2012","format":false,"excerpt":"El tribunal que integran los jueces Alberto Piedrabuena, Emilio Herrera Molina y Eduardo Romero Lascano, absolvi\u00f3 a los 13 acusados del secuestro y desaparici\u00f3n en 2002 de la joven Marita Ver\u00f3n, v\u00edctima de una red de trata de personas. La lectura del fallo, cuyo inicio demor\u00f3 mas de cuatro horas\u2026","rel":"","context":"En \u00abSociedad\u00bb","block_context":{"text":"Sociedad","link":"https:\/\/www.24baires.com\/?cat=1"},"img":{"alt_text":"","src":"https:\/\/i0.wp.com\/www.24baires.com\/wp-content\/uploads\/2012\/12\/marita-veron-juicio.jpg?resize=350%2C200","width":350,"height":200,"srcset":"https:\/\/i0.wp.com\/www.24baires.com\/wp-content\/uploads\/2012\/12\/marita-veron-juicio.jpg?resize=350%2C200 1x, https:\/\/i0.wp.com\/www.24baires.com\/wp-content\/uploads\/2012\/12\/marita-veron-juicio.jpg?resize=525%2C300 1.5x"},"classes":[]},{"id":43415,"url":"https:\/\/www.24baires.com\/?p=43415","url_meta":{"origin":4721,"position":4},"title":"Pedir\u00e1n 25 a\u00f1os de c\u00e1rcel para los acusados por el secuestro de Marita Ver\u00f3n","author":"Grupo Sierra","date":"06\/04\/2014","format":false,"excerpt":"Carlos Garmendia, abogado de Susana Trimarco, anunci\u00f3 que solicitar\u00e1 \"el m\u00e1ximo de la pena, que es de 25 a\u00f1os\", para los diez acusados de haber secuestrado a Marita Ver\u00f3n hace 12 a\u00f1os. \"Esperamos que la fiscal\u00eda pida lo mismo y que por fin se haga justicia\", dijo. \"Esperamos que la\u2026","rel":"","context":"En \u00abJUDICIALES\u00bb","block_context":{"text":"JUDICIALES","link":"https:\/\/www.24baires.com\/?cat=68"},"img":{"alt_text":"marita ver\u00f3n2","src":"https:\/\/i0.wp.com\/www.24baires.com\/wp-content\/uploads\/2013\/04\/marita-ver%C3%B3n2.jpg?resize=350%2C200","width":350,"height":200,"srcset":"https:\/\/i0.wp.com\/www.24baires.com\/wp-content\/uploads\/2013\/04\/marita-ver%C3%B3n2.jpg?resize=350%2C200 1x, https:\/\/i0.wp.com\/www.24baires.com\/wp-content\/uploads\/2013\/04\/marita-ver%C3%B3n2.jpg?resize=525%2C300 1.5x"},"classes":[]},{"id":37014,"url":"https:\/\/www.24baires.com\/?p=37014","url_meta":{"origin":4721,"position":5},"title":"Revocaron el fallo del caso Marita Ver\u00f3n","author":"Grupo Sierra","date":"17\/12\/2013","format":false,"excerpt":"La Corte Suprema de Justicia de Tucum\u00e1n modific\u00f3 hoy parcialmente el fallo del juicio por el secuestro y desaparici\u00f3n de Marita Ver\u00f3n, condenando a la mayor\u00eda de los imputados, informaron voceros judiciales. Con el voto de Antonio Estof\u00e1n, Antonio Gandur y Claudia Sbdar, se decidi\u00f3 modificar la sentencia que se\u2026","rel":"","context":"En \u00abSociedad\u00bb","block_context":{"text":"Sociedad","link":"https:\/\/www.24baires.com\/?cat=1"},"img":{"alt_text":"marita ver\u00f3n2","src":"https:\/\/i0.wp.com\/www.24baires.com\/wp-content\/uploads\/2013\/04\/marita-ver%C3%B3n2-300x242.jpg?resize=350%2C200","width":350,"height":200},"classes":[]}],"jetpack_sharing_enabled":true,"jetpack_likes_enabled":true,"_links":{"self":[{"href":"https:\/\/www.24baires.com\/index.php?rest_route=\/wp\/v2\/posts\/4721","targetHints":{"allow":["GET"]}}],"collection":[{"href":"https:\/\/www.24baires.com\/index.php?rest_route=\/wp\/v2\/posts"}],"about":[{"href":"https:\/\/www.24baires.com\/index.php?rest_route=\/wp\/v2\/types\/post"}],"author":[{"embeddable":true,"href":"https:\/\/www.24baires.com\/index.php?rest_route=\/wp\/v2\/users\/4"}],"replies":[{"embeddable":true,"href":"https:\/\/www.24baires.com\/index.php?rest_route=%2Fwp%2Fv2%2Fcomments&post=4721"}],"version-history":[{"count":3,"href":"https:\/\/www.24baires.com\/index.php?rest_route=\/wp\/v2\/posts\/4721\/revisions"}],"predecessor-version":[{"id":4725,"href":"https:\/\/www.24baires.com\/index.php?rest_route=\/wp\/v2\/posts\/4721\/revisions\/4725"}],"wp:attachment":[{"href":"https:\/\/www.24baires.com\/index.php?rest_route=%2Fwp%2Fv2%2Fmedia&parent=4721"}],"wp:term":[{"taxonomy":"category","embeddable":true,"href":"https:\/\/www.24baires.com\/index.php?rest_route=%2Fwp%2Fv2%2Fcategories&post=4721"},{"taxonomy":"post_tag","embeddable":true,"href":"https:\/\/www.24baires.com\/index.php?rest_route=%2Fwp%2Fv2%2Ftags&post=4721"}],"curies":[{"name":"wp","href":"https:\/\/api.w.org\/{rel}","templated":true}]}}