{"id":4717,"date":"2012-11-07T13:50:46","date_gmt":"2012-11-07T16:50:46","guid":{"rendered":"http:\/\/www.24baires.com\/?p=4717"},"modified":"2012-11-07T21:42:41","modified_gmt":"2012-11-08T00:42:41","slug":"muestra-itinerante-jauretche-por-jauretche-en-gonzalez-catan","status":"publish","type":"post","link":"https:\/\/www.24baires.com\/?p=4717","title":{"rendered":"Concluye este jueves la muestra itinerante \u00abJauretche por Jauretche\u00bb en Gonz\u00e1lez Cat\u00e1n"},"content":{"rendered":"<p>La Muestra Itinerante organizada por el Centro de Estudios Arturo Jauretche del Banco Provincia, a trav\u00e9s de la Secretar\u00eda de Cultura y Educaci\u00f3n de La Matanza, y en conjunto con la Regi\u00f3n Descentralizada Sur, concluye ma\u00f1ana luego de varios d\u00edas de exposici\u00f3n.<!--more--><\/p>\n<p>Esta producci\u00f3n, destinada a recorrer municipios y universidades de la provincia de Buenos Aires, tiene el objetivo de difundir el pensamiento, la vida y la obra del que fuera presidente del Banco entre 1946 y 1951 por medio de paneles informativos. Los mismos conforman un recorrido a trav\u00e9s de im\u00e1genes y textos originales que nos permiten acercarnos a este gran pensador de nuestra historia haciendo hincapi\u00e9 en sus dos facetas m\u00e1s sobresalientes: la de escritor y la de pol\u00edtico.<\/p>\n<p>A trav\u00e9s de su labor, Arturo Jauretche promovi\u00f3 la empresa nacional, la defensa de los sectores populares, el pensamiento cr\u00edtico y la protecci\u00f3n de la patria ante la codicia de las grandes potencias. A partir de la ca\u00edda del peronismo comenz\u00f3 su faceta de escritor polemista, historiador comprometido y pensador con un singular vitalismo, sentido com\u00fan y una irrepetible pluma. Enriqueciendo sus trabajos con datos emp\u00edricos irrefutables y elementos propios de la sabidur\u00eda popular se convierte en un gran cr\u00edtico de la intelectualidad abstracta y de la literatura pol\u00edtica de su tiempo que logr\u00f3 con sus obras despertar un estado de conciencia en los argentinos.<\/p>\n<p>La muestra puede visitarse hasta ma\u00f1ana, 8 de noviembre, en la nave central de la Regi\u00f3n Descentralizada Sur de La Matanza, sita en la Av. Brig. Gral. Juan M. de Rosas N\u00ba 17.798, Km 32, de la localidad de Gonz\u00e1lez Cat\u00e1n.<\/p>\n","protected":false},"excerpt":{"rendered":"<p>La Muestra Itinerante organizada por el Centro de Estudios Arturo Jauretche del Banco Provincia, a trav\u00e9s de la Secretar\u00eda de Cultura y Educaci\u00f3n de La Matanza, y en conjunto con la Regi\u00f3n Descentralizada Sur, concluye ma\u00f1ana luego de varios d\u00edas de exposici\u00f3n.<\/p>\n","protected":false},"author":4,"featured_media":0,"comment_status":"open","ping_status":"open","sticky":false,"template":"","format":"standard","meta":{"_jetpack_newsletter_access":"","_jetpack_dont_email_post_to_subs":false,"_jetpack_newsletter_tier_id":0,"_jetpack_memberships_contains_paywalled_content":false,"_jetpack_memberships_contains_paid_content":false,"footnotes":""},"categories":[38],"tags":[],"class_list":["post-4717","post","type-post","status-publish","format-standard","hentry","category-locales"],"jetpack_featured_media_url":"","jetpack_shortlink":"https:\/\/wp.me\/p2JWE0-1e5","jetpack-related-posts":[{"id":5908,"url":"https:\/\/www.24baires.com\/?p=5908","url_meta":{"origin":4717,"position":0},"title":"Comenz\u00f3 la muestra &#8216;Jauretche por Jauretche&#8217; en la 8\u00ba Feria del Libro de Mar del Plata","author":"AF","date":"18\/11\/2012","format":false,"excerpt":"En la tarde del s\u00e1bado fue inaugurada la muestra \"Jauretche por Jauretche\", en el marco de la 8\u00aa edici\u00f3n de la Feria del Libro \"Mar del Plata, puerto de lectura\", instalada en la Plaza Mitre de Col\u00f3n y San Luis. Hay tiempo hasta el 26 de noviembre para recorrer la\u2026","rel":"","context":"En \u00abLocales\u00bb","block_context":{"text":"Locales","link":"https:\/\/www.24baires.com\/?cat=38"},"img":{"alt_text":"","src":"","width":0,"height":0},"classes":[]},{"id":41869,"url":"https:\/\/www.24baires.com\/?p=41869","url_meta":{"origin":4717,"position":1},"title":"Medicina comunitaria: un desaf\u00edo en Florencio Varela","author":"Grupo Sierra","date":"10\/03\/2014","format":false,"excerpt":"Innovadora formaci\u00f3n de profesionales m\u00e9dicos de la Universidad Nacional Arturo Jauretche para la atenci\u00f3n primaria. Lo que se pone en marcha en el 2015 en la UNAJ, como una prueba piloto es una innovaci\u00f3n en materia de formaci\u00f3n de profesionales para la salud en el \u00e1mbito local. En los \u00faltimos\u2026","rel":"","context":"En \u00abMunicipios\u00bb","block_context":{"text":"Municipios","link":"https:\/\/www.24baires.com\/?cat=44"},"img":{"alt_text":"universidad jauretche","src":"https:\/\/i0.wp.com\/www.24baires.com\/wp-content\/uploads\/2014\/03\/universidad-jauretche.jpg?resize=350%2C200","width":350,"height":200,"srcset":"https:\/\/i0.wp.com\/www.24baires.com\/wp-content\/uploads\/2014\/03\/universidad-jauretche.jpg?resize=350%2C200 1x, https:\/\/i0.wp.com\/www.24baires.com\/wp-content\/uploads\/2014\/03\/universidad-jauretche.jpg?resize=525%2C300 1.5x"},"classes":[]},{"id":89659,"url":"https:\/\/www.24baires.com\/?p=89659","url_meta":{"origin":4717,"position":2},"title":"CFK participar\u00e1 de un acto en la Universidad de Florencio Varela","author":"GB","date":"09\/11\/2016","format":false,"excerpt":"La ex Presidenta volver\u00e1 al Gran Buenos Aires para participar del lanzamiento de la carrera de Econom\u00eda de la Universidad Nacional Arturo Jauretche. La ex presidenta Cristina Fern\u00e1ndez de Kirchner participar\u00e1 ma\u00f1ana del lanzamiento de la carrera de Econom\u00eda de la Universidad Nacional Arturo Jauretche (UNAJ), ubicada en Florencio Varela.\u2026","rel":"","context":"En \u00abPol\u00edtica\u00bb","block_context":{"text":"Pol\u00edtica","link":"https:\/\/www.24baires.com\/?cat=51"},"img":{"alt_text":"cfk","src":"https:\/\/i0.wp.com\/www.24baires.com\/wp-content\/uploads\/2016\/11\/cfk.jpg?resize=350%2C200","width":350,"height":200,"srcset":"https:\/\/i0.wp.com\/www.24baires.com\/wp-content\/uploads\/2016\/11\/cfk.jpg?resize=350%2C200 1x, https:\/\/i0.wp.com\/www.24baires.com\/wp-content\/uploads\/2016\/11\/cfk.jpg?resize=525%2C300 1.5x"},"classes":[]},{"id":9556,"url":"https:\/\/www.24baires.com\/?p=9556","url_meta":{"origin":4717,"position":3},"title":"Comenz\u00f3 a funcionar la guardia comunal de Florencio Varela","author":"AF","date":"18\/12\/2012","format":false,"excerpt":"En la sede de la Universidad Nacional \u201cArturo Jauretche\u201d el gobernador Daniel Scioli, entreg\u00f3 m\u00f3viles policiales y puso en funcionamiento la Guardia Comunal del municipio de Florencio Varela. En el municipio de Florencio Varela, el gobernador Daniel Scioli entreg\u00f3 m\u00f3viles policiales y puso en funcionamiento la Guardia Comunal, que servir\u00e1\u2026","rel":"","context":"En \u00abLocales\u00bb","block_context":{"text":"Locales","link":"https:\/\/www.24baires.com\/?cat=38"},"img":{"alt_text":"patrullero","src":"https:\/\/i0.wp.com\/www.24baires.com\/wp-content\/uploads\/2012\/12\/patrullero.jpg?resize=350%2C200","width":350,"height":200},"classes":[]},{"id":113916,"url":"https:\/\/www.24baires.com\/?p=113916","url_meta":{"origin":4717,"position":4},"title":"Quilmes firm\u00f3 la adhesi\u00f3n a la Ley Micaela","author":"GB","date":"24\/01\/2020","format":false,"excerpt":"Mayra Mendoza rubric\u00f3 las firmas para que los funcionarios municipales se capaciten en materia de g\u00e9nero y erradicaci\u00f3n de violencia machista. La intendenta de Quilmes, Mayra Mendoza, recibi\u00f3 esta ma\u00f1ana a la ministra de Mujeres, G\u00e9neros y Diversidad de la Naci\u00f3n, Elizabeth G\u00f3mez Alcorta, y a su par de Provincia,\u2026","rel":"","context":"En \u00abMunicipios\u00bb","block_context":{"text":"Municipios","link":"https:\/\/www.24baires.com\/?cat=44"},"img":{"alt_text":"","src":"https:\/\/i0.wp.com\/www.24baires.com\/wp-content\/uploads\/2020\/01\/mayra-mendoza.jpeg?resize=350%2C200","width":350,"height":200,"srcset":"https:\/\/i0.wp.com\/www.24baires.com\/wp-content\/uploads\/2020\/01\/mayra-mendoza.jpeg?resize=350%2C200 1x, https:\/\/i0.wp.com\/www.24baires.com\/wp-content\/uploads\/2020\/01\/mayra-mendoza.jpeg?resize=525%2C300 1.5x"},"classes":[]},{"id":58413,"url":"https:\/\/www.24baires.com\/?p=58413","url_meta":{"origin":4717,"position":5},"title":"La Presidenta inaugurar\u00e1 el hospital municipal de Mor\u00f3n","author":"GB","date":"10\/12\/2014","format":false,"excerpt":"La Presidenta encabezar\u00e1 a las 18 el acto de inauguraci\u00f3n del hospital, que le demand\u00f3 al Estado Nacional una inversi\u00f3n de 310 millones de pesos, y luego se trasladar\u00e1 al Centro Recreativo y Deportivo Municipal \u201cGorki Grana\u201d para recorrer sus instalaciones. Adem\u00e1s Cristina mantendr\u00e1 tres videoconferencias, todas con la Ciudad\u2026","rel":"","context":"En \u00abPol\u00edtica\u00bb","block_context":{"text":"Pol\u00edtica","link":"https:\/\/www.24baires.com\/?cat=51"},"img":{"alt_text":"cristina","src":"https:\/\/i0.wp.com\/www.24baires.com\/wp-content\/uploads\/2014\/09\/cristina3.jpg?resize=350%2C200","width":350,"height":200,"srcset":"https:\/\/i0.wp.com\/www.24baires.com\/wp-content\/uploads\/2014\/09\/cristina3.jpg?resize=350%2C200 1x, https:\/\/i0.wp.com\/www.24baires.com\/wp-content\/uploads\/2014\/09\/cristina3.jpg?resize=525%2C300 1.5x"},"classes":[]}],"jetpack_sharing_enabled":true,"jetpack_likes_enabled":true,"_links":{"self":[{"href":"https:\/\/www.24baires.com\/index.php?rest_route=\/wp\/v2\/posts\/4717","targetHints":{"allow":["GET"]}}],"collection":[{"href":"https:\/\/www.24baires.com\/index.php?rest_route=\/wp\/v2\/posts"}],"about":[{"href":"https:\/\/www.24baires.com\/index.php?rest_route=\/wp\/v2\/types\/post"}],"author":[{"embeddable":true,"href":"https:\/\/www.24baires.com\/index.php?rest_route=\/wp\/v2\/users\/4"}],"replies":[{"embeddable":true,"href":"https:\/\/www.24baires.com\/index.php?rest_route=%2Fwp%2Fv2%2Fcomments&post=4717"}],"version-history":[{"count":3,"href":"https:\/\/www.24baires.com\/index.php?rest_route=\/wp\/v2\/posts\/4717\/revisions"}],"predecessor-version":[{"id":4720,"href":"https:\/\/www.24baires.com\/index.php?rest_route=\/wp\/v2\/posts\/4717\/revisions\/4720"}],"wp:attachment":[{"href":"https:\/\/www.24baires.com\/index.php?rest_route=%2Fwp%2Fv2%2Fmedia&parent=4717"}],"wp:term":[{"taxonomy":"category","embeddable":true,"href":"https:\/\/www.24baires.com\/index.php?rest_route=%2Fwp%2Fv2%2Fcategories&post=4717"},{"taxonomy":"post_tag","embeddable":true,"href":"https:\/\/www.24baires.com\/index.php?rest_route=%2Fwp%2Fv2%2Ftags&post=4717"}],"curies":[{"name":"wp","href":"https:\/\/api.w.org\/{rel}","templated":true}]}}