{"id":4715,"date":"2012-11-07T20:54:35","date_gmt":"2012-11-07T23:54:35","guid":{"rendered":"http:\/\/www.24baires.com\/?p=4715"},"modified":"2012-11-07T20:54:35","modified_gmt":"2012-11-07T23:54:35","slug":"se-inauguro-un-centro-de-interconexion-a-internet-en-mar-del-plata","status":"publish","type":"post","link":"https:\/\/www.24baires.com\/?p=4715","title":{"rendered":"Se inaugur\u00f3 un centro de interconexi\u00f3n a Internet en Mar del Plata"},"content":{"rendered":"<p>La C\u00e1mara Argentina de Internet (CABASE) inaugur\u00f3 en Mar del Plata el d\u00e9cimo centro de interconexi\u00f3n regional de tr\u00e1fico de datos NAP (Network Access Point) que conforma su red federal.<!--more--><br \/>\nEl NAP CABASE Regional Mar del Plata, que beneficiar\u00e1 tambi\u00e9n a las localidades de Santa Clara y Villa Gesell, permitir\u00e1 a las empresas, cooperativas de telecomunicaciones y organismos estatales, intercambiar tr\u00e1fico de Internet en forma local, sin transportar los datos a Buenos Aires, mejorando la eficiencia del servicio al ganar mayor velocidad de respuesta y optimizar costos. La apertura se realiz\u00f3 durante la primera jornada del evento NET NAP organizado por el Grupo Convergencia en el hotel Uthgra Sasso.<\/p>\n<p>Al respecto, Patricio Seoane, Vicepresidente de CABASE se\u00f1al\u00f3: \u201cLa c\u00e1mara se plante\u00f3 la necesidad de tomar un rol activo en el desarrollo de la banda ancha a nivel nacional hace tiempo, capitalizando el conocimiento t\u00e9cnico y la llegada directa a m\u00e1s de 500 ciudades del interior del pa\u00eds a trav\u00e9s de nuestros asociados. As\u00ed fue como en 2011 trazamos un plan en el que nos propusimos instalar 10 NAP, objetivo que estamos cumpliendo con el de Mar del Plata, y gracias al \u00e9xito de los que ya est\u00e1n funcionando, son cada vez m\u00e1s los ISP, organismos p\u00fablicos, cooperativas, operadores de telecomunicaciones, universidades y generadores de contenido que se suman a la red para intercambiar su tr\u00e1fico\u201d.<\/p>\n","protected":false},"excerpt":{"rendered":"<p>La C\u00e1mara Argentina de Internet (CABASE) inaugur\u00f3 en Mar del Plata el d\u00e9cimo centro de interconexi\u00f3n regional de tr\u00e1fico de datos NAP (Network Access Point) que conforma su red federal.<\/p>\n","protected":false},"author":4,"featured_media":0,"comment_status":"open","ping_status":"open","sticky":false,"template":"","format":"standard","meta":{"_jetpack_newsletter_access":"","_jetpack_dont_email_post_to_subs":false,"_jetpack_newsletter_tier_id":0,"_jetpack_memberships_contains_paywalled_content":false,"_jetpack_memberships_contains_paid_content":false,"footnotes":""},"categories":[46],"tags":[],"class_list":["post-4715","post","type-post","status-publish","format-standard","hentry","category-tecnologia"],"jetpack_featured_media_url":"","jetpack_shortlink":"https:\/\/wp.me\/p2JWE0-1e3","jetpack-related-posts":[{"id":32121,"url":"https:\/\/www.24baires.com\/?p=32121","url_meta":{"origin":4715,"position":0},"title":"Denuncian a la CEAMSE de Ensenada por enterrar basura en terrenos no habilitados","author":"AF","date":"19\/09\/2013","format":false,"excerpt":"El nuevo m\u00f3dulo, ubicado a escasos metros de zona lim\u00edtrofe de La Plata y Punta Lara, no tendr\u00eda ning\u00fan estudio ambiental ni aprobaci\u00f3n estatal para ser utilizado como relleno sanitario. Organizaciones ambientales advierten que perjudica a los vecinos y las napas de aguas subterr\u00e1neas de la zona. Adem\u00e1s, apuntan contra\u2026","rel":"","context":"En \u00abLocales\u00bb","block_context":{"text":"Locales","link":"https:\/\/www.24baires.com\/?cat=38"},"img":{"alt_text":"","src":"","width":0,"height":0},"classes":[]},{"id":31826,"url":"https:\/\/www.24baires.com\/?p=31826","url_meta":{"origin":4715,"position":1},"title":"La presidenta inaugurar\u00e1 la interconexi\u00f3n el\u00e9ctrica en R\u00edo Gallegos","author":"GB","date":"13\/09\/2013","format":false,"excerpt":"La presidenta Cristina Fern\u00e1ndez de Kirchner encabezar\u00e1 la ceremonia de incorporaci\u00f3n de R\u00edo Gallegos al Sistema Argentino Interconectado (SAI), que antes se denominaba Sistema Interconectado Nacional (SIN). La jefa de Estado partir\u00e1 pasado el mediod\u00eda desde el sector militar del aeroparque metropolitano, y previo al acto que encabezar\u00e1 por la\u2026","rel":"","context":"En \u00abPol\u00edtica\u00bb","block_context":{"text":"Pol\u00edtica","link":"https:\/\/www.24baires.com\/?cat=51"},"img":{"alt_text":"","src":"","width":0,"height":0},"classes":[]},{"id":9617,"url":"https:\/\/www.24baires.com\/?p=9617","url_meta":{"origin":4715,"position":2},"title":"Denuncian que en La Plata ya son 20 las canteras destinadas a residuos domiciliarios","author":"AF","date":"18\/12\/2012","format":false,"excerpt":"La Presidenta de Vecinos en Defensa de Villa Elisa, Virginia P\u00e9rez Cattaneo, coment\u00f3 que en el partido con la situaci\u00f3n de las canteras \u201cse est\u00e1n violando leyes, ordenanzas y todo tipo de normas\u201d y que \u201cse est\u00e1n contaminando los suelos, las napas y el agua\u201d. La asamble\u00edsta relat\u00f3 que tras\u2026","rel":"","context":"En \u00abLocales\u00bb","block_context":{"text":"Locales","link":"https:\/\/www.24baires.com\/?cat=38"},"img":{"alt_text":"","src":"","width":0,"height":0},"classes":[]},{"id":97840,"url":"https:\/\/www.24baires.com\/?p=97840","url_meta":{"origin":4715,"position":3},"title":"Tras las lluvias de septiembre, aumentaron las hect\u00e1reas inundadas","author":"AF","date":"03\/10\/2017","format":false,"excerpt":"Las lluvias de septiembre agravaron la crisis h\u00eddrica que atraviesa la provincia de Buenos Aires desde hace ya varios meses, donde hay unas 725 mil nuevas hect\u00e1reas inundadas, seg\u00fan un reciente informe de la Confederaci\u00f3n de Asociaciones Rurales de la Provincia de Buenos Aires y La Pampa (Carbap). De acuerdo\u2026","rel":"","context":"En \u00abProvincia\u00bb","block_context":{"text":"Provincia","link":"https:\/\/www.24baires.com\/?cat=40"},"img":{"alt_text":"","src":"https:\/\/i0.wp.com\/www.24baires.com\/wp-content\/uploads\/2017\/01\/inundaci%C3%B3n.png?resize=350%2C200","width":350,"height":200,"srcset":"https:\/\/i0.wp.com\/www.24baires.com\/wp-content\/uploads\/2017\/01\/inundaci%C3%B3n.png?resize=350%2C200 1x, https:\/\/i0.wp.com\/www.24baires.com\/wp-content\/uploads\/2017\/01\/inundaci%C3%B3n.png?resize=525%2C300 1.5x"},"classes":[]},{"id":92662,"url":"https:\/\/www.24baires.com\/?p=92662","url_meta":{"origin":4715,"position":4},"title":"Bullrich en Mar del Plata: \u201cDonde haya delito complejo va a estar la Polic\u00eda Federal\u201d","author":"GB","date":"24\/02\/2017","format":false,"excerpt":"La ministra de Seguridad inaugur\u00f3 la sede de la Agencia Regional Federal en la Escollera Norte, \u201cun punto estrat\u00e9gico de Mar del Plata\u201d La ministra de Seguridad de la Naci\u00f3n, Patricia Bullrich, lleg\u00f3 este viernes a Mar del Plata a inaugurar la Agencia Regional Federal de la Polic\u00eda Federal Argentina.\u2026","rel":"","context":"En \u00abPol\u00edtica\u00bb","block_context":{"text":"Pol\u00edtica","link":"https:\/\/www.24baires.com\/?cat=51"},"img":{"alt_text":"","src":"https:\/\/i0.wp.com\/www.24baires.com\/wp-content\/uploads\/2017\/02\/bullrich-mdp.jpg?resize=350%2C200","width":350,"height":200,"srcset":"https:\/\/i0.wp.com\/www.24baires.com\/wp-content\/uploads\/2017\/02\/bullrich-mdp.jpg?resize=350%2C200 1x, https:\/\/i0.wp.com\/www.24baires.com\/wp-content\/uploads\/2017\/02\/bullrich-mdp.jpg?resize=525%2C300 1.5x"},"classes":[]},{"id":33525,"url":"https:\/\/www.24baires.com\/?p=33525","url_meta":{"origin":4715,"position":5},"title":"Desde centros tur\u00edsticos, destacan la importancia de tener 90 d\u00edas de vacaciones","author":"AF","date":"14\/10\/2013","format":false,"excerpt":"El presidente del Colegio de Martilleros de Mar del Plata confirm\u00f3 que hablaron con el gobernador sobre la necesidad de que el ciclo lectivo 2014 comience en marzo. El presidente del Colegio de Martilleros de Mar del Plata, Miguel \u00c1ngel Donsini, destac\u00f3 la gran cantidad de personas que lleg\u00f3 a\u2026","rel":"","context":"En \u00abLocales\u00bb","block_context":{"text":"Locales","link":"https:\/\/www.24baires.com\/?cat=38"},"img":{"alt_text":"mar del plata a full","src":"https:\/\/i0.wp.com\/www.24baires.com\/wp-content\/uploads\/2013\/02\/mar-del-plata-a-full.jpg?resize=350%2C200","width":350,"height":200,"srcset":"https:\/\/i0.wp.com\/www.24baires.com\/wp-content\/uploads\/2013\/02\/mar-del-plata-a-full.jpg?resize=350%2C200 1x, https:\/\/i0.wp.com\/www.24baires.com\/wp-content\/uploads\/2013\/02\/mar-del-plata-a-full.jpg?resize=525%2C300 1.5x"},"classes":[]}],"jetpack_sharing_enabled":true,"jetpack_likes_enabled":true,"_links":{"self":[{"href":"https:\/\/www.24baires.com\/index.php?rest_route=\/wp\/v2\/posts\/4715","targetHints":{"allow":["GET"]}}],"collection":[{"href":"https:\/\/www.24baires.com\/index.php?rest_route=\/wp\/v2\/posts"}],"about":[{"href":"https:\/\/www.24baires.com\/index.php?rest_route=\/wp\/v2\/types\/post"}],"author":[{"embeddable":true,"href":"https:\/\/www.24baires.com\/index.php?rest_route=\/wp\/v2\/users\/4"}],"replies":[{"embeddable":true,"href":"https:\/\/www.24baires.com\/index.php?rest_route=%2Fwp%2Fv2%2Fcomments&post=4715"}],"version-history":[{"count":1,"href":"https:\/\/www.24baires.com\/index.php?rest_route=\/wp\/v2\/posts\/4715\/revisions"}],"predecessor-version":[{"id":4716,"href":"https:\/\/www.24baires.com\/index.php?rest_route=\/wp\/v2\/posts\/4715\/revisions\/4716"}],"wp:attachment":[{"href":"https:\/\/www.24baires.com\/index.php?rest_route=%2Fwp%2Fv2%2Fmedia&parent=4715"}],"wp:term":[{"taxonomy":"category","embeddable":true,"href":"https:\/\/www.24baires.com\/index.php?rest_route=%2Fwp%2Fv2%2Fcategories&post=4715"},{"taxonomy":"post_tag","embeddable":true,"href":"https:\/\/www.24baires.com\/index.php?rest_route=%2Fwp%2Fv2%2Ftags&post=4715"}],"curies":[{"name":"wp","href":"https:\/\/api.w.org\/{rel}","templated":true}]}}