{"id":4709,"date":"2012-11-07T20:38:46","date_gmt":"2012-11-07T23:38:46","guid":{"rendered":"http:\/\/www.24baires.com\/?p=4709"},"modified":"2012-11-07T20:38:46","modified_gmt":"2012-11-07T23:38:46","slug":"proponen-que-los-egresados-con-mejor-promedio-tengan-prioridad-para-ingresar-a-trabajar-en-el-estado","status":"publish","type":"post","link":"https:\/\/www.24baires.com\/?p=4709","title":{"rendered":"Proponen que los egresados con mejor promedio tengan prioridad para ingresar a trabajar en el Estado"},"content":{"rendered":"<p>El proyecto de ley fue presentado en la C\u00e1mara de Diputados bonaerense, por el legislador Manuel El\u00edas. En sus art\u00edculos, establece el dise\u00f1o de un listado anual con los datos de alumnos secundarios y terciarios de establecimientos p\u00fablicos con mejores promedios en cada distrito de la Provincia.<!--more--><\/p>\n<p>Todas las dependencias del Estado Provincial deber\u00e1n entrevistar a los egresados con mejores promedios de establecimientos secundarios y terciarios cuando exista la necesidad de incorporar nuevo personal en las oficinas estatales, en caso de aprobarse un proyecto que ya fue presentado en la Legislatura.<\/p>\n<p>La iniciativa tambi\u00e9n establece que se deber\u00e1 confeccionar anualmente un listado con los datos de estos egresados en cada distrito, que ser\u00e1 entregado al responsable de cada una de las oficinas p\u00fablicas con sede en el mismo distrito a fin que \u00e9ste disponga de la informaci\u00f3n necesaria para convocar a la evaluaci\u00f3n.<\/p>\n<p>\u201cLa educaci\u00f3n es un pilar fundamental en al construcci\u00f3n de una sociedad mas igualitaria, donde cada uno cuente con las posibilidades de ascenso social sobre la base de su propio esfuerzo y dedicaci\u00f3n\u201d, fundament\u00f3 el autor del proyecto, el diputado Manuel El\u00edas (FPV-PJ)<\/p>\n<p>El\u00edas precis\u00f3 que muchas veces los cupos en la administraci\u00f3n p\u00fablica no son cubiertos \u201cen base a una selecci\u00f3n adecuada\u201d, por eso \u201cplanteamos iniciar un camino que genere un cambio cultural a largo plazo, que consiste en establecer la obligatoriedad de la participaci\u00f3n de los mejores promedios egresados de la educaci\u00f3n p\u00fablica en el proceso de selecci\u00f3n de personal\u201d.<\/p>\n<p>\u201cLa iniciativa apunta a revalorar la educaci\u00f3n y el empleo p\u00fablicos, queremos los mejores servicios del Estado y para ello tienen que estar trabajando all\u00ed los mejores capacitados, aquellos que en base a su propio esfuerzo aprovecharon al m\u00e1ximo todo lo que la educaci\u00f3n provista por el Estado ten\u00eda para darles, as\u00ed mejoraremos significativamente la vida en la comunidad\u201d, concluy\u00f3.<\/p>\n<p>FL Cont\u00e1ctenos<\/p>\n","protected":false},"excerpt":{"rendered":"<p>El proyecto de ley fue presentado en la C\u00e1mara de Diputados bonaerense, por el legislador Manuel El\u00edas. En sus art\u00edculos, establece el dise\u00f1o de un listado anual con los datos de alumnos secundarios y terciarios de establecimientos p\u00fablicos con mejores promedios en cada distrito de la Provincia.<\/p>\n","protected":false},"author":4,"featured_media":0,"comment_status":"open","ping_status":"open","sticky":false,"template":"","format":"standard","meta":{"_jetpack_newsletter_access":"","_jetpack_dont_email_post_to_subs":false,"_jetpack_newsletter_tier_id":0,"_jetpack_memberships_contains_paywalled_content":false,"_jetpack_memberships_contains_paid_content":false,"footnotes":""},"categories":[1],"tags":[],"class_list":["post-4709","post","type-post","status-publish","format-standard","hentry","category-sociedad"],"jetpack_featured_media_url":"","jetpack_shortlink":"https:\/\/wp.me\/p2JWE0-1dX","jetpack-related-posts":[{"id":55493,"url":"https:\/\/www.24baires.com\/?p=55493","url_meta":{"origin":4709,"position":0},"title":"Presentan proyecto para crear un Instituto Tecnol\u00f3gico en Dolores","author":"AF","date":"16\/10\/2014","format":false,"excerpt":"El jefe comunal de Dolores, Camilo Etchevarren, present\u00f3 junto al master en Gesti\u00f3n de Ciudades Fabio Quetglas y al licenciado Fernando Tasc\u00f3n, el proyecto de creaci\u00f3n de un Instituto Tecnol\u00f3gico, orientado a formar recursos humanos. En la ocasi\u00f3n, el intendente expres\u00f3 que la iniciativa obedec\u00eda a que hay muchos j\u00f3venes\u2026","rel":"","context":"En \u00abLocales\u00bb","block_context":{"text":"Locales","link":"https:\/\/www.24baires.com\/?cat=38"},"img":{"alt_text":"","src":"","width":0,"height":0},"classes":[]},{"id":54901,"url":"https:\/\/www.24baires.com\/?p=54901","url_meta":{"origin":4709,"position":1},"title":"Malvinas Argentinas: 250 alumnos de FinEs recibieron sus anal\u00edticos","author":"GB","date":"06\/10\/2014","format":false,"excerpt":"El Jefe de la UDAI ANSES en el distrito Leonardo Nardini en el marco de la entrega manifest\u00f3 que este programa: \u201cresponde a las pol\u00edticas de inclusi\u00f3n de la Naci\u00f3n para mejorar la calidad de vida estos j\u00f3venes y adultos\". Se estima que se otorgar\u00e1n m\u00e1s de 1200 certificados antes\u2026","rel":"","context":"En \u00abMunicipios\u00bb","block_context":{"text":"Municipios","link":"https:\/\/www.24baires.com\/?cat=44"},"img":{"alt_text":"","src":"","width":0,"height":0},"classes":[]},{"id":100266,"url":"https:\/\/www.24baires.com\/?p=100266","url_meta":{"origin":4709,"position":2},"title":"El Gobierno anunci\u00f3 cambios en el plan Progresar","author":"GB","date":"31\/01\/2018","format":false,"excerpt":"El Gobierno relanz\u00f3 hoy el programa de becas educativas Progresar, que tendr\u00e1 mayores incentivos econ\u00f3micos pero tambi\u00e9n m\u00e1s exigencia acad\u00e9mica para los beneficiarios y buscar\u00e1 alentar la elecci\u00f3n de carreras \"estrat\u00e9gicas\" para el desarrollo de cada provincia. La ayuda implicar\u00e1 un presupuesto total de 10 mil millones de pesos y\u2026","rel":"","context":"En \u00abSociedad\u00bb","block_context":{"text":"Sociedad","link":"https:\/\/www.24baires.com\/?cat=1"},"img":{"alt_text":"","src":"https:\/\/i0.wp.com\/www.24baires.com\/wp-content\/uploads\/2014\/05\/progresar.jpg?resize=350%2C200","width":350,"height":200,"srcset":"https:\/\/i0.wp.com\/www.24baires.com\/wp-content\/uploads\/2014\/05\/progresar.jpg?resize=350%2C200 1x, https:\/\/i0.wp.com\/www.24baires.com\/wp-content\/uploads\/2014\/05\/progresar.jpg?resize=525%2C300 1.5x"},"classes":[]},{"id":118209,"url":"https:\/\/www.24baires.com\/?p=118209","url_meta":{"origin":4709,"position":3},"title":"Abri\u00f3 la preinscripci\u00f3n para el Programa de Viajes de Egresados del gobierno provincial","author":"GB","date":"02\/11\/2021","format":false,"excerpt":"Los estudiantes bonaerenses del \u00faltimo a\u00f1o del secundario podr\u00e1n acceder a viajes de egresados con destino dentro de la provincia. El gobierno de Axel Kicillof puso en marcha el programa de reactivaci\u00f3n del turismo a trav\u00e9s de la financiaci\u00f3n completa de viajes de egresados para mas de 220 alumnos de\u2026","rel":"","context":"En \u00abProvincia\u00bb","block_context":{"text":"Provincia","link":"https:\/\/www.24baires.com\/?cat=40"},"img":{"alt_text":"","src":"https:\/\/i0.wp.com\/www.24baires.com\/wp-content\/uploads\/2021\/11\/Egresados.jpg?resize=350%2C200","width":350,"height":200,"srcset":"https:\/\/i0.wp.com\/www.24baires.com\/wp-content\/uploads\/2021\/11\/Egresados.jpg?resize=350%2C200 1x, https:\/\/i0.wp.com\/www.24baires.com\/wp-content\/uploads\/2021\/11\/Egresados.jpg?resize=525%2C300 1.5x"},"classes":[]},{"id":117764,"url":"https:\/\/www.24baires.com\/?p=117764","url_meta":{"origin":4709,"position":4},"title":"Vuelven las clases presenciales en parte de la Provincia","author":"GB","date":"16\/06\/2021","format":false,"excerpt":"El AMBA y los municipios en fase 3 abrir\u00e1n las escuelas por ya no pertenecer a una zona de \"riesgo epidemiol\u00f3gico\". Desde este mi\u00e9rcoles, un total de 3,5 millones de estudiantes de nivel inicial, primaria y secundaria volver\u00e1n a las clases presenciales en las escuelas p\u00fablicas y privadas de 40\u2026","rel":"","context":"En \u00abProvincia\u00bb","block_context":{"text":"Provincia","link":"https:\/\/www.24baires.com\/?cat=40"},"img":{"alt_text":"","src":"https:\/\/i0.wp.com\/www.24baires.com\/wp-content\/uploads\/2021\/06\/escuela-covid.jpg?resize=350%2C200","width":350,"height":200,"srcset":"https:\/\/i0.wp.com\/www.24baires.com\/wp-content\/uploads\/2021\/06\/escuela-covid.jpg?resize=350%2C200 1x, https:\/\/i0.wp.com\/www.24baires.com\/wp-content\/uploads\/2021\/06\/escuela-covid.jpg?resize=525%2C300 1.5x"},"classes":[]},{"id":36820,"url":"https:\/\/www.24baires.com\/?p=36820","url_meta":{"origin":4709,"position":5},"title":"Duras cr\u00edticas a Scioli por su ausencia en el egreso de Cadetes de Polic\u00eda","author":"Grupo Sierra","date":"14\/12\/2013","format":false,"excerpt":"Su ausencia fue interpretada como una se\u00f1al de malestar con la fuerza tras el conflicto salarial. Versiones. Sin la presencia del gobernador Daniel Scioli, quien suele encabezar la actividad y arengar a los flamantes integrantes de la fuerza, egresaron ayer cerca de 5.000 cadetes de la Polic\u00eda que en forma\u2026","rel":"","context":"En \u00abProvincia\u00bb","block_context":{"text":"Provincia","link":"https:\/\/www.24baires.com\/?cat=40"},"img":{"alt_text":"scioli operativo sol","src":"https:\/\/i0.wp.com\/www.24baires.com\/wp-content\/uploads\/2013\/12\/scioli-operativo-sol.jpg?resize=350%2C200","width":350,"height":200,"srcset":"https:\/\/i0.wp.com\/www.24baires.com\/wp-content\/uploads\/2013\/12\/scioli-operativo-sol.jpg?resize=350%2C200 1x, https:\/\/i0.wp.com\/www.24baires.com\/wp-content\/uploads\/2013\/12\/scioli-operativo-sol.jpg?resize=525%2C300 1.5x"},"classes":[]}],"jetpack_sharing_enabled":true,"jetpack_likes_enabled":true,"_links":{"self":[{"href":"https:\/\/www.24baires.com\/index.php?rest_route=\/wp\/v2\/posts\/4709","targetHints":{"allow":["GET"]}}],"collection":[{"href":"https:\/\/www.24baires.com\/index.php?rest_route=\/wp\/v2\/posts"}],"about":[{"href":"https:\/\/www.24baires.com\/index.php?rest_route=\/wp\/v2\/types\/post"}],"author":[{"embeddable":true,"href":"https:\/\/www.24baires.com\/index.php?rest_route=\/wp\/v2\/users\/4"}],"replies":[{"embeddable":true,"href":"https:\/\/www.24baires.com\/index.php?rest_route=%2Fwp%2Fv2%2Fcomments&post=4709"}],"version-history":[{"count":1,"href":"https:\/\/www.24baires.com\/index.php?rest_route=\/wp\/v2\/posts\/4709\/revisions"}],"predecessor-version":[{"id":4710,"href":"https:\/\/www.24baires.com\/index.php?rest_route=\/wp\/v2\/posts\/4709\/revisions\/4710"}],"wp:attachment":[{"href":"https:\/\/www.24baires.com\/index.php?rest_route=%2Fwp%2Fv2%2Fmedia&parent=4709"}],"wp:term":[{"taxonomy":"category","embeddable":true,"href":"https:\/\/www.24baires.com\/index.php?rest_route=%2Fwp%2Fv2%2Fcategories&post=4709"},{"taxonomy":"post_tag","embeddable":true,"href":"https:\/\/www.24baires.com\/index.php?rest_route=%2Fwp%2Fv2%2Ftags&post=4709"}],"curies":[{"name":"wp","href":"https:\/\/api.w.org\/{rel}","templated":true}]}}