{"id":47032,"date":"2014-05-30T15:00:50","date_gmt":"2014-05-30T18:00:50","guid":{"rendered":"http:\/\/www.24baires.com\/?p=47032"},"modified":"2014-05-30T10:24:55","modified_gmt":"2014-05-30T13:24:55","slug":"extrano-fin-de-ciclo","status":"publish","type":"post","link":"https:\/\/www.24baires.com\/?p=47032","title":{"rendered":"Extra\u00f1o fin de ciclo"},"content":{"rendered":"<p><img data-recalc-dims=\"1\" loading=\"lazy\" decoding=\"async\" class=\"aligncenter size-full wp-image-47033\" src=\"https:\/\/i0.wp.com\/www.24baires.com\/wp-content\/uploads\/2014\/05\/n%C3%A9stor-cristina.jpg?resize=560%2C394\" alt=\"n\u00e9stor cristina\" width=\"560\" height=\"394\" srcset=\"https:\/\/i0.wp.com\/www.24baires.com\/wp-content\/uploads\/2014\/05\/n%C3%A9stor-cristina.jpg?w=560&amp;ssl=1 560w, https:\/\/i0.wp.com\/www.24baires.com\/wp-content\/uploads\/2014\/05\/n%C3%A9stor-cristina.jpg?resize=300%2C211&amp;ssl=1 300w\" sizes=\"auto, (max-width: 560px) 100vw, 560px\" \/>Cosa rara este fin de ciclo kirchnerista. A ver, uno espera otra cosa de los finales, espera que sean definitorios, dr\u00e1sticos y, sobre todo, eso: finales. Colofones terminantes que cortan de cuajo todo, eso se espera en \u201cun final de ciclo\u201d, suena repetitivo, pero en la pol\u00edtica argentina los conceptos que suelen instalarse \u2013o intentan hacerlo- pueden significar cosas diferentes para unos y otros. Y este es el caso del Fin del Kirchnerismo.<!--more--><\/p>\n<p>O quiz\u00e1 sea que la Presidenta no se ha enterado de esto, de esta etapa supuestamente concluida, no se da por aludida y sigue para adelante. No s\u00e9, nadie le aviso que termin\u00f3 y va y larga el programa Progresar, como la otra vez, o logra junto a su Ministro de Econom\u00eda un netamente beneficioso acuerdo con el Club de Par\u00eds. Este mi\u00e9rcoles, luego de una prolongada negociaci\u00f3n, el Gobierno argentino y la secretaria del Club de Par\u00eds alcanzaron un acuerdo con respecto a la deuda que nuestro pa\u00eds mantiene con los pa\u00edses miembros. As\u00ed, la Argentina contin\u00faa el arduo y dificultoso camino del desendeudamiento con los organismos internacionales producidos por el default y crisis del a\u00f1o 2001.<br \/>\nEs interesante recordar que desde el 2003, el Gobierno de N\u00e9stor Kirchner y luego el de Cristina Fern\u00e1ndez de Kirchner tuvieron que afrontar oficialmente las consecuencias acarreadas por d\u00e9cadas de sobreendeudamiento de la econom\u00eda argentina. Para normalizar las relaciones financieras en el exterior, en el 2005 y 2010 hubo canjes de deuda, se pag\u00f3 el monto total adeudado al FMI en 2006, y el a\u00f1o pasado se abon\u00f3 a las empresas con laudos en el CIADI, adem\u00e1s de batallar aun hoy contra los fondos buitres.<br \/>\nPodemos entender lo de 2005, 2006 y hasta lo hecho en 2010, pero lo de 2013 nos confunde, porque ya est\u00e1bamos transitando el fin de ciclo que tantos medios, gar\u00faes pol\u00edticos y econ\u00f3micos y dem\u00e1s operadores y lobbystas hab\u00edan anunciado con admonitorias frases apocal\u00edpticas. Y para incentivar semejante desconcierto, Cristina y Kicillof van y acuerdan con el Club de Par\u00eds sin que intervenga el nefasto FMI. \u00bfPor qu\u00e9 trabajan y logran tan beneficioso acuerdo? Acuerdo que, incluso, ser\u00e1 de provecho a los pr\u00f3ximos gobiernos ya que les permitir\u00e1, si as\u00ed lo desean, tomar nuevas deudas. As\u00ed se obtiene financiamientos para construir y desarrollar, para infraestructura, para tecnolog\u00eda. No se entiende, raro fin de ciclo, rar\u00edsimo. En vez de dejar todo ah\u00ed, hasta donde se lleg\u00f3, hasta donde se avanz\u00f3, no: siguen para adelante y siguen.<br \/>\nY la frutilla del postre: ahora Argentina fue invitada por Rusia a la cumbre del Grupo BRICS que se realizar\u00e1 en Brasil, el mayor socio comercial de nuestro pa\u00eds. O Putin tambi\u00e9n hace una lectura errada de esto del ciclo acabado o somos nosotros los que seguimos sin entender. Brasil, Rusia, India, China, Sud\u00e1frica y ahora la posibilidad de incluir a la Argentina en este bloque econ\u00f3mico de nuevas potencias emergentes. Los diplom\u00e1ticos locales se ilusionan con este convite, ya que as\u00ed fue el paso a paso de la incorporaci\u00f3n al bloque de Sud\u00e1frica, por una invitaci\u00f3n a participar de una de sus cumbres, y, tras una serie de pasos diplom\u00e1ticos y decisiones econ\u00f3micas, se concret\u00f3 oficialmente su ingreso hace pocos a\u00f1os.<br \/>\nYo por lo pronto le voy a pedir a los lobbystas y eternos buscadores del Apocalipsis kirchnerista que se resiste a llegar, que aflojen un poquito y me dejen de confundir, porque sino ser\u00e1n como los analistas de calendario Maya, que al final, justamente, entendieron cualquier cosa.<\/p>\n","protected":false},"excerpt":{"rendered":"<p>Cosa rara este fin de ciclo kirchnerista. A ver, uno espera otra cosa de los finales, espera que sean definitorios, dr\u00e1sticos y, sobre todo, eso: finales. Colofones terminantes que cortan de cuajo todo, eso se espera en \u201cun final de ciclo\u201d, suena repetitivo, pero en la pol\u00edtica argentina los conceptos que suelen instalarse \u2013o intentan hacerlo- pueden significar cosas diferentes [&#8230;]<\/p>\n","protected":false},"author":4,"featured_media":0,"comment_status":"open","ping_status":"open","sticky":false,"template":"","format":"standard","meta":{"_jetpack_newsletter_access":"","_jetpack_dont_email_post_to_subs":false,"_jetpack_newsletter_tier_id":0,"_jetpack_memberships_contains_paywalled_content":false,"_jetpack_memberships_contains_paid_content":false,"footnotes":""},"categories":[64],"tags":[],"class_list":["post-47032","post","type-post","status-publish","format-standard","hentry","category-opinion"],"jetpack_featured_media_url":"","jetpack_shortlink":"https:\/\/wp.me\/p2JWE0-ceA","jetpack-related-posts":[{"id":15255,"url":"https:\/\/www.24baires.com\/?p=15255","url_meta":{"origin":47032,"position":0},"title":"En Lomas el FpV y el FAP ya se cruzan con vistas a las legislativas de este a\u00f1o","author":"Grupo Sierra","date":"10\/02\/2013","format":false,"excerpt":"LOMAS DE ZAMORA.- Desde el Frente Amplio Progresista, el diputado Marcelo D\u00edaz predijo que se aproxima \u201cun fin del ciclo K\u201d y atribuy\u00f3 a eso las desinteligencias que surgieron en el bloque de concejales oficialistas de Lomas. Desde el kirchnerismo le respondieron \u201cque se preocupe por su partido, que sino\u2026","rel":"","context":"En \u00abPol\u00edtica\u00bb","block_context":{"text":"Pol\u00edtica","link":"https:\/\/www.24baires.com\/?cat=51"},"img":{"alt_text":"","src":"","width":0,"height":0},"classes":[]},{"id":74367,"url":"https:\/\/www.24baires.com\/?p=74367","url_meta":{"origin":47032,"position":1},"title":"Bauza anunci\u00f3 que se va de San Lorenzo al finalizar su contrato","author":"GB","date":"29\/10\/2015","format":false,"excerpt":"El t\u00e9cnico del logro deportivo m\u00e1s importante en la historia del club, la Copa Libertadores 2014, comunic\u00f3 su alejamiento al vencimiento de su actual contrato, despu\u00e9s de una reuni\u00f3n con los dirigentes. El rosarino, de 57 a\u00f1os, que asumi\u00f3 en enero del a\u00f1o pasado tras la renuncia de Juan Antonio\u2026","rel":"","context":"En \u00abDeportes\u00bb","block_context":{"text":"Deportes","link":"https:\/\/www.24baires.com\/?cat=12"},"img":{"alt_text":"b","src":"https:\/\/i0.wp.com\/www.24baires.com\/wp-content\/uploads\/2015\/10\/b.jpg?resize=350%2C200","width":350,"height":200},"classes":[]},{"id":84451,"url":"https:\/\/www.24baires.com\/?p=84451","url_meta":{"origin":47032,"position":2},"title":"Pel\u00e9 le pide a Messi que no deje la Selecci\u00f3n","author":"AF","date":"01\/07\/2016","format":false,"excerpt":"El ex futbolista brasile\u00f1o, considerado como uno de los mejores de todos los tiempos, se sum\u00f3 al pedido para que Lionel Messi reconsidere su decisi\u00f3n de abandonar el seleccionado de la Argentina, fustrado por haber perdido la final de la Copa Am\u00e9rica Centenario frente a Chile. \"Messi, en los \u00faltimos\u2026","rel":"","context":"En \u00abDeportes\u00bb","block_context":{"text":"Deportes","link":"https:\/\/www.24baires.com\/?cat=12"},"img":{"alt_text":"messi1","src":"https:\/\/i0.wp.com\/www.24baires.com\/wp-content\/uploads\/2014\/06\/messi1.jpg?resize=350%2C200","width":350,"height":200,"srcset":"https:\/\/i0.wp.com\/www.24baires.com\/wp-content\/uploads\/2014\/06\/messi1.jpg?resize=350%2C200 1x, https:\/\/i0.wp.com\/www.24baires.com\/wp-content\/uploads\/2014\/06\/messi1.jpg?resize=525%2C300 1.5x"},"classes":[]},{"id":53678,"url":"https:\/\/www.24baires.com\/?p=53678","url_meta":{"origin":47032,"position":3},"title":"\u00abMassa es un salame que le habla al busto de Sarmiento\u00bb, dijo An\u00edbal Fern\u00e1ndez","author":"GB","date":"15\/09\/2014","format":false,"excerpt":"El senador kirchnerista apunt\u00f3 contra el l\u00edder del Frente Renovador por el spot publicitario en el que le desea feliz dia a una escultura del pr\u00f3cer nacional. El Presidente de Quilmes critic\u00f3 la pol\u00edtica de \"marketing\" del exintendente de Tigre, del que adem\u00e1s opin\u00f3 que \"llama seguridad a poner c\u00e1maras\".\u2026","rel":"","context":"En \u00abPol\u00edtica\u00bb","block_context":{"text":"Pol\u00edtica","link":"https:\/\/www.24baires.com\/?cat=51"},"img":{"alt_text":"fern\u00e1ndez an\u00edbal","src":"https:\/\/i0.wp.com\/www.24baires.com\/wp-content\/uploads\/2012\/12\/fern%C3%A1ndez-an%C3%ADbal.jpg?resize=350%2C200","width":350,"height":200,"srcset":"https:\/\/i0.wp.com\/www.24baires.com\/wp-content\/uploads\/2012\/12\/fern%C3%A1ndez-an%C3%ADbal.jpg?resize=350%2C200 1x, https:\/\/i0.wp.com\/www.24baires.com\/wp-content\/uploads\/2012\/12\/fern%C3%A1ndez-an%C3%ADbal.jpg?resize=525%2C300 1.5x"},"classes":[]},{"id":70129,"url":"https:\/\/www.24baires.com\/?p=70129","url_meta":{"origin":47032,"position":4},"title":"\u00abEntregu\u00e9 todo y estoy en la foto m\u00e1s importante de la historia del club\u00bb","author":"GB","date":"06\/08\/2015","format":false,"excerpt":"Fernando Cavenaghi ratific\u00f3 su retiro del equipo de N\u00fa\u00f1ez tras sentirse realizado con la conquista de la Copa Libertadores de Am\u00e9rica y afirmar: \u201cNo puedo pedir m\u00e1s, cumpl\u00ed un sue\u00f1o\u201d. \u201cEstuve en muchos momentos del club, viv\u00ed los buenos y los malos, estuve siempre, regres\u00e9 a dar una mano en\u2026","rel":"","context":"En \u00abDeportes\u00bb","block_context":{"text":"Deportes","link":"https:\/\/www.24baires.com\/?cat=12"},"img":{"alt_text":"cavenaghi copa libertadores","src":"https:\/\/i0.wp.com\/www.24baires.com\/wp-content\/uploads\/2015\/08\/cavenaghi-copa-libertadores.jpg?resize=350%2C200","width":350,"height":200,"srcset":"https:\/\/i0.wp.com\/www.24baires.com\/wp-content\/uploads\/2015\/08\/cavenaghi-copa-libertadores.jpg?resize=350%2C200 1x, https:\/\/i0.wp.com\/www.24baires.com\/wp-content\/uploads\/2015\/08\/cavenaghi-copa-libertadores.jpg?resize=525%2C300 1.5x"},"classes":[]},{"id":110749,"url":"https:\/\/www.24baires.com\/?p=110749","url_meta":{"origin":47032,"position":5},"title":"Massa se sum\u00f3 al frente opositor de Alberto y Cristina","author":"AF","date":"11\/06\/2019","format":false,"excerpt":"Despu\u00e9s de largas idas y vueltas, el l\u00edder del Frente Renovador acord\u00f3 una serie de puntos con el kirchnerismo y ser\u00e1 parte del armado con el que el PJ enfrentar\u00e1 a Cambiemos en las elecciones. A un d\u00eda del cierre de alianzas electorales, el frente pol\u00edtico que lideran Alberto Fern\u00e1nez\u2026","rel":"","context":"En \u00abPol\u00edtica\u00bb","block_context":{"text":"Pol\u00edtica","link":"https:\/\/www.24baires.com\/?cat=51"},"img":{"alt_text":"","src":"https:\/\/i0.wp.com\/www.24baires.com\/wp-content\/uploads\/2019\/06\/fern%C3%A1ndez-massa.png?resize=350%2C200","width":350,"height":200,"srcset":"https:\/\/i0.wp.com\/www.24baires.com\/wp-content\/uploads\/2019\/06\/fern%C3%A1ndez-massa.png?resize=350%2C200 1x, https:\/\/i0.wp.com\/www.24baires.com\/wp-content\/uploads\/2019\/06\/fern%C3%A1ndez-massa.png?resize=525%2C300 1.5x"},"classes":[]}],"jetpack_sharing_enabled":true,"jetpack_likes_enabled":true,"_links":{"self":[{"href":"https:\/\/www.24baires.com\/index.php?rest_route=\/wp\/v2\/posts\/47032","targetHints":{"allow":["GET"]}}],"collection":[{"href":"https:\/\/www.24baires.com\/index.php?rest_route=\/wp\/v2\/posts"}],"about":[{"href":"https:\/\/www.24baires.com\/index.php?rest_route=\/wp\/v2\/types\/post"}],"author":[{"embeddable":true,"href":"https:\/\/www.24baires.com\/index.php?rest_route=\/wp\/v2\/users\/4"}],"replies":[{"embeddable":true,"href":"https:\/\/www.24baires.com\/index.php?rest_route=%2Fwp%2Fv2%2Fcomments&post=47032"}],"version-history":[{"count":1,"href":"https:\/\/www.24baires.com\/index.php?rest_route=\/wp\/v2\/posts\/47032\/revisions"}],"predecessor-version":[{"id":47034,"href":"https:\/\/www.24baires.com\/index.php?rest_route=\/wp\/v2\/posts\/47032\/revisions\/47034"}],"wp:attachment":[{"href":"https:\/\/www.24baires.com\/index.php?rest_route=%2Fwp%2Fv2%2Fmedia&parent=47032"}],"wp:term":[{"taxonomy":"category","embeddable":true,"href":"https:\/\/www.24baires.com\/index.php?rest_route=%2Fwp%2Fv2%2Fcategories&post=47032"},{"taxonomy":"post_tag","embeddable":true,"href":"https:\/\/www.24baires.com\/index.php?rest_route=%2Fwp%2Fv2%2Ftags&post=47032"}],"curies":[{"name":"wp","href":"https:\/\/api.w.org\/{rel}","templated":true}]}}