{"id":47000,"date":"2014-05-29T19:54:43","date_gmt":"2014-05-29T22:54:43","guid":{"rendered":"http:\/\/www.24baires.com\/?p=47000"},"modified":"2014-05-29T19:54:43","modified_gmt":"2014-05-29T22:54:43","slug":"criticas-por-la-elaboracion-de-vinos-con-uva-chinche-son-intomables","status":"publish","type":"post","link":"https:\/\/www.24baires.com\/?p=47000","title":{"rendered":"Cr\u00edticas por la elaboraci\u00f3n de vinos con uva chinche: \u00abSon intomables\u00bb"},"content":{"rendered":"<p><img data-recalc-dims=\"1\" loading=\"lazy\" decoding=\"async\" class=\"aligncenter size-full wp-image-37\" src=\"https:\/\/i0.wp.com\/www.24baires.com\/wp-content\/uploads\/2012\/09\/vino-alcohol-copa-tomar_MUJIMA20110224_0057_24.jpg?resize=560%2C281\" alt=\"vino-alcohol-copa-tomar_MUJIMA20110224_0057_24\" width=\"560\" height=\"281\" srcset=\"https:\/\/i0.wp.com\/www.24baires.com\/wp-content\/uploads\/2012\/09\/vino-alcohol-copa-tomar_MUJIMA20110224_0057_24.jpg?w=560&amp;ssl=1 560w, https:\/\/i0.wp.com\/www.24baires.com\/wp-content\/uploads\/2012\/09\/vino-alcohol-copa-tomar_MUJIMA20110224_0057_24.jpg?resize=300%2C150&amp;ssl=1 300w\" sizes=\"auto, (max-width: 560px) 100vw, 560px\" \/>La decisi\u00f3n del INV de autorizar la elaboraci\u00f3n de vinos con uva chinche no para de cosechar cr\u00edticas. El reconocido en\u00f3logo, \u00c1ngel Mendoza fue contundente en la calificaci\u00f3n que hizo: \u201cLos caldos que se elaboran con uva chinche, son brebajes intomables\u201d.<!--more--><\/p>\n<p>La posici\u00f3n del especialista se conoci\u00f3 tras la decisi\u00f3n del INV de avalar la elaboraci\u00f3n de vino con esta variedad (Vitis labrusca), que no pertenece a la especie Vitis vinifera permitida por la ley.<\/p>\n<p>En declaraciones efectuadas al portal Estrategias &amp; Mercados, de la Uni\u00f3n Vitivin\u00edcola Argentina, Mendoza fue contundente en sus declaraciones: \u201cSoy miembro de la Comisi\u00f3n Asesora T\u00e9cnica representando a la Uni\u00f3n Vitivin\u00edcola Argentina y tengo una gran preocupaci\u00f3n porque nos llaman a debatir los grandes temas de la vitivinicultura cuando los actos ya est\u00e1n consumados. En \u00e9ste contexto de autoritarismo, la Comisi\u00f3n ha quedado como una figura decorativa\u201d.<\/p>\n<p>\u201cEst\u00e1 claro que con esas actitudes, no somos el famoso consenso que en algunos momentos nos piden\u201d, dispar\u00f3 con enojo Mendoza, quien admiti\u00f3 que la Comisi\u00f3n Asesora, no es un \u00e1mbito f\u00e1cil para ponerse de acuerdo, porque hay distintas visiones.<\/p>\n<p>\u201cEs ah\u00ed donde est\u00e1 lo positivo de \u00e9ste \u00e1mbito de discusi\u00f3n: no todos pensamos igual. Por eso cuando nos convocan con las decisiones ya tomadas, nos preocupamos\u201d, asegur\u00f3 el experto.<\/p>\n<p>\u201cPero los vinos que se intentan hacer con Vitis labrusca son brebajes intomables, se necesita incorporarle m\u00e1s de 50 gramos de az\u00facar residual para tolerar un poco la acidez. Son vinos que el mercado ha dejado definitivamente de consumir porque incluso tiene el peligro de la formaci\u00f3n de alcohol met\u00edlico. Es una especie con alt\u00edsima concentraci\u00f3n de pestina\u201d, alert\u00f3 el especialista.<\/p>\n<p>&nbsp;<\/p>\n<p>&nbsp;<\/p>\n<p>&nbsp;<\/p>\n<p>&nbsp;<\/p>\n<p>&nbsp;<\/p>\n<p>&nbsp;<\/p>\n<p>&nbsp;<\/p>\n<p>&nbsp;<\/p>\n<p>&nbsp;<\/p>\n<p>&nbsp;<\/p>\n<p>&nbsp;<\/p>\n<p>&nbsp;<\/p>\n<p>&nbsp;<\/p>\n<p>&nbsp;<\/p>\n<p>&nbsp;<\/p>\n<p>&nbsp;<\/p>\n<p>&nbsp;<\/p>\n<p>&nbsp;<\/p>\n<p>&nbsp;<\/p>\n<p>&nbsp;<\/p>\n<p>&nbsp;<\/p>\n<p>&nbsp;<\/p>\n<p>&nbsp;<\/p>\n","protected":false},"excerpt":{"rendered":"<p>La decisi\u00f3n del INV de autorizar la elaboraci\u00f3n de vinos con uva chinche no para de cosechar cr\u00edticas. El reconocido en\u00f3logo, \u00c1ngel Mendoza fue contundente en la calificaci\u00f3n que hizo: \u201cLos caldos que se elaboran con uva chinche, son brebajes intomables\u201d.<\/p>\n","protected":false},"author":11,"featured_media":0,"comment_status":"open","ping_status":"open","sticky":false,"template":"","format":"standard","meta":{"_jetpack_newsletter_access":"","_jetpack_dont_email_post_to_subs":false,"_jetpack_newsletter_tier_id":0,"_jetpack_memberships_contains_paywalled_content":false,"_jetpack_memberships_contains_paid_content":false,"footnotes":""},"categories":[52],"tags":[],"class_list":["post-47000","post","type-post","status-publish","format-standard","hentry","category-cocina-vinos"],"jetpack_featured_media_url":"","jetpack_shortlink":"https:\/\/wp.me\/p2JWE0-ce4","jetpack-related-posts":[{"id":26606,"url":"https:\/\/www.24baires.com\/?p=26606","url_meta":{"origin":47000,"position":0},"title":"Reconocen oficialmente como \u00abregional\u00bb al vino de la costa bonaerense","author":"AF","date":"22\/06\/2013","format":false,"excerpt":"El Vino de la Costa, tradicional producto regional de los distritos bonaerenses de Berisso y Avellaneda, recibi\u00f3 un importante respaldo al obtener el reconocimiento oficial y los certificados del Instituto Nacional de Vitivinicultura (INV). Productores vitivin\u00edcolas del distrito de Berisso, adem\u00e1s del reconocimiento oficial y los certificados del Instituto Nacional\u2026","rel":"","context":"En \u00abProvincia\u00bb","block_context":{"text":"Provincia","link":"https:\/\/www.24baires.com\/?cat=40"},"img":{"alt_text":"","src":"","width":0,"height":0},"classes":[]},{"id":28563,"url":"https:\/\/www.24baires.com\/?p=28563","url_meta":{"origin":47000,"position":1},"title":"En Berisso salen a respaldar al vino de la costa y apuntan contra los monopolios","author":"AF","date":"19\/07\/2013","format":false,"excerpt":"Una particular \u201cbatalla\u201d se dio entre bodegueros mendocinos y productores artesanales del vino de la costa de Berisso, cuando desde esa provincia cuyana salieron a criticar la especie de uva (vid vitis labrasca) con la que se elabora el producto bonaerense por considerarla \u201cde calidad inferior\u201d. Pese a los intentos\u2026","rel":"","context":"En \u00abLocales\u00bb","block_context":{"text":"Locales","link":"https:\/\/www.24baires.com\/?cat=38"},"img":{"alt_text":"vino-alcohol-copa-tomar_MUJIMA20110224_0057_24","src":"https:\/\/i0.wp.com\/www.24baires.com\/wp-content\/uploads\/2012\/09\/vino-alcohol-copa-tomar_MUJIMA20110224_0057_24-300x150.jpg?resize=350%2C200","width":350,"height":200},"classes":[]},{"id":63373,"url":"https:\/\/www.24baires.com\/?p=63373","url_meta":{"origin":47000,"position":2},"title":"Mapa interactivo muestra la producci\u00f3n de vino en el pa\u00eds","author":"GB","date":"19\/03\/2015","format":false,"excerpt":"La Universidad Nacional de Cuyo (UNCuyo) y el colectivo Hacks\/Hackers Mendoza lanzaron \"De D\u00f3nde Vino el Vino\", el primer mapa interactivo que muestra el lugar exacto en donde se producen los tintos y blancos en el territorio argentino, con datos aportados por el Instituto Nacional de Vitivinicultura (INV). La plataforma\u2026","rel":"","context":"En \u00abCocina &amp; Vinos\u00bb","block_context":{"text":"Cocina &amp; Vinos","link":"https:\/\/www.24baires.com\/?cat=52"},"img":{"alt_text":"mapa intractivo vinos","src":"https:\/\/i0.wp.com\/www.24baires.com\/wp-content\/uploads\/2015\/03\/mapa-intractivo-vinos.jpg?resize=350%2C200","width":350,"height":200,"srcset":"https:\/\/i0.wp.com\/www.24baires.com\/wp-content\/uploads\/2015\/03\/mapa-intractivo-vinos.jpg?resize=350%2C200 1x, https:\/\/i0.wp.com\/www.24baires.com\/wp-content\/uploads\/2015\/03\/mapa-intractivo-vinos.jpg?resize=525%2C300 1.5x"},"classes":[]},{"id":53624,"url":"https:\/\/www.24baires.com\/?p=53624","url_meta":{"origin":47000,"position":3},"title":"Argentina volver\u00e1 a ser sede del Congreso Mundial de la Vi\u00f1a y el Vino","author":"GB","date":"14\/09\/2014","format":false,"excerpt":"La Argentina ser\u00e1 sede del principal encuentro vitivin\u00edcola del mundo, el Congreso Mundial de la Vi\u00f1a y el Vino, por segunda vez en la historia. Esta 37ma. edici\u00f3n se realizar\u00e1 del 9 al 14 de noviembre en Mendoza y San Juan, bajo el lema \"Vitivinicultura del Sur, confluencia de Conocimiento\u2026","rel":"","context":"En \u00abCocina &amp; Vinos\u00bb","block_context":{"text":"Cocina &amp; Vinos","link":"https:\/\/www.24baires.com\/?cat=52"},"img":{"alt_text":"vino (1)","src":"https:\/\/i0.wp.com\/www.24baires.com\/wp-content\/uploads\/2013\/08\/vino-1-300x231.jpg?resize=350%2C200","width":350,"height":200,"srcset":"https:\/\/i0.wp.com\/www.24baires.com\/wp-content\/uploads\/2013\/08\/vino-1-300x231.jpg?resize=350%2C200 1x, https:\/\/i0.wp.com\/www.24baires.com\/wp-content\/uploads\/2013\/08\/vino-1-300x231.jpg?resize=525%2C300 1.5x"},"classes":[]},{"id":49727,"url":"https:\/\/www.24baires.com\/?p=49727","url_meta":{"origin":47000,"position":4},"title":"Presentan el vino Santa Julia Innovaci\u00f3n 2014","author":"GB","date":"12\/07\/2014","format":false,"excerpt":"La embajadora de la marca, Laura Sotelo, dijo que en esta edici\u00f3n mezclaron dos variedades blancas Pecorino, del centro de Italia y Bermejo, de Espa\u00f1a. Para quienes gustan descubrir algo distinto, Santa Julia presenta su vino Santa Julia Innovaci\u00f3n 2014. Laura Sotelo, embajadora de la marca Familia Zuccardi, manifest\u00f3 que\u2026","rel":"","context":"En \u00abCocina &amp; Vinos\u00bb","block_context":{"text":"Cocina &amp; Vinos","link":"https:\/\/www.24baires.com\/?cat=52"},"img":{"alt_text":"vino innovacion","src":"https:\/\/i0.wp.com\/www.24baires.com\/wp-content\/uploads\/2014\/07\/vino-innovacion.jpg?resize=350%2C200","width":350,"height":200,"srcset":"https:\/\/i0.wp.com\/www.24baires.com\/wp-content\/uploads\/2014\/07\/vino-innovacion.jpg?resize=350%2C200 1x, https:\/\/i0.wp.com\/www.24baires.com\/wp-content\/uploads\/2014\/07\/vino-innovacion.jpg?resize=525%2C300 1.5x"},"classes":[]},{"id":2449,"url":"https:\/\/www.24baires.com\/?p=2449","url_meta":{"origin":47000,"position":5},"title":"En California, fermentan vino con cannabis","author":"AF","date":"17\/10\/2012","format":false,"excerpt":"En California, uno de los centros vitivin\u00edcolas a nivel mundial y uno de los estados norteamericanos con ciertos niveles de despenalizaci\u00f3n del consumo de marihuana, se realizan vinos fermentados con cannabis. Aunque es un secreto a voces, la producci\u00f3n de estos vinos, por ahora, no puede ser comercializada libremente. Seg\u00fan\u2026","rel":"","context":"En \u00abCocina &amp; Vinos\u00bb","block_context":{"text":"Cocina &amp; Vinos","link":"https:\/\/www.24baires.com\/?cat=52"},"img":{"alt_text":"","src":"https:\/\/i0.wp.com\/www.24baires.com\/wp-content\/uploads\/2012\/10\/vinomarihuana.jpg?resize=350%2C200","width":350,"height":200},"classes":[]}],"jetpack_sharing_enabled":true,"jetpack_likes_enabled":true,"_links":{"self":[{"href":"https:\/\/www.24baires.com\/index.php?rest_route=\/wp\/v2\/posts\/47000","targetHints":{"allow":["GET"]}}],"collection":[{"href":"https:\/\/www.24baires.com\/index.php?rest_route=\/wp\/v2\/posts"}],"about":[{"href":"https:\/\/www.24baires.com\/index.php?rest_route=\/wp\/v2\/types\/post"}],"author":[{"embeddable":true,"href":"https:\/\/www.24baires.com\/index.php?rest_route=\/wp\/v2\/users\/11"}],"replies":[{"embeddable":true,"href":"https:\/\/www.24baires.com\/index.php?rest_route=%2Fwp%2Fv2%2Fcomments&post=47000"}],"version-history":[{"count":1,"href":"https:\/\/www.24baires.com\/index.php?rest_route=\/wp\/v2\/posts\/47000\/revisions"}],"predecessor-version":[{"id":47001,"href":"https:\/\/www.24baires.com\/index.php?rest_route=\/wp\/v2\/posts\/47000\/revisions\/47001"}],"wp:attachment":[{"href":"https:\/\/www.24baires.com\/index.php?rest_route=%2Fwp%2Fv2%2Fmedia&parent=47000"}],"wp:term":[{"taxonomy":"category","embeddable":true,"href":"https:\/\/www.24baires.com\/index.php?rest_route=%2Fwp%2Fv2%2Fcategories&post=47000"},{"taxonomy":"post_tag","embeddable":true,"href":"https:\/\/www.24baires.com\/index.php?rest_route=%2Fwp%2Fv2%2Ftags&post=47000"}],"curies":[{"name":"wp","href":"https:\/\/api.w.org\/{rel}","templated":true}]}}