{"id":4695,"date":"2012-11-07T13:50:25","date_gmt":"2012-11-07T16:50:25","guid":{"rendered":"http:\/\/www.24baires.com\/?p=4695"},"modified":"2012-11-08T14:08:53","modified_gmt":"2012-11-08T17:08:53","slug":"docentes-de-udocba-se-suman-al-paro-de-ate-para-la-semana-proxima","status":"publish","type":"post","link":"https:\/\/www.24baires.com\/?p=4695","title":{"rendered":"Docentes de UDOCBA se suman al paro de ATE para la semana pr\u00f3xima"},"content":{"rendered":"<p>El gremio docente nucleado en la CGT, UDOCBA, anunci\u00f3 la convocatoria a una medida de fuerza para el martes y mi\u00e9rcoles de la semana que viene, que se sumar\u00e1 a la ya resuelta para los mismos d\u00edas por los estatales de ATE.<!--more--><\/p>\n<p>El reclamo principal del sector es el de la reapertura de la negociaci\u00f3n salarial. En declaraciones, el secretario general del gremio, Miguel D\u00edaz, afirm\u00f3 que \u201cno se ha dado respuesta a ninguno de los reclamos, se paga en forma miserable\u201d, dijo y agreg\u00f3: \u201cDinero hay, lo que no hay son soluciones para el trabajador, por lo que vamos a empezar a llamar la atenci\u00f3n para que por lo menos se reabra la paritaria este a\u00f1o\u201d.<\/p>\n<p>En tanto, este mediod\u00eda se reun\u00eda el Frente Gremial Docente -Suteba, FEB, UDA, AMET y Sadop- para analizar la reuni\u00f3n mantenida ayer con funcionarios de la Direcci\u00f3n de Educaci\u00f3n y definir pasos a seguir en el reclamo.<\/p>\n","protected":false},"excerpt":{"rendered":"<p>El gremio docente nucleado en la CGT, UDOCBA, anunci\u00f3 la convocatoria a una medida de fuerza para el martes y mi\u00e9rcoles de la semana que viene, que se sumar\u00e1 a la ya resuelta para los mismos d\u00edas por los estatales de ATE.<\/p>\n","protected":false},"author":4,"featured_media":0,"comment_status":"open","ping_status":"open","sticky":false,"template":"","format":"standard","meta":{"_jetpack_newsletter_access":"","_jetpack_dont_email_post_to_subs":false,"_jetpack_newsletter_tier_id":0,"_jetpack_memberships_contains_paywalled_content":false,"_jetpack_memberships_contains_paid_content":false,"footnotes":""},"categories":[1],"tags":[],"class_list":["post-4695","post","type-post","status-publish","format-standard","hentry","category-sociedad"],"jetpack_featured_media_url":"","jetpack_shortlink":"https:\/\/wp.me\/p2JWE0-1dJ","jetpack-related-posts":[{"id":84809,"url":"https:\/\/www.24baires.com\/?p=84809","url_meta":{"origin":4695,"position":0},"title":"Estatales de ATE y Soeme y docentes de Udocba vuelven a parar este martes","author":"AF","date":"11\/07\/2016","format":false,"excerpt":"Los gremios estatales ATE y Soeme, y los docentes de Udocba, volver\u00e1n a parar este martes en el marco de una medida conjunta para reclamar por salarios, mejoras en las condiciones laborales y devoluci\u00f3n de descuentos. La medida de fuerza del martes afectar\u00e1 el normal dictado de clases en muchas\u2026","rel":"","context":"En \u00abSociedad\u00bb","block_context":{"text":"Sociedad","link":"https:\/\/www.24baires.com\/?cat=1"},"img":{"alt_text":"Dise\u00f1o-de-escuelas","src":"https:\/\/i0.wp.com\/www.24baires.com\/wp-content\/uploads\/2013\/12\/Dise%C3%B1o-de-escuelas.jpg?resize=350%2C200","width":350,"height":200,"srcset":"https:\/\/i0.wp.com\/www.24baires.com\/wp-content\/uploads\/2013\/12\/Dise%C3%B1o-de-escuelas.jpg?resize=350%2C200 1x, https:\/\/i0.wp.com\/www.24baires.com\/wp-content\/uploads\/2013\/12\/Dise%C3%B1o-de-escuelas.jpg?resize=525%2C300 1.5x"},"classes":[]},{"id":33135,"url":"https:\/\/www.24baires.com\/?p=33135","url_meta":{"origin":4695,"position":1},"title":"Udocba, ATE, Cicop y Judiciales paran esta semana","author":"AF","date":"07\/10\/2013","format":false,"excerpt":"La Uni\u00f3n de Docentes bonaerenses (Udocba) retomar\u00e1 esta semana los paros en escuelas por 48 horas, mientras que el jueves har\u00e1n lo propio los estatales de ATE, m\u00e9dicos de Cicop y judiciales de la AJB en una medida conjunta para reclamar la reapertura de paritarias y una mayor inversi\u00f3n presupuestaria\u2026","rel":"","context":"En \u00abSociedad\u00bb","block_context":{"text":"Sociedad","link":"https:\/\/www.24baires.com\/?cat=1"},"img":{"alt_text":"estatales_udocba_marcha","src":"https:\/\/i0.wp.com\/www.24baires.com\/wp-content\/uploads\/2013\/03\/estatales_udocba_marcha.jpg?resize=350%2C200","width":350,"height":200,"srcset":"https:\/\/i0.wp.com\/www.24baires.com\/wp-content\/uploads\/2013\/03\/estatales_udocba_marcha.jpg?resize=350%2C200 1x, https:\/\/i0.wp.com\/www.24baires.com\/wp-content\/uploads\/2013\/03\/estatales_udocba_marcha.jpg?resize=525%2C300 1.5x"},"classes":[]},{"id":51339,"url":"https:\/\/www.24baires.com\/?p=51339","url_meta":{"origin":4695,"position":2},"title":"Conflicto docente: Udocba contin\u00faa con el paro hasta el viernes","author":"GB","date":"07\/08\/2014","format":false,"excerpt":"Pese a la tregua anunciada por el Frente Gremial Docente que lideran FEB y Suteba tras la reuni\u00f3n con Provincia, la actividad escolar bonaerense se ver\u00e1 resentida en lo que queda de la semana por un paro de Udocba. Los maestros nucleados en Udocba decidieron extender otras 48 horas el\u2026","rel":"","context":"En \u00abProvincia\u00bb","block_context":{"text":"Provincia","link":"https:\/\/www.24baires.com\/?cat=40"},"img":{"alt_text":"udocba","src":"https:\/\/i0.wp.com\/www.24baires.com\/wp-content\/uploads\/2014\/08\/udocba.jpg?resize=350%2C200","width":350,"height":200,"srcset":"https:\/\/i0.wp.com\/www.24baires.com\/wp-content\/uploads\/2014\/08\/udocba.jpg?resize=350%2C200 1x, https:\/\/i0.wp.com\/www.24baires.com\/wp-content\/uploads\/2014\/08\/udocba.jpg?resize=525%2C300 1.5x"},"classes":[]},{"id":107890,"url":"https:\/\/www.24baires.com\/?p=107890","url_meta":{"origin":4695,"position":3},"title":"Paro nacional: los principales gremios docentes de la provincia se suman a la medida de fuerza ma\u00f1ana. Adem\u00e1s parar\u00e1n ATE, CICOP y AJB.","author":"AF","date":"29\/04\/2019","format":false,"excerpt":"En el marco del paro nacional que realizar\u00e1n algunos sindicatos, los principales gremios docentes de la provincia de Buenos Aires no dictar\u00e1n clases durante el martes, medida a la que se suman adem\u00e1s los estatales de ATE, profesionales de la salud de Cicop y judiciales de la AJB. M\u00e1s all\u00e1\u2026","rel":"","context":"En \u00abSociedad\u00bb","block_context":{"text":"Sociedad","link":"https:\/\/www.24baires.com\/?cat=1"},"img":{"alt_text":"","src":"https:\/\/i0.wp.com\/www.24baires.com\/wp-content\/uploads\/2012\/11\/paro-docente.jpg?resize=350%2C200","width":350,"height":200,"srcset":"https:\/\/i0.wp.com\/www.24baires.com\/wp-content\/uploads\/2012\/11\/paro-docente.jpg?resize=350%2C200 1x, https:\/\/i0.wp.com\/www.24baires.com\/wp-content\/uploads\/2012\/11\/paro-docente.jpg?resize=525%2C300 1.5x"},"classes":[]},{"id":69920,"url":"https:\/\/www.24baires.com\/?p=69920","url_meta":{"origin":4695,"position":4},"title":"Un paro de ATE y de Udocba complica el inicio de clases","author":"AF","date":"03\/08\/2015","format":false,"excerpt":"Las clases en las escuelas de la provincia de Buenos Aires se reiniciaron hoy con algunas dificultades tras las vacaciones de invierno debido a un paro de ATE Provincia, que involucra a los auxiliares escolares, y una medida de fuerza del gremio docente Udocba. El gremio de trabajadores estatales para\u2026","rel":"","context":"En \u00abSociedad\u00bb","block_context":{"text":"Sociedad","link":"https:\/\/www.24baires.com\/?cat=1"},"img":{"alt_text":"aula vac\u00eda","src":"https:\/\/i0.wp.com\/www.24baires.com\/wp-content\/uploads\/2013\/02\/aula-vac%C3%ADa.jpg?resize=350%2C200","width":350,"height":200,"srcset":"https:\/\/i0.wp.com\/www.24baires.com\/wp-content\/uploads\/2013\/02\/aula-vac%C3%ADa.jpg?resize=350%2C200 1x, https:\/\/i0.wp.com\/www.24baires.com\/wp-content\/uploads\/2013\/02\/aula-vac%C3%ADa.jpg?resize=525%2C300 1.5x"},"classes":[]},{"id":101290,"url":"https:\/\/www.24baires.com\/?p=101290","url_meta":{"origin":4695,"position":5},"title":"Docentes bonaerenses parar\u00e1n el jueves 5 de abril","author":"AF","date":"26\/03\/2018","format":false,"excerpt":"Los gremios que componen el Frente de Unidad Docente (FUD) -Suteba, FEB, Udocba y Amet- parar\u00e1n el jueves 5 de abril, junto a los estatales de ATE, los m\u00e9dicos de Cicop y los judiciales de AJB. La medida ser\u00e1 anunciada ma\u00f1ana en conferencia de prensa por representantes de todos los\u2026","rel":"","context":"En \u00abSociedad\u00bb","block_context":{"text":"Sociedad","link":"https:\/\/www.24baires.com\/?cat=1"},"img":{"alt_text":"","src":"https:\/\/i0.wp.com\/www.24baires.com\/wp-content\/uploads\/2017\/11\/docentes.jpg?resize=350%2C200","width":350,"height":200,"srcset":"https:\/\/i0.wp.com\/www.24baires.com\/wp-content\/uploads\/2017\/11\/docentes.jpg?resize=350%2C200 1x, https:\/\/i0.wp.com\/www.24baires.com\/wp-content\/uploads\/2017\/11\/docentes.jpg?resize=525%2C300 1.5x"},"classes":[]}],"jetpack_sharing_enabled":true,"jetpack_likes_enabled":true,"_links":{"self":[{"href":"https:\/\/www.24baires.com\/index.php?rest_route=\/wp\/v2\/posts\/4695","targetHints":{"allow":["GET"]}}],"collection":[{"href":"https:\/\/www.24baires.com\/index.php?rest_route=\/wp\/v2\/posts"}],"about":[{"href":"https:\/\/www.24baires.com\/index.php?rest_route=\/wp\/v2\/types\/post"}],"author":[{"embeddable":true,"href":"https:\/\/www.24baires.com\/index.php?rest_route=\/wp\/v2\/users\/4"}],"replies":[{"embeddable":true,"href":"https:\/\/www.24baires.com\/index.php?rest_route=%2Fwp%2Fv2%2Fcomments&post=4695"}],"version-history":[{"count":3,"href":"https:\/\/www.24baires.com\/index.php?rest_route=\/wp\/v2\/posts\/4695\/revisions"}],"predecessor-version":[{"id":4781,"href":"https:\/\/www.24baires.com\/index.php?rest_route=\/wp\/v2\/posts\/4695\/revisions\/4781"}],"wp:attachment":[{"href":"https:\/\/www.24baires.com\/index.php?rest_route=%2Fwp%2Fv2%2Fmedia&parent=4695"}],"wp:term":[{"taxonomy":"category","embeddable":true,"href":"https:\/\/www.24baires.com\/index.php?rest_route=%2Fwp%2Fv2%2Fcategories&post=4695"},{"taxonomy":"post_tag","embeddable":true,"href":"https:\/\/www.24baires.com\/index.php?rest_route=%2Fwp%2Fv2%2Ftags&post=4695"}],"curies":[{"name":"wp","href":"https:\/\/api.w.org\/{rel}","templated":true}]}}